{"id":5393,"date":"2022-12-02T16:20:18","date_gmt":"2022-12-02T16:20:18","guid":{"rendered":"https:\/\/sinasefesm.com\/?p=5393"},"modified":"2022-12-02T16:20:18","modified_gmt":"2022-12-02T16:20:18","slug":"comissao-de-articulacao-e-negociacao-e-definida-no-ultimo-dia-do-14-escime","status":"publish","type":"post","link":"https:\/\/sinasefesm.com\/index.php\/2022\/12\/02\/comissao-de-articulacao-e-negociacao-e-definida-no-ultimo-dia-do-14-escime\/","title":{"rendered":"Comiss\u00e3o de Articula\u00e7\u00e3o e Negocia\u00e7\u00e3o \u00e9 definida no \u00faltimo dia do 14\u00b0 ESCIME"},"content":{"rendered":"\n<p>Depois de dois dias de relatos e debates na 14\u00b0 edi\u00e7\u00e3o do Encontro dos Servidores Civis das Institui\u00e7\u00f5es de Ensino vinculadas ao Minist\u00e9rio da Defesa (ESCIME), o evento, ocorrido em Fortaleza-CE, foi encerrado com a defini\u00e7\u00e3o dos encaminhamentos finais, no \u00faltimo domingo, 27 de novembro. Al\u00e9m disso, o terceiro dia do Encontro serviu para eleger os integrantes da Comiss\u00e3o de Articula\u00e7\u00e3o e Negocia\u00e7\u00e3o, que deve lutar por melhores condi\u00e7\u00f5es de trabalho e valoriza\u00e7\u00e3o salarial da categoria.<\/p>\n\n\n\n<p>Para a vota\u00e7\u00e3o dos representantes dessa comiss\u00e3o, foram escolhidos tr\u00eas servidores civis de cada for\u00e7a armada (Ex\u00e9rcito, Marinha e Aeron\u00e1utica), mais um suplente de cada esfera, a partir de crit\u00e9rios de respeito \u00e0 paridade de g\u00eanero. Enquanto a elei\u00e7\u00e3o dos trabalhadores da Marinha e Aeron\u00e1utica se deu por consenso, na decis\u00e3o dos nomes do Ex\u00e9rcito era poss\u00edvel votar em at\u00e9 tr\u00eas candidatos, dentre os seis dispon\u00edveis para as quatro vagas.<\/p>\n\n\n\n<figure class=\"wp-block-image\"><img decoding=\"async\" src=\"https:\/\/lh6.googleusercontent.com\/ZfwQRqns86Kos-uuT76dDBBZsfpJ6yW7121FhIr3kHcGr2rkIL4OK4AmcQiWERgpP3CHYlbENCwEnWjRW5pe2441mtqQClsWQrqU0U000ke8gbtc3DOjG7i-AkrncP19h0vQnaPU8p2G9lr-FlxySw5Kr4LL3ea9IsXtjK7DZEom8lIOEcMSBCdnkdk_ow\" alt=\"\"\/><\/figure>\n\n\n\n<p>Ao todo, 12 integrantes foram escolhidos. Confira os nomes abaixo:&nbsp;<\/p>\n\n\n\n<p class=\"has-medium-font-size\"><strong>Servidores Civis da For\u00e7a A\u00e9reas<\/strong><\/p>\n\n\n\n<p>Ariovan da Silva Martins (Se\u00e7\u00e3o Barbacena, trabalhador da Escola Preparat\u00f3ria de Cadetes do Ar) \u2013 TITULAR<\/p>\n\n\n\n<p>Emiliana da Consola\u00e7\u00e3o Ladeira (Se\u00e7\u00e3o Barbacena, trabalhadora aposentada da Escola Preparat\u00f3ria de Cadetes do Ar) \u2013 SUPLENTE<\/p>\n\n\n\n<p>Isabel Cristina Lopes da Silva (Se\u00e7\u00e3o IFPA, CTRB e Ciaba, trabalhadora aposentada do Col\u00e9gio Tenente Rego Barros) \u2013 TITULAR<\/p>\n\n\n\n<p>Luiz Otavio Monteiro Barroso (Se\u00e7\u00e3o sindical IFPA, CTRB, Ciaba, trabalhador do Col\u00e9gio Tenente Rego Barros) \u2013 TITULAR<\/p>\n\n\n\n<p class=\"has-medium-font-size\"><strong>Servidores Civis da Marinha<\/strong><\/p>\n\n\n\n<p>Antonio Luiz Santana (Se\u00e7\u00e3o Sinasefe Ifes, trabalhador da Escola de Aprendizes Marinheiros do Esp\u00edrito Santo) \u2013 TITULAR<\/p>\n\n\n\n<p>Ana Paula de Oliveira Pires (Se\u00e7\u00e3o Sinasefe IFSC, trabalhadora da Escola de Aprendizes Marinheiros de Santa Catarina) \u2013 TITULAR<\/p>\n\n\n\n<p>Gizella Menezes Rodriges (Se\u00e7\u00e3o CMR-EAMPE, trabalhadora da Escola de Aprendizes Marinheiros de Pernambuco) \u2013 SUPLENTE<\/p>\n\n\n\n<p>Rosa Santos (Se\u00e7\u00e3o CMRJ, trabalhadora do Col\u00e9gio Naval) \u2013 TITULAR<\/p>\n\n\n\n<p class=\"has-medium-font-size\"><strong>Servidores Civis do Ex\u00e9rcito<\/strong><\/p>\n\n\n\n<p>Fl\u00e1vio dos Santos Barbosa (Se\u00e7\u00e3o Sinasefe CMR-EAMPE, trabalhador do Col\u00e9gio Militar de Recife) \u2013 TITULAR<\/p>\n\n\n\n<p>Cristina Kaszuba de Freitas (Se\u00e7\u00e3o Aprofcmpa, trabalhadora do Col\u00e9gio Militar de Porto Alegre) \u2013 TITULAR<\/p>\n\n\n\n<p>Juliene Kely Zanardi (Se\u00e7\u00e3o CMRJ, trabalhadora do Col\u00e9gio Militar do Rio de Janeiro) \u2013 SUPLENTE<\/p>\n\n\n\n<p>Karla Sim\u00f5es de Andrade Lima Bertotti (Se\u00e7\u00e3o Sinasefe CMR-EAMPE, trabalhadora do Col\u00e9gio Militar de Recife) \u2013 TITULAR<\/p>\n\n\n\n<p class=\"has-large-font-size\"><strong>Encaminhamentos<\/strong><\/p>\n\n\n\n<p>Durante o domingo, os participantes do ESCIME tamb\u00e9m discutiram e aprovaram uma s\u00e9rie de encaminhamentos, que devem ser apresentados na pr\u00f3xima Plen\u00e1ria do Sinasefe. Dentre as delibera\u00e7\u00f5es j\u00e1 anunciadas, h\u00e1 a divulga\u00e7\u00e3o do local da 15\u00b0 edi\u00e7\u00e3o do ESCIME: Vit\u00f3ria, no Esp\u00edrito Santo, durante novembro de 2023.<\/p>\n\n\n\n<p>Outra defini\u00e7\u00e3o do evento diz respeito a uma mo\u00e7\u00e3o de apoio e solidariedade ao servidor p\u00fablico do Col\u00e9gio Militar do Rio de Janeiro (CMRJ), Marcelo Assun\u00e7\u00e3o, acusado de \u2018\u2019falta de lealdade\u2019\u2019 por denunciar em suas redes sociais uma encena\u00e7\u00e3o de sauda\u00e7\u00e3o nazista, que foi reproduzida por homens com uniformes militares, na presen\u00e7a de menores de idade.<\/p>\n\n\n\n<p>Somado a tais encaminhamentos, a professora do Col\u00e9gio Militar de Santa Maria (CMSM), Deise Mack, que participou do 14\u00b0 ESCIME, conta que se discutiu muito sobre a import\u00e2ncia de uma boa articula\u00e7\u00e3o entre a base do sindicato, para que o coletivo se mantenha unido. A docente relembra que individualmente n\u00e3o \u00e9 poss\u00edvel conquistar direitos, mas, por meio dos sindicatos, as vozes de cada integrante do Sinasefe podem ser ouvidas. E, para ela, o 14\u00b0 ESCIME colaborou com essa uni\u00e3o: <em>\u2018\u2019Foi um evento muito bom e bem organizado, a gente saiu de l\u00e1 com a esperan\u00e7a renovada, por poder ter conseguido dialogar\u2019\u2019, <\/em>relata Deise.<\/p>\n\n\n\n<p>Tamb\u00e9m foram \u00e0 capital cearense representando o Sinasefe de Santa Maria o Coordenador Geral, Milton Ferrari, e a Secret\u00e1ria de Assuntos Legislativos e Jur\u00eddicos, Adriana Bonum\u00e1. Ao todo, o evento contou com a presen\u00e7a de 74 pessoas, dentre estas, as Coordenadoras Gerais do Sinasefe Nacional, Elenira Vilela e Artemis Martins.<\/p>\n\n\n\n<figure class=\"wp-block-image is-resized\"><img fetchpriority=\"high\" decoding=\"async\" src=\"https:\/\/lh5.googleusercontent.com\/PNTZfGw7kGAH8YJSwWomYwUjOSylaN1tSrhq-G44TtO6xUKlDQc9nXV9JVk9MaKr0C3rpYPvzjwW3t4BXmJy9QIgAjT01WgTxv6Xn_bV-O9wQiiosrGnQcKJN7GlPZxu7hXN3OdM2PdIEHgwSxeMRFNYsAHSd397LiJ9I53c6sjiYgVhWmd280WuPdxZvg\" alt=\"\" width=\"1052\" height=\"788\"\/><\/figure>\n\n\n\n<hr class=\"wp-block-separator has-alpha-channel-opacity\"\/>\n\n\n\n<p><em>Texto: Laurent Keller<\/em><\/p>\n\n\n\n<p><em>Edi\u00e7\u00e3o: Bruna Homrich<\/em><\/p>\n","protected":false},"excerpt":{"rendered":"<p>Depois de dois dias de relatos e debates na 14\u00b0 edi\u00e7\u00e3o do Encontro dos Servidores Civis das Institui\u00e7\u00f5es de Ensino vinculadas ao Minist\u00e9rio da Defesa (ESCIME), o evento, ocorrido em Fortaleza-CE, foi encerrado com a defini\u00e7\u00e3o dos encaminhamentos finais, no \u00faltimo domingo, 27 de novembro. Al\u00e9m disso, o terceiro dia do Encontro serviu para eleger<\/p>\n","protected":false},"author":5,"featured_media":5399,"comment_status":"closed","ping_status":"closed","sticky":false,"template":"","format":"standard","meta":{"footnotes":""},"categories":[39],"tags":[83,126],"class_list":{"0":"post-5393","1":"post","2":"type-post","3":"status-publish","4":"format-standard","5":"has-post-thumbnail","7":"category-eventos","8":"tag-colegio-militar","9":"tag-escime"},"_links":{"self":[{"href":"https:\/\/sinasefesm.com\/index.php\/wp-json\/wp\/v2\/posts\/5393","targetHints":{"allow":["GET"]}}],"collection":[{"href":"https:\/\/sinasefesm.com\/index.php\/wp-json\/wp\/v2\/posts"}],"about":[{"href":"https:\/\/sinasefesm.com\/index.php\/wp-json\/wp\/v2\/types\/post"}],"author":[{"embeddable":true,"href":"https:\/\/sinasefesm.com\/index.php\/wp-json\/wp\/v2\/users\/5"}],"replies":[{"embeddable":true,"href":"https:\/\/sinasefesm.com\/index.php\/wp-json\/wp\/v2\/comments?post=5393"}],"version-history":[{"count":0,"href":"https:\/\/sinasefesm.com\/index.php\/wp-json\/wp\/v2\/posts\/5393\/revisions"}],"wp:featuredmedia":[{"embeddable":true,"href":"https:\/\/sinasefesm.com\/index.php\/wp-json\/wp\/v2\/media\/5399"}],"wp:attachment":[{"href":"https:\/\/sinasefesm.com\/index.php\/wp-json\/wp\/v2\/media?parent=5393"}],"wp:term":[{"taxonomy":"category","embeddable":true,"href":"https:\/\/sinasefesm.com\/index.php\/wp-json\/wp\/v2\/categories?post=5393"},{"taxonomy":"post_tag","embeddable":true,"href":"https:\/\/sinasefesm.com\/index.php\/wp-json\/wp\/v2\/tags?post=5393"}],"curies":[{"name":"wp","href":"https:\/\/api.w.org\/{rel}","templated":true}]}}