{"id":5412,"date":"2022-12-12T12:35:43","date_gmt":"2022-12-12T12:35:43","guid":{"rendered":"https:\/\/sinasefesm.com\/?p=5412"},"modified":"2022-12-12T12:35:43","modified_gmt":"2022-12-12T12:35:43","slug":"em-reuniao-no-politecnico-sindicato-orienta-categoria-sobre-cota-parte-do-auxilio-pre-escolar","status":"publish","type":"post","link":"https:\/\/sinasefesm.com\/index.php\/2022\/12\/12\/em-reuniao-no-politecnico-sindicato-orienta-categoria-sobre-cota-parte-do-auxilio-pre-escolar\/","title":{"rendered":"Em reuni\u00e3o no Polit\u00e9cnico, sindicato orienta categoria sobre cota parte do aux\u00edlio pr\u00e9-escolar"},"content":{"rendered":"\n<p>Mais de duas dezenas de professores e t\u00e9cnico-administrativos em educa\u00e7\u00e3o reuniram-se na \u00faltima ter\u00e7a-feira, 6 de dezembro, no Col\u00e9gio Polit\u00e9cnico, para serem esclarecidos acerca do mais recente acordo judicial conquistado pelo Sinasefe Santa Maria em favor de sua base. Na ocasi\u00e3o, o assessor jur\u00eddico do sindicato, Heverton Padilha, junto a membros da diretoria, explicaram como as e os beneficiados podem requerer o direito.<\/p>\n\n\n\n<p>Docentes e t\u00e9cnico-administrativos ativos, aposentados e pensionistas de servidores da base que tenham recebido aux\u00edlio pr\u00e9-escolar no per\u00edodo de 2015 at\u00e9 o presente momento s\u00e3o os beneficiados com essa vit\u00f3ria, que interromper\u00e1 a cobran\u00e7a indevida de custeio parcial sobre o aux\u00edlio pr\u00e9-escolar e ressarcir\u00e1 as e os servidores cobrados indevidamente durante este per\u00edodo.<\/p>\n\n\n<div class=\"wp-block-image is-style-default\">\n<figure class=\"aligncenter size-full is-resized\"><img fetchpriority=\"high\" decoding=\"async\" src=\"https:\/\/sinasefesm.com\/wp-content\/uploads\/2022\/12\/WhatsApp-Image-2022-12-07-at-10.00.01.jpeg\" alt=\"\" class=\"wp-image-5418\" width=\"554\" height=\"480\"\/><figcaption>Cl\u00e1udio Kelling, tesoureiro geral do Sinasefe, fala \u00e0 base sobre acordo judicial <\/figcaption><\/figure><\/div>\n\n\n<p>Para requererem o direito, as e os servidores devem apresentar os seguintes documentos:<\/p>\n\n\n\n<ul class=\"wp-block-list\"><li>Procura\u00e7\u00e3o (em anexo ao final desta p\u00e1gina)<\/li><li>Declara\u00e7\u00e3o de Hipossufici\u00eancia (em anexo ao final desta p\u00e1gina)<\/li><li>C\u00f3pia dos documentos pessoais (RG e CPF)<\/li><li>Comprovante de resid\u00eancia<\/li><li>Contracheque atual<\/li><\/ul>\n\n\n\n<p>Tais documentos devem ser enviados para\u00a0<a href=\"mailto:secretaria@wagner.adv.br\">secretaria@wagner.adv.br<\/a>\u00a0ou para o endere\u00e7o Rua Alberto Pasqualini, n\u00ba 70, 13\u00ba andar, Santa Maria\/RS, CEP 907015-10. Para d\u00favidas ou mesmo para consultar se seu nome est\u00e1 na lista das e dos benefici\u00e1rios, pode-se contatar o escrit\u00f3rio ou a se\u00e7\u00e3o sindical nos telefones: WhatsApp (61) 3226-6937; Celular (55) 981050063; ou Telefone (55) 3026-3206.<\/p>\n\n\n\n<p>Filiadas e filiados ao Sinasefe pagar\u00e3o honor\u00e1rios advocat\u00edcios de 12% sobre o valor do benef\u00edcio econ\u00f4mico obtido (total bruto dos atrasados ou total bruto do que deixar de pagar, com juros e corre\u00e7\u00e3o monet\u00e1ria), mais 12% sobre as 12 primeiras parcelas do benef\u00edcio bruto mensal que obtiver, seja recebimento de valores ou valores que deixarem de ser descontados, corrigidos monetariamente, por qualquer decis\u00e3o judicial ou administrativa obtida. Para quem n\u00e3o for filiado, tais porcentagens sobem para 20%.<\/p>\n\n\n\n<h2 class=\"wp-block-heading\">Confira, abaixo, os documentos necess\u00e1rios:<\/h2>\n\n\n\n<div data-wp-interactive=\"core\/file\" class=\"wp-block-file\"><object data-wp-bind--hidden=\"!state.hasPdfPreview\" hidden class=\"wp-block-file__embed\" data=\"https:\/\/sinasefesm.com\/wp-content\/uploads\/2022\/12\/Declaracao-AJG.pdf\" type=\"application\/pdf\" style=\"width:100%;height:600px\" aria-label=\"Incorporado de Incorporado de Declaracao-AJG..\"><\/object><a id=\"wp-block-file--media-7c629de0-9253-435e-9f12-6ad39c210409\" href=\"https:\/\/sinasefesm.com\/wp-content\/uploads\/2022\/12\/Declaracao-AJG.pdf\">Declaracao-AJG<\/a><a href=\"https:\/\/sinasefesm.com\/wp-content\/uploads\/2022\/12\/Declaracao-AJG.pdf\" class=\"wp-block-file__button\" download aria-describedby=\"wp-block-file--media-7c629de0-9253-435e-9f12-6ad39c210409\">Baixar<\/a><\/div>\n\n\n\n<div data-wp-interactive=\"core\/file\" class=\"wp-block-file\"><object data-wp-bind--hidden=\"!state.hasPdfPreview\" hidden class=\"wp-block-file__embed\" data=\"https:\/\/sinasefesm.com\/wp-content\/uploads\/2022\/12\/Proc_custeio_indevido_auxcreche.pdf\" type=\"application\/pdf\" style=\"width:100%;height:600px\" aria-label=\"Incorporado de Incorporado de Proc_custeio_indevido_auxcreche..\"><\/object><a id=\"wp-block-file--media-89aa4b69-230a-4926-b75f-4673ec012cfa\" href=\"https:\/\/sinasefesm.com\/wp-content\/uploads\/2022\/12\/Proc_custeio_indevido_auxcreche.pdf\">Proc_custeio_indevido_auxcreche<\/a><a href=\"https:\/\/sinasefesm.com\/wp-content\/uploads\/2022\/12\/Proc_custeio_indevido_auxcreche.pdf\" class=\"wp-block-file__button\" download aria-describedby=\"wp-block-file--media-89aa4b69-230a-4926-b75f-4673ec012cfa\">Baixar<\/a><\/div>\n","protected":false},"excerpt":{"rendered":"<p>Mais de duas dezenas de professores e t\u00e9cnico-administrativos em educa\u00e7\u00e3o reuniram-se na \u00faltima ter\u00e7a-feira, 6 de dezembro, no Col\u00e9gio Polit\u00e9cnico, para serem esclarecidos acerca do mais recente acordo judicial conquistado pelo Sinasefe Santa Maria em favor de sua base. Na ocasi\u00e3o, o assessor jur\u00eddico do sindicato, Heverton Padilha, junto a membros da diretoria, explicaram como<\/p>\n","protected":false},"author":3,"featured_media":5416,"comment_status":"closed","ping_status":"closed","sticky":false,"template":"","format":"standard","meta":{"footnotes":""},"categories":[42,45],"tags":[],"class_list":{"0":"post-5412","1":"post","2":"type-post","3":"status-publish","4":"format-standard","5":"has-post-thumbnail","7":"category-noticia","8":"category-sindicato"},"_links":{"self":[{"href":"https:\/\/sinasefesm.com\/index.php\/wp-json\/wp\/v2\/posts\/5412","targetHints":{"allow":["GET"]}}],"collection":[{"href":"https:\/\/sinasefesm.com\/index.php\/wp-json\/wp\/v2\/posts"}],"about":[{"href":"https:\/\/sinasefesm.com\/index.php\/wp-json\/wp\/v2\/types\/post"}],"author":[{"embeddable":true,"href":"https:\/\/sinasefesm.com\/index.php\/wp-json\/wp\/v2\/users\/3"}],"replies":[{"embeddable":true,"href":"https:\/\/sinasefesm.com\/index.php\/wp-json\/wp\/v2\/comments?post=5412"}],"version-history":[{"count":0,"href":"https:\/\/sinasefesm.com\/index.php\/wp-json\/wp\/v2\/posts\/5412\/revisions"}],"wp:featuredmedia":[{"embeddable":true,"href":"https:\/\/sinasefesm.com\/index.php\/wp-json\/wp\/v2\/media\/5416"}],"wp:attachment":[{"href":"https:\/\/sinasefesm.com\/index.php\/wp-json\/wp\/v2\/media?parent=5412"}],"wp:term":[{"taxonomy":"category","embeddable":true,"href":"https:\/\/sinasefesm.com\/index.php\/wp-json\/wp\/v2\/categories?post=5412"},{"taxonomy":"post_tag","embeddable":true,"href":"https:\/\/sinasefesm.com\/index.php\/wp-json\/wp\/v2\/tags?post=5412"}],"curies":[{"name":"wp","href":"https:\/\/api.w.org\/{rel}","templated":true}]}}