{"id":5424,"date":"2022-12-13T21:35:41","date_gmt":"2022-12-13T21:35:41","guid":{"rendered":"https:\/\/sinasefesm.com\/?p=5424"},"modified":"2022-12-13T21:35:41","modified_gmt":"2022-12-13T21:35:41","slug":"sinasefe-realiza-ultimo-plantao-juridico-de-2022-nesta-sexta-feira","status":"publish","type":"post","link":"https:\/\/sinasefesm.com\/index.php\/2022\/12\/13\/sinasefe-realiza-ultimo-plantao-juridico-de-2022-nesta-sexta-feira\/","title":{"rendered":"Sinasefe realiza \u00faltimo plant\u00e3o jur\u00eddico de 2022 nesta sexta-feira"},"content":{"rendered":"\n<p>Nesta sexta-feira<strong>, <\/strong>16 de dezembro, ocorrer\u00e1 o \u00faltimo plant\u00e3o jur\u00eddico do Sinasefe em 2022, em parceria com os assessores do escrit\u00f3rio Wagner Advogados. Os atendimentos ser\u00e3o realizados das 14 \u00e0s 17 horas, por meio de agendamento pr\u00e9vio, atrav\u00e9s do e-mail <a href=\"mailto:sinasefesm@gmail.com\">sinasefesm@gmail.com<\/a>.&nbsp;<\/p>\n\n\n\n<p>A reuni\u00e3o com o assessor jur\u00eddico pode ser feita de modo virtual, via <em>WhatsApp<\/em> ou <em>Google Meet<\/em>, ou na sede do sindicato, localizada na Avenida Rio Branco, 601, sala 02. A decis\u00e3o fica por conta da prefer\u00eancia do sindicalizado(a).<\/p>\n\n\n\n<p>Ap\u00f3s este plant\u00e3o, o escrit\u00f3rio entrar\u00e1 em f\u00e9rias, com retorno dos plant\u00f5es em mar\u00e7o de 2023. Contudo, caso algum filiado(a) necessite de atendimento urgente durante os meses de janeiro e fevereiro, ser\u00e1 poss\u00edvel contatar os advogados nos seguintes meios:&nbsp;<\/p>\n\n\n\n<ul class=\"wp-block-list\"><li>telefones (55) 3026 3206 e (55) 98105 0063<\/li><li>chat 613226 6937<\/li><li>e-mails <a href=\"mailto:secretaria@wagner.adv.br\">secretaria@wagner.adv.br<\/a>, <a href=\"mailto:telefonia@wagner.adv.br\">telefonia@wagner.adv.br<\/a> e <a href=\"mailto:heverton@wagner.adv.br\">heverton@wagner.adv.br<\/a>&nbsp;<\/li><\/ul>\n\n\n\n<hr class=\"wp-block-separator has-alpha-channel-opacity\"\/>\n\n\n\n<p><em>Texto: Laurent Keller<\/em><\/p>\n\n\n\n<p><em>Imagem: Bruno Pitaguary<\/em><\/p>\n\n\n\n<p><em>Edi\u00e7\u00e3o: Bruna Homrich<\/em><\/p>\n","protected":false},"excerpt":{"rendered":"<p>Nesta sexta-feira, 16 de dezembro, ocorrer\u00e1 o \u00faltimo plant\u00e3o jur\u00eddico do Sinasefe em 2022, em parceria com os assessores do escrit\u00f3rio Wagner Advogados. Os atendimentos ser\u00e3o realizados das 14 \u00e0s 17 horas, por meio de agendamento pr\u00e9vio, atrav\u00e9s do e-mail sinasefesm@gmail.com.&nbsp; A reuni\u00e3o com o assessor jur\u00eddico pode ser feita de modo virtual, via WhatsApp<\/p>\n","protected":false},"author":5,"featured_media":5425,"comment_status":"closed","ping_status":"closed","sticky":false,"template":"","format":"standard","meta":{"footnotes":""},"categories":[39],"tags":[186],"class_list":{"0":"post-5424","1":"post","2":"type-post","3":"status-publish","4":"format-standard","5":"has-post-thumbnail","7":"category-eventos","8":"tag-plantao-juridico"},"_links":{"self":[{"href":"https:\/\/sinasefesm.com\/index.php\/wp-json\/wp\/v2\/posts\/5424","targetHints":{"allow":["GET"]}}],"collection":[{"href":"https:\/\/sinasefesm.com\/index.php\/wp-json\/wp\/v2\/posts"}],"about":[{"href":"https:\/\/sinasefesm.com\/index.php\/wp-json\/wp\/v2\/types\/post"}],"author":[{"embeddable":true,"href":"https:\/\/sinasefesm.com\/index.php\/wp-json\/wp\/v2\/users\/5"}],"replies":[{"embeddable":true,"href":"https:\/\/sinasefesm.com\/index.php\/wp-json\/wp\/v2\/comments?post=5424"}],"version-history":[{"count":0,"href":"https:\/\/sinasefesm.com\/index.php\/wp-json\/wp\/v2\/posts\/5424\/revisions"}],"wp:featuredmedia":[{"embeddable":true,"href":"https:\/\/sinasefesm.com\/index.php\/wp-json\/wp\/v2\/media\/5425"}],"wp:attachment":[{"href":"https:\/\/sinasefesm.com\/index.php\/wp-json\/wp\/v2\/media?parent=5424"}],"wp:term":[{"taxonomy":"category","embeddable":true,"href":"https:\/\/sinasefesm.com\/index.php\/wp-json\/wp\/v2\/categories?post=5424"},{"taxonomy":"post_tag","embeddable":true,"href":"https:\/\/sinasefesm.com\/index.php\/wp-json\/wp\/v2\/tags?post=5424"}],"curies":[{"name":"wp","href":"https:\/\/api.w.org\/{rel}","templated":true}]}}