{"id":5427,"date":"2022-12-16T18:15:44","date_gmt":"2022-12-16T18:15:44","guid":{"rendered":"https:\/\/sinasefesm.com\/?p=5427"},"modified":"2022-12-16T18:15:44","modified_gmt":"2022-12-16T18:15:44","slug":"sinasefe-santa-maria-entra-em-recesso-no-dia-20-de-dezembro","status":"publish","type":"post","link":"https:\/\/sinasefesm.com\/index.php\/2022\/12\/16\/sinasefe-santa-maria-entra-em-recesso-no-dia-20-de-dezembro\/","title":{"rendered":"Sinasefe Santa Maria entra em recesso no dia 20 de dezembro"},"content":{"rendered":"\n<p>A partir da pr\u00f3xima ter\u00e7a-feira, 20 de dezembro, a se\u00e7\u00e3o sindical de Santa Maria entrar\u00e1 no seu recesso de fim de ano, que se estende at\u00e9 o dia dois de janeiro de 2023.<\/p>\n\n\n\n<p>Ap\u00f3s o per\u00edodo, o hor\u00e1rio de funcionamento volta ao normal.&nbsp;<\/p>\n\n\n\n<p>Siga acompanhando o sindicato no site e nas redes sociais, para receber atualiza\u00e7\u00f5es.&nbsp;<\/p>\n\n\n\n<hr class=\"wp-block-separator has-alpha-channel-opacity\"\/>\n\n\n\n<p><em>Texto: Laurent Keller<\/em><\/p>\n\n\n\n<p><em>Imagem: Bruno Pitaguary&nbsp;<\/em><\/p>\n\n\n\n<p><em>Edi\u00e7\u00e3o: Bruna Homrich<\/em><\/p>\n","protected":false},"excerpt":{"rendered":"<p>A partir da pr\u00f3xima ter\u00e7a-feira, 20 de dezembro, a se\u00e7\u00e3o sindical de Santa Maria entrar\u00e1 no seu recesso de fim de ano, que se estende at\u00e9 o dia dois de janeiro de 2023. Ap\u00f3s o per\u00edodo, o hor\u00e1rio de funcionamento volta ao normal.&nbsp; Siga acompanhando o sindicato no site e nas redes sociais, para receber<\/p>\n","protected":false},"author":5,"featured_media":5428,"comment_status":"closed","ping_status":"closed","sticky":false,"template":"","format":"standard","meta":{"footnotes":""},"categories":[45],"tags":[202],"class_list":{"0":"post-5427","1":"post","2":"type-post","3":"status-publish","4":"format-standard","5":"has-post-thumbnail","7":"category-sindicato","8":"tag-recesso"},"_links":{"self":[{"href":"https:\/\/sinasefesm.com\/index.php\/wp-json\/wp\/v2\/posts\/5427","targetHints":{"allow":["GET"]}}],"collection":[{"href":"https:\/\/sinasefesm.com\/index.php\/wp-json\/wp\/v2\/posts"}],"about":[{"href":"https:\/\/sinasefesm.com\/index.php\/wp-json\/wp\/v2\/types\/post"}],"author":[{"embeddable":true,"href":"https:\/\/sinasefesm.com\/index.php\/wp-json\/wp\/v2\/users\/5"}],"replies":[{"embeddable":true,"href":"https:\/\/sinasefesm.com\/index.php\/wp-json\/wp\/v2\/comments?post=5427"}],"version-history":[{"count":0,"href":"https:\/\/sinasefesm.com\/index.php\/wp-json\/wp\/v2\/posts\/5427\/revisions"}],"wp:featuredmedia":[{"embeddable":true,"href":"https:\/\/sinasefesm.com\/index.php\/wp-json\/wp\/v2\/media\/5428"}],"wp:attachment":[{"href":"https:\/\/sinasefesm.com\/index.php\/wp-json\/wp\/v2\/media?parent=5427"}],"wp:term":[{"taxonomy":"category","embeddable":true,"href":"https:\/\/sinasefesm.com\/index.php\/wp-json\/wp\/v2\/categories?post=5427"},{"taxonomy":"post_tag","embeddable":true,"href":"https:\/\/sinasefesm.com\/index.php\/wp-json\/wp\/v2\/tags?post=5427"}],"curies":[{"name":"wp","href":"https:\/\/api.w.org\/{rel}","templated":true}]}}