{"id":5430,"date":"2022-12-16T22:33:47","date_gmt":"2022-12-16T22:33:47","guid":{"rendered":"https:\/\/sinasefesm.com\/?p=5430"},"modified":"2022-12-16T22:33:47","modified_gmt":"2022-12-16T22:33:47","slug":"em-audiencia-publica-sinasefe-reforca-necessidade-de-revogar-a-emenda-constitucional-95-16","status":"publish","type":"post","link":"https:\/\/sinasefesm.com\/index.php\/2022\/12\/16\/em-audiencia-publica-sinasefe-reforca-necessidade-de-revogar-a-emenda-constitucional-95-16\/","title":{"rendered":"Em audi\u00eancia p\u00fablica, Sinasefe refor\u00e7a necessidade de revogar a Emenda Constitucional 95\/16"},"content":{"rendered":"\n<p>Representado pela Coordenadora Geral do sindicato, Elenira Vilela, o Sinasefe participou, no dia oito de dezembro, de uma <a href=\"https:\/\/sinasefe.org.br\/site\/cortes-orcamentarios-sinasefe-reforca-necessidade-de-revogar-a-ec-95-16\/\">audi\u00eancia p\u00fablica<\/a> a respeito dos recursos das institui\u00e7\u00f5es federais de ensino superior. O evento, de car\u00e1ter h\u00edbrido, ocorreu na Comiss\u00e3o de Trabalho de Administra\u00e7\u00e3o e Servi\u00e7o P\u00fablico (CTASP) da C\u00e2mara dos Deputados.&nbsp;<\/p>\n\n\n\n<p>Dentre as pautas destacadas por Elenira durante o encontro, foi refor\u00e7ada a den\u00fancia contra a Emenda Constitucional (EC) 95\/2016, medida que congelou os investimentos p\u00fablicos por 20 anos, impedindo que sejam feitos investimentos em pol\u00edticas sociais, como nas \u00e1reas da educa\u00e7\u00e3o, sa\u00fade, seguran\u00e7a e previd\u00eancia social. A \u00fanica altera\u00e7\u00e3o permitida pela EC est\u00e1 relacionada ao teto de gastos, que pode ser reajustado de acordo com a infla\u00e7\u00e3o acumulada, medida pelo \u00cdndice de Pre\u00e7os ao Consumidor Amplo (IPCA).&nbsp;<\/p>\n\n\n\n<p>A Coordenadora ainda reitera: <em>\u2018\u2019o problema n\u00e3o \u00e9 falta de dinheiro, mas sim que existe uma lei que diz que o dinheiro n\u00e3o pode ser usado para o povo, ele s\u00f3 pode ser entregue para banqueiros. Precisamos dizer com todas as letras: o Brasil n\u00e3o est\u00e1 quebrado. O Brasil tem quase 5 trilh\u00f5es de reais em caixa.\u201d<\/em><\/p>\n\n\n\n<p>Somada a essa pauta, Elenira tamb\u00e9m apresentou dados sobre infla\u00e7\u00e3o, arrecada\u00e7\u00e3o e o or\u00e7amento do pa\u00eds, retirados da Auditoria Cidad\u00e3 da D\u00edvida; criticou a militariza\u00e7\u00e3o de escolas; comentou acerca da quantidade reduzida e desproporcional de servidores(as) p\u00fablicos(as) no Brasil; e refor\u00e7ou sua solidariedade \u00e0 vereadora Carla Ayres (PT-SC), que foi <a href=\"https:\/\/sinasefe.org.br\/site\/solidariedadecarlaayres\/\">assediada durante sess\u00e3o na C\u00e2mara de Florian\u00f3polis-SC<\/a>, pelo vereador bolsonarista Marquinhos (PSC-SC).<\/p>\n\n\n\n<p>Al\u00e9m do Sinasefe, estavam presentes na audi\u00eancia p\u00fablica representantes da Federa\u00e7\u00e3o de Sindicatos de Trabalhadores T\u00e9cnico Administrativos em Institui\u00e7\u00f5es de Ensino Superior P\u00fablicas do Brasil (Fasubra), da Uni\u00e3o Nacional dos Estudantes (UNE), da Associa\u00e7\u00e3o Nacional de P\u00f3s-Graduandos (ANPG) e do F\u00f3rum Nacional dos Pr\u00f3-Reitores de Pesquisa e P\u00f3s-Gradua\u00e7\u00e3o (Foprop).<\/p>\n\n\n\n<hr class=\"wp-block-separator has-alpha-channel-opacity\"\/>\n\n\n\n<p><em>Texto: Laurent Keller<\/em><\/p>\n\n\n\n<p><em>Edi\u00e7\u00e3o: Bruna Homrich<\/em><\/p>\n","protected":false},"excerpt":{"rendered":"<p>Representado pela Coordenadora Geral do sindicato, Elenira Vilela, o Sinasefe participou, no dia oito de dezembro, de uma audi\u00eancia p\u00fablica a respeito dos recursos das institui\u00e7\u00f5es federais de ensino superior. O evento, de car\u00e1ter h\u00edbrido, ocorreu na Comiss\u00e3o de Trabalho de Administra\u00e7\u00e3o e Servi\u00e7o P\u00fablico (CTASP) da C\u00e2mara dos Deputados.&nbsp; Dentre as pautas destacadas por<\/p>\n","protected":false},"author":5,"featured_media":5431,"comment_status":"closed","ping_status":"closed","sticky":false,"template":"","format":"standard","meta":{"footnotes":""},"categories":[42],"tags":[62,114],"class_list":{"0":"post-5430","1":"post","2":"type-post","3":"status-publish","4":"format-standard","5":"has-post-thumbnail","7":"category-noticia","8":"tag-audiencia-publica","9":"tag-ec-95-16"},"_links":{"self":[{"href":"https:\/\/sinasefesm.com\/index.php\/wp-json\/wp\/v2\/posts\/5430","targetHints":{"allow":["GET"]}}],"collection":[{"href":"https:\/\/sinasefesm.com\/index.php\/wp-json\/wp\/v2\/posts"}],"about":[{"href":"https:\/\/sinasefesm.com\/index.php\/wp-json\/wp\/v2\/types\/post"}],"author":[{"embeddable":true,"href":"https:\/\/sinasefesm.com\/index.php\/wp-json\/wp\/v2\/users\/5"}],"replies":[{"embeddable":true,"href":"https:\/\/sinasefesm.com\/index.php\/wp-json\/wp\/v2\/comments?post=5430"}],"version-history":[{"count":0,"href":"https:\/\/sinasefesm.com\/index.php\/wp-json\/wp\/v2\/posts\/5430\/revisions"}],"wp:featuredmedia":[{"embeddable":true,"href":"https:\/\/sinasefesm.com\/index.php\/wp-json\/wp\/v2\/media\/5431"}],"wp:attachment":[{"href":"https:\/\/sinasefesm.com\/index.php\/wp-json\/wp\/v2\/media?parent=5430"}],"wp:term":[{"taxonomy":"category","embeddable":true,"href":"https:\/\/sinasefesm.com\/index.php\/wp-json\/wp\/v2\/categories?post=5430"},{"taxonomy":"post_tag","embeddable":true,"href":"https:\/\/sinasefesm.com\/index.php\/wp-json\/wp\/v2\/tags?post=5430"}],"curies":[{"name":"wp","href":"https:\/\/api.w.org\/{rel}","templated":true}]}}