{"id":5466,"date":"2022-12-23T14:49:47","date_gmt":"2022-12-23T14:49:47","guid":{"rendered":"https:\/\/sinasefesm.com\/?p=5466"},"modified":"2022-12-23T14:49:47","modified_gmt":"2022-12-23T14:49:47","slug":"colegios-da-ufsm-definem-calendario-em-janeiro","status":"publish","type":"post","link":"https:\/\/sinasefesm.com\/index.php\/2022\/12\/23\/colegios-da-ufsm-definem-calendario-em-janeiro\/","title":{"rendered":"Col\u00e9gios da UFSM definem calend\u00e1rio em janeiro"},"content":{"rendered":"\n<p>Polit\u00e9cnico e CTISM devem definir, no pr\u00f3ximo m\u00eas de janeiro, seus calend\u00e1rios letivos para o ano de 2023. A ideia \u00e9 que sejam o mais pr\u00f3ximos poss\u00edveis do calend\u00e1rio aprovado para a UFSM em reuni\u00e3o do Conselho de Ensino, Pesquisa e Extens\u00e3o (CEPE) no dia 15 de dezembro. <\/p>\n\n\n\n<p>Segundo o professor Moacir Bolzan, vice-diretor do Col\u00e9gio Polit\u00e9cnico da UFSM, os cursos t\u00e9cnicos oferecidos pelo col\u00e9gio seguir\u00e3o o calend\u00e1rio j\u00e1 aprovado no CEPE.<\/p>\n\n\n\n<p>\u201cO ensino m\u00e9dio est\u00e1 elaborando uma proposta para antecipar o in\u00edcio das aulas para o come\u00e7o de mar\u00e7o. Mas ainda n\u00e3o definiu a data. Ambos os calend\u00e1rios precisar\u00e3o ser ratificados pelo Conselho Diretor\u201d, garantiu o docente.<\/p>\n\n\n\n<p>J\u00e1 Deivis Jhones Garlet, do Departamento de Ensino do Col\u00e9gio T\u00e9cnico Industrial (CTISM), informou que o calend\u00e1rio da unidade dever\u00e1 ficar pronto at\u00e9 a segunda semana de janeiro de 2023. Assim como no Poli, l\u00e1 tamb\u00e9m ser\u00e1 necess\u00e1ria a aprova\u00e7\u00e3o junto ao Conselho Diretor.<\/p>\n\n\n\n<h2 class=\"wp-block-heading\">Como ficou o calend\u00e1rio da UFSM?<\/h2>\n\n\n\n<p>Segundo as datas aprovadas pelas conselheiras e conselheiros do CEPE, as atividades iniciam e terminam no pr\u00f3ximo ano, de forma que as discrep\u00e2ncias de calend\u00e1rio ocorridas em decorr\u00eancia da pandemia de Covid-19 dever\u00e3o ser corrigidas.<\/p>\n\n\n\n<p><em>Acompanhe, abaixo, as principais informa\u00e7\u00f5es sobre o calend\u00e1rio do pr\u00f3ximo ano para os cursos de gradua\u00e7\u00e3o, p\u00f3s-gradua\u00e7\u00e3o, t\u00e9cnicos e tecn\u00f3logos:<\/em><\/p>\n\n\n\n<p><strong>In\u00edcio das aulas no primeiro semestre letivo de 2023: 20 de mar\u00e7o<\/strong><\/p>\n\n\n\n<p>\u00daltima semana de atividades acad\u00eamicas: 17 a 22 de julho<\/p>\n\n\n\n<p>Lan\u00e7amento de notas: at\u00e9 o dia 25 de julho<\/p>\n\n\n\n<p>Fim do primeiro semestre: 25 de julho<\/p>\n\n\n\n<p>In\u00edcio das formaturas solenes: 28 de julho<\/p>\n\n\n\n<p>N\u00famero de semanas de atividades curriculares mais semana de finaliza\u00e7\u00e3o das atividades: 16<\/p>\n\n\n\n<p><strong>In\u00edcio das aulas no segundo semestre letivo de 2023: 7 de agosto<\/strong><\/p>\n\n\n\n<p>\u00daltima semana de atividades acad\u00eamicas: 14 a 20 de dezembro<\/p>\n\n\n\n<p>Lan\u00e7amento de notas: at\u00e9 o dia 23 de dezembro<\/p>\n\n\n\n<p>Fim do segundo semestre: 23 de dezembro<\/p>\n\n\n\n<p>In\u00edcio das formaturas solenes: 29 de dezembro<\/p>\n\n\n\n<p>N\u00famero de semanas de atividades curriculares mais semana de finaliza\u00e7\u00e3o das atividades: 17 semanas<\/p>\n\n\n\n<p><\/p>\n\n\n\n<p><em>Fonte da imagem: UFSM<\/em><\/p>\n","protected":false},"excerpt":{"rendered":"<p>Polit\u00e9cnico e CTISM devem definir, no pr\u00f3ximo m\u00eas de janeiro, seus calend\u00e1rios letivos para o ano de 2023. A ideia \u00e9 que sejam o mais pr\u00f3ximos poss\u00edveis do calend\u00e1rio aprovado para a UFSM em reuni\u00e3o do Conselho de Ensino, Pesquisa e Extens\u00e3o (CEPE) no dia 15 de dezembro. Segundo o professor Moacir Bolzan, vice-diretor do<\/p>\n","protected":false},"author":3,"featured_media":5467,"comment_status":"closed","ping_status":"closed","sticky":false,"template":"","format":"standard","meta":{"footnotes":""},"categories":[42,45],"tags":[],"class_list":{"0":"post-5466","1":"post","2":"type-post","3":"status-publish","4":"format-standard","5":"has-post-thumbnail","7":"category-noticia","8":"category-sindicato"},"_links":{"self":[{"href":"https:\/\/sinasefesm.com\/index.php\/wp-json\/wp\/v2\/posts\/5466","targetHints":{"allow":["GET"]}}],"collection":[{"href":"https:\/\/sinasefesm.com\/index.php\/wp-json\/wp\/v2\/posts"}],"about":[{"href":"https:\/\/sinasefesm.com\/index.php\/wp-json\/wp\/v2\/types\/post"}],"author":[{"embeddable":true,"href":"https:\/\/sinasefesm.com\/index.php\/wp-json\/wp\/v2\/users\/3"}],"replies":[{"embeddable":true,"href":"https:\/\/sinasefesm.com\/index.php\/wp-json\/wp\/v2\/comments?post=5466"}],"version-history":[{"count":0,"href":"https:\/\/sinasefesm.com\/index.php\/wp-json\/wp\/v2\/posts\/5466\/revisions"}],"wp:featuredmedia":[{"embeddable":true,"href":"https:\/\/sinasefesm.com\/index.php\/wp-json\/wp\/v2\/media\/5467"}],"wp:attachment":[{"href":"https:\/\/sinasefesm.com\/index.php\/wp-json\/wp\/v2\/media?parent=5466"}],"wp:term":[{"taxonomy":"category","embeddable":true,"href":"https:\/\/sinasefesm.com\/index.php\/wp-json\/wp\/v2\/categories?post=5466"},{"taxonomy":"post_tag","embeddable":true,"href":"https:\/\/sinasefesm.com\/index.php\/wp-json\/wp\/v2\/tags?post=5466"}],"curies":[{"name":"wp","href":"https:\/\/api.w.org\/{rel}","templated":true}]}}