{"id":5472,"date":"2023-01-04T21:33:27","date_gmt":"2023-01-04T21:33:27","guid":{"rendered":"https:\/\/sinasefesm.com\/?p=5472"},"modified":"2023-01-04T21:33:27","modified_gmt":"2023-01-04T21:33:27","slug":"ultimas-semanas-para-doar-a-campanha-ufsm-contra-a-fome","status":"publish","type":"post","link":"https:\/\/sinasefesm.com\/index.php\/2023\/01\/04\/ultimas-semanas-para-doar-a-campanha-ufsm-contra-a-fome\/","title":{"rendered":"\u00daltimas semanas para doar \u00e0 campanha UFSM Contra a Fome"},"content":{"rendered":"\n<p>Iniciada no final de agosto, a iniciativa \u201cUFSM Contra a Fome\u201d chega em seus pontos de coleta finais. At\u00e9 o dia 13 de janeiro, o Centro de Artes e Letras (CAL) estar\u00e1 recebendo doa\u00e7\u00f5es e, posteriormente, o Col\u00e9gio T\u00e9cnico Industrial de Santa Maria (CTISM) coletar\u00e1 as \u00faltimas entregas, entre os dias 16 e 27 de janeiro. Ambos os locais est\u00e3o localizados dentro do <em>campus<\/em> sede da Universidade, no bairro Camobi.<\/p>\n\n\n\n<p>Ao longo desses mais de quatro meses de campanha, <a href=\"https:\/\/sinasefesm.com\/campanha-ufsm-contra-a-fome-inicia-entrega-de-alimentos-arrecadados%ef%bf%bc\/\">j\u00e1 foram entregues parte das arrecada\u00e7\u00f5es<\/a> de alimentos n\u00e3o-perec\u00edveis aos representantes do Comit\u00ea Emerg\u00eancia Ruas (CER-Ruas), no Conselho de Seguran\u00e7a Alimentar de Santa Maria (COMSEA). Todo o material doado est\u00e1 sendo enviado a projetos da cidade, que entregam marmitas a fam\u00edlias em situa\u00e7\u00e3o de vulnerabilidade social.<\/p>\n\n\n\n<figure class=\"wp-block-gallery has-nested-images columns-default is-cropped wp-block-gallery-1 is-layout-flex wp-block-gallery-is-layout-flex\">\n<figure class=\"wp-block-image size-large\"><img decoding=\"async\" data-id=\"5474\" src=\"https:\/\/sinasefesm.com\/wp-content\/uploads\/2023\/01\/eed48bfb-8b98-4657-991d-9d715d5f6f90.jpg\" alt=\"\" class=\"wp-image-5474\"\/><\/figure>\n\n\n\n<figure class=\"wp-block-image size-large\"><img decoding=\"async\" data-id=\"5475\" src=\"https:\/\/sinasefesm.com\/wp-content\/uploads\/2023\/01\/164e6900-e07b-4a93-a485-855181ba961a.jpg\" alt=\"\" class=\"wp-image-5475\"\/><\/figure>\n<\/figure>\n\n\n\n<p>Por tr\u00e1s dessa iniciativa est\u00e3o, al\u00e9m do pr\u00f3prio Sinasefe, do COMSEA e da UFSM, as seguintes entidades: Sedufsm, Assufsm, Atens, Diret\u00f3rio Central dos Estudantes (DCE), Associa\u00e7\u00e3o de P\u00f3s\u2013Graduandos (APG), Programa de Extens\u00e3o N\u00facleo Interdisciplinar de Intera\u00e7\u00e3o Jur\u00eddica Comunit\u00e1ria (NIIJUC), Observat\u00f3rio de Direitos Humanos (ODH) e projeto UFSM nas Ruas.<\/p>\n\n\n\n<hr class=\"wp-block-separator has-alpha-channel-opacity\"\/>\n\n\n\n<p><em>Texto: Laurent Keller<\/em><\/p>\n\n\n\n<p><em>Imagem: divulga\u00e7\u00e3o<\/em><\/p>\n\n\n\n<p><em>Edi\u00e7\u00e3o: Bruna Homrich<\/em><\/p>\n","protected":false},"excerpt":{"rendered":"<p>Iniciada no final de agosto, a iniciativa \u201cUFSM Contra a Fome\u201d chega em seus pontos de coleta finais. At\u00e9 o dia 13 de janeiro, o Centro de Artes e Letras (CAL) estar\u00e1 recebendo doa\u00e7\u00f5es e, posteriormente, o Col\u00e9gio T\u00e9cnico Industrial de Santa Maria (CTISM) coletar\u00e1 as \u00faltimas entregas, entre os dias 16 e 27 de<\/p>\n","protected":false},"author":5,"featured_media":5473,"comment_status":"closed","ping_status":"closed","sticky":false,"template":"","format":"standard","meta":{"footnotes":""},"categories":[37,42],"tags":[225,226],"class_list":{"0":"post-5472","1":"post","2":"type-post","3":"status-publish","4":"format-standard","5":"has-post-thumbnail","7":"category-destaque","8":"category-noticia","9":"tag-ufsm","10":"tag-ufsm-contra-a-fome"},"_links":{"self":[{"href":"https:\/\/sinasefesm.com\/index.php\/wp-json\/wp\/v2\/posts\/5472","targetHints":{"allow":["GET"]}}],"collection":[{"href":"https:\/\/sinasefesm.com\/index.php\/wp-json\/wp\/v2\/posts"}],"about":[{"href":"https:\/\/sinasefesm.com\/index.php\/wp-json\/wp\/v2\/types\/post"}],"author":[{"embeddable":true,"href":"https:\/\/sinasefesm.com\/index.php\/wp-json\/wp\/v2\/users\/5"}],"replies":[{"embeddable":true,"href":"https:\/\/sinasefesm.com\/index.php\/wp-json\/wp\/v2\/comments?post=5472"}],"version-history":[{"count":0,"href":"https:\/\/sinasefesm.com\/index.php\/wp-json\/wp\/v2\/posts\/5472\/revisions"}],"wp:featuredmedia":[{"embeddable":true,"href":"https:\/\/sinasefesm.com\/index.php\/wp-json\/wp\/v2\/media\/5473"}],"wp:attachment":[{"href":"https:\/\/sinasefesm.com\/index.php\/wp-json\/wp\/v2\/media?parent=5472"}],"wp:term":[{"taxonomy":"category","embeddable":true,"href":"https:\/\/sinasefesm.com\/index.php\/wp-json\/wp\/v2\/categories?post=5472"},{"taxonomy":"post_tag","embeddable":true,"href":"https:\/\/sinasefesm.com\/index.php\/wp-json\/wp\/v2\/tags?post=5472"}],"curies":[{"name":"wp","href":"https:\/\/api.w.org\/{rel}","templated":true}]}}