{"id":5478,"date":"2023-01-05T00:50:08","date_gmt":"2023-01-05T00:50:08","guid":{"rendered":"https:\/\/sinasefesm.com\/?p=5478"},"modified":"2023-01-05T00:50:08","modified_gmt":"2023-01-05T00:50:08","slug":"sinasefe-marca-presenca-na-posse-de-lula-e-cobra-atendimento-de-reivindicacoes","status":"publish","type":"post","link":"https:\/\/sinasefesm.com\/index.php\/2023\/01\/05\/sinasefe-marca-presenca-na-posse-de-lula-e-cobra-atendimento-de-reivindicacoes\/","title":{"rendered":"Sinasefe marca presen\u00e7a na posse de Lula e cobra atendimento de reivindica\u00e7\u00f5es"},"content":{"rendered":"\n<p>Desde a \u00faltima semana, representantes do Sinasefe Nacional est\u00e3o em Bras\u00edlia (DF) participando, junto aos demais sindicatos que comp\u00f5em o F\u00f3rum das Entidades Nacionais das e dos Servidores P\u00fablicos Federais (Fonasefe), de atividades referentes \u00e0 posse de Luiz In\u00e1cio Lula da Silva e dos novos ministros e ministras que assumiram o Executivo a partir do dia 1\u00ba de janeiro de 2023.<\/p>\n\n\n\n<p>Uma das atividades realizadas pelo Fonasefe foi a limpeza, com sal grosso, da entrada do Minist\u00e9rio da Gest\u00e3o e Inova\u00e7\u00e3o em Servi\u00e7os P\u00fablicos (MGI), localizado no bloco C da Esplanada dos Minist\u00e9rios. O simbolismo da atividade fica ressaltado pelo fato de, durante os quatro anos de governo Bolsonaro, n\u00e3o s\u00f3 n\u00e3o ter ocorrido qualquer reajuste salarial ao funcionalismo p\u00fablico, como todas as tentativas de negocia\u00e7\u00e3o terem sido silenciadas.<\/p>\n\n\n<div class=\"wp-block-image is-style-default\">\n<figure class=\"alignleft size-full\"><img decoding=\"async\" src=\"https:\/\/sinasefesm.com\/wp-content\/uploads\/2023\/01\/FONASEFE-Ministerio..jpg\" alt=\"\" class=\"wp-image-5481\"\/><\/figure><\/div>\n\n\n<p>Al\u00e9m de lavar a frente do minist\u00e9rio, o Fonasefe tamb\u00e9m entregou uma carta de reivindica\u00e7\u00f5es aos ministros Rui Costa (Casa Civil), Esther Dweck (MGI) e Fernando Haddad (Fazenda). Dentre as demandas, figuravam as seguintes:<\/p>\n\n\n\n<ul class=\"wp-block-list\"><li>A possibilidade de ocorrer remanejamentos no or\u00e7amento 2023, aprovado pelo congresso, visando a atender \u00e0 demanda do reajuste linear emergencial no mesmo \u00edndice da infla\u00e7\u00e3o acumulada durante os quatro anos de (des)governo Bolsonaro, aproximadamente 27%;<\/li><li>Discutir, ouvindo os servidores e servidoras, sobre como podemos estabelecer os \u00edndices e o per\u00edodo do nosso reajuste salarial de 2023, com o valor or\u00e7ament\u00e1rio consolidado, buscando diminuir ao m\u00e1ximo as perdas salariais do \u00faltimo per\u00edodo; e<\/li><li>Abrir uma negocia\u00e7\u00e3o sobre os benef\u00edcios que impactam sobre os sal\u00e1rios do funcionalismo, que est\u00e3o congelados desde o \u00faltimo acordo firmado em 2012.<\/li><\/ul>\n\n\n\n<p>Leia, aqui, o documento na \u00edntegra:<\/p>\n\n\n\n<div data-wp-interactive=\"core\/file\" class=\"wp-block-file\"><object data-wp-bind--hidden=\"!state.hasPdfPreview\" hidden class=\"wp-block-file__embed\" data=\"https:\/\/sinasefesm.com\/wp-content\/uploads\/2023\/01\/1o-Oficio-FONASEFE.pdf\" type=\"application\/pdf\" style=\"width:100%;height:600px\" aria-label=\"Incorporado de Incorporado de 1o-Oficio-FONASEFE..\"><\/object><a id=\"wp-block-file--media-5237d9c2-7ced-4d8f-91b8-8489c21e619f\" href=\"https:\/\/sinasefesm.com\/wp-content\/uploads\/2023\/01\/1o-Oficio-FONASEFE.pdf\">1o-Oficio-FONASEFE<\/a><a href=\"https:\/\/sinasefesm.com\/wp-content\/uploads\/2023\/01\/1o-Oficio-FONASEFE.pdf\" class=\"wp-block-file__button\" download aria-describedby=\"wp-block-file--media-5237d9c2-7ced-4d8f-91b8-8489c21e619f\">Baixar<\/a><\/div>\n\n\n\n<p>Na atividade, o Sinasefe foi representado por seus tr\u00eas coordenadores gerais (Artemis Martins, David Lob\u00e3o e Elenira Vilela).<\/p>\n\n\n\n<p>Veja, abaixo, o v\u00eddeo da atividade: <\/p>\n\n\n\n<figure class=\"wp-block-embed is-type-video is-provider-youtube wp-block-embed-youtube wp-embed-aspect-16-9 wp-has-aspect-ratio\"><div class=\"wp-block-embed__wrapper\">\n<iframe title=\"Fonasefe &#039;lava&#039; entrada do MGI e solicita audi\u00eancia para tratar de reajuste\" width=\"768\" height=\"432\" src=\"https:\/\/www.youtube.com\/embed\/XnAwa0oBB9s?feature=oembed\" frameborder=\"0\" allow=\"accelerometer; autoplay; clipboard-write; encrypted-media; gyroscope; picture-in-picture; web-share\" referrerpolicy=\"strict-origin-when-cross-origin\" allowfullscreen><\/iframe>\n<\/div><\/figure>\n","protected":false},"excerpt":{"rendered":"<p>Desde a \u00faltima semana, representantes do Sinasefe Nacional est\u00e3o em Bras\u00edlia (DF) participando, junto aos demais sindicatos que comp\u00f5em o F\u00f3rum das Entidades Nacionais das e dos Servidores P\u00fablicos Federais (Fonasefe), de atividades referentes \u00e0 posse de Luiz In\u00e1cio Lula da Silva e dos novos ministros e ministras que assumiram o Executivo a partir do<\/p>\n","protected":false},"author":3,"featured_media":5480,"comment_status":"closed","ping_status":"closed","sticky":false,"template":"","format":"standard","meta":{"footnotes":""},"categories":[37,41,42,45],"tags":[],"class_list":{"0":"post-5478","1":"post","2":"type-post","3":"status-publish","4":"format-standard","5":"has-post-thumbnail","7":"category-destaque","8":"category-movimento","9":"category-noticia","10":"category-sindicato"},"_links":{"self":[{"href":"https:\/\/sinasefesm.com\/index.php\/wp-json\/wp\/v2\/posts\/5478","targetHints":{"allow":["GET"]}}],"collection":[{"href":"https:\/\/sinasefesm.com\/index.php\/wp-json\/wp\/v2\/posts"}],"about":[{"href":"https:\/\/sinasefesm.com\/index.php\/wp-json\/wp\/v2\/types\/post"}],"author":[{"embeddable":true,"href":"https:\/\/sinasefesm.com\/index.php\/wp-json\/wp\/v2\/users\/3"}],"replies":[{"embeddable":true,"href":"https:\/\/sinasefesm.com\/index.php\/wp-json\/wp\/v2\/comments?post=5478"}],"version-history":[{"count":0,"href":"https:\/\/sinasefesm.com\/index.php\/wp-json\/wp\/v2\/posts\/5478\/revisions"}],"wp:featuredmedia":[{"embeddable":true,"href":"https:\/\/sinasefesm.com\/index.php\/wp-json\/wp\/v2\/media\/5480"}],"wp:attachment":[{"href":"https:\/\/sinasefesm.com\/index.php\/wp-json\/wp\/v2\/media?parent=5478"}],"wp:term":[{"taxonomy":"category","embeddable":true,"href":"https:\/\/sinasefesm.com\/index.php\/wp-json\/wp\/v2\/categories?post=5478"},{"taxonomy":"post_tag","embeddable":true,"href":"https:\/\/sinasefesm.com\/index.php\/wp-json\/wp\/v2\/tags?post=5478"}],"curies":[{"name":"wp","href":"https:\/\/api.w.org\/{rel}","templated":true}]}}