{"id":5486,"date":"2023-01-06T19:34:38","date_gmt":"2023-01-06T19:34:38","guid":{"rendered":"https:\/\/sinasefesm.com\/?p=5486"},"modified":"2023-01-06T19:34:38","modified_gmt":"2023-01-06T19:34:38","slug":"2o-encontro-de-negras-negros-indigenas-e-quilombolas-esta-marcado-para-ocorrer-em-marco","status":"publish","type":"post","link":"https:\/\/sinasefesm.com\/index.php\/2023\/01\/06\/2o-encontro-de-negras-negros-indigenas-e-quilombolas-esta-marcado-para-ocorrer-em-marco\/","title":{"rendered":"2\u00ba Encontro de Negras, Negros, Ind\u00edgenas e Quilombolas est\u00e1 marcado para ocorrer em mar\u00e7o"},"content":{"rendered":"\n<p>Entre os dias 22 e 26 de mar\u00e7o, acontecer\u00e1, em Macei\u00f3-AL, o 2\u00ba Encontro de Negras, Negros, Ind\u00edgenas e Quilombolas (ENNIQ), promovido pela Coordena\u00e7\u00e3o de Combate \u00e0s Opress\u00f5es do Sinasefe. Como tema do evento, que ser\u00e1 sediado pelo Sindicato dos Servidores P\u00fablicos Federais da Educa\u00e7\u00e3o B\u00e1sica e Profissional no Estado de Alagoas (<a href=\"https:\/\/www.sintietfal.org.br\/\">Sintietfal<\/a>), foi escolhida a frase: \u2018\u2019Malungas e Malungos, na terra de Palmares! Nossa luta, nosso sindicato!\u2019\u2019.<\/p>\n\n\n\n<p>Inicialmente, o Encontro estava marcado para ocorrer em novembro de 2022, por\u00e9m, devido a quest\u00f5es financeiras e log\u00edsticas, a Comiss\u00e3o Organizadora optou pelo adiamento do 2\u00ba ENNIQ.<\/p>\n\n\n\n<p>O evento \u00e9 aberto para sindicalizados e sindicalizadas de todas as ra\u00e7as e tem como intuito fortalecer a luta antirracista nas bases do sindicato. A programa\u00e7\u00e3o e os palestrantes que devem integrar o Encontro est\u00e3o sendo pensados \u2018\u2019com muito carinho\u2019\u2019, segundo a organiza\u00e7\u00e3o, para que as atividades estimulem uma boa forma\u00e7\u00e3o pol\u00edtica e cultural aos participantes.<\/p>\n\n\n\n<p>Demais informa\u00e7\u00f5es, como valores de hospedagem, ainda ser\u00e3o divulgadas no site nacional do Sinasefe. Em caso de d\u00favidas, entre em contato com a organiza\u00e7\u00e3o do 2\u00ba ENNIQ, pelo e-mail <a href=\"mailto:combateasopressoes@sinasefe.org.br\">combateasopressoes@sinasefe.org.br<\/a>.&nbsp;<\/p>\n\n\n\n<hr class=\"wp-block-separator has-alpha-channel-opacity\"\/>\n\n\n\n<p><em>Texto: Laurent Keller<\/em><\/p>\n\n\n\n<p><em>Imagem: divulga\u00e7\u00e3o<\/em><\/p>\n\n\n\n<p><em>Edi\u00e7\u00e3o: Bruna Homrich<\/em><\/p>\n","protected":false},"excerpt":{"rendered":"<p>Entre os dias 22 e 26 de mar\u00e7o, acontecer\u00e1, em Macei\u00f3-AL, o 2\u00ba Encontro de Negras, Negros, Ind\u00edgenas e Quilombolas (ENNIQ), promovido pela Coordena\u00e7\u00e3o de Combate \u00e0s Opress\u00f5es do Sinasefe. Como tema do evento, que ser\u00e1 sediado pelo Sindicato dos Servidores P\u00fablicos Federais da Educa\u00e7\u00e3o B\u00e1sica e Profissional no Estado de Alagoas (Sintietfal), foi escolhida<\/p>\n","protected":false},"author":5,"featured_media":5487,"comment_status":"closed","ping_status":"closed","sticky":false,"template":"","format":"standard","meta":{"footnotes":""},"categories":[37,39],"tags":[122,151],"class_list":{"0":"post-5486","1":"post","2":"type-post","3":"status-publish","4":"format-standard","5":"has-post-thumbnail","7":"category-destaque","8":"category-eventos","9":"tag-enniq","10":"tag-igualdade-racial"},"_links":{"self":[{"href":"https:\/\/sinasefesm.com\/index.php\/wp-json\/wp\/v2\/posts\/5486","targetHints":{"allow":["GET"]}}],"collection":[{"href":"https:\/\/sinasefesm.com\/index.php\/wp-json\/wp\/v2\/posts"}],"about":[{"href":"https:\/\/sinasefesm.com\/index.php\/wp-json\/wp\/v2\/types\/post"}],"author":[{"embeddable":true,"href":"https:\/\/sinasefesm.com\/index.php\/wp-json\/wp\/v2\/users\/5"}],"replies":[{"embeddable":true,"href":"https:\/\/sinasefesm.com\/index.php\/wp-json\/wp\/v2\/comments?post=5486"}],"version-history":[{"count":0,"href":"https:\/\/sinasefesm.com\/index.php\/wp-json\/wp\/v2\/posts\/5486\/revisions"}],"wp:featuredmedia":[{"embeddable":true,"href":"https:\/\/sinasefesm.com\/index.php\/wp-json\/"}],"wp:attachment":[{"href":"https:\/\/sinasefesm.com\/index.php\/wp-json\/wp\/v2\/media?parent=5486"}],"wp:term":[{"taxonomy":"category","embeddable":true,"href":"https:\/\/sinasefesm.com\/index.php\/wp-json\/wp\/v2\/categories?post=5486"},{"taxonomy":"post_tag","embeddable":true,"href":"https:\/\/sinasefesm.com\/index.php\/wp-json\/wp\/v2\/tags?post=5486"}],"curies":[{"name":"wp","href":"https:\/\/api.w.org\/{rel}","templated":true}]}}