{"id":5489,"date":"2023-01-06T19:58:53","date_gmt":"2023-01-06T19:58:53","guid":{"rendered":"https:\/\/sinasefesm.com\/?p=5489"},"modified":"2023-01-06T19:58:53","modified_gmt":"2023-01-06T19:58:53","slug":"sindicato-nacional-acompanha-posse-de-novos-ministros-de-lula","status":"publish","type":"post","link":"https:\/\/sinasefesm.com\/index.php\/2023\/01\/06\/sindicato-nacional-acompanha-posse-de-novos-ministros-de-lula\/","title":{"rendered":"Sindicato Nacional acompanha posse de novos ministros de Lula"},"content":{"rendered":"\n<p>E as atividades do Sinasefe em Bras\u00edlia (DF) continuam. Ap\u00f3s ter acompanhado a posse de Luiz In\u00e1cio Lula da Silva no \u00faltimo domingo, 1\u00ba de janeiro, e protocolado uma carta de reivindica\u00e7\u00f5es aos ministros Rui Costa (Casa Civil), Ester Dweck (Gest\u00e3o e Inova\u00e7\u00e3o em Servi\u00e7os P\u00fablicos) e Fernando Haddad (Fazenda), integrantes da dire\u00e7\u00e3o nacional marcaram presen\u00e7a, ao longo dessa semana, na posse de seis novos ministros: Camilo Santana (Minist\u00e9rio da Educa\u00e7\u00e3o- MEC), Esther Dweck (Minist\u00e9rio de Gest\u00e3o e Inova\u00e7\u00e3o em Servi\u00e7os P\u00fablicos- MGI), Luciana Santos (Minist\u00e9rio da Ci\u00eancia, Tecnologia e Inova\u00e7\u00f5es \u2013 MCTI), Luiz Marinho (Minist\u00e9rio do Trabalho e Emprego), Cida Gon\u00e7alves (Minist\u00e9rio de Mulheres) e Marina Silva (Meio Ambiente e Mudan\u00e7a Clim\u00e1tica).<\/p>\n\n\n\n<figure class=\"wp-block-gallery has-nested-images columns-default is-cropped wp-block-gallery-1 is-layout-flex wp-block-gallery-is-layout-flex\">\n<figure class=\"wp-block-image size-large\"><img decoding=\"async\" data-id=\"5492\" src=\"https:\/\/sinasefesm.com\/wp-content\/uploads\/2023\/01\/20230102_103523.jpg\" alt=\"\" class=\"wp-image-5492\"\/><\/figure>\n\n\n\n<figure class=\"wp-block-image size-large\"><img decoding=\"async\" data-id=\"5493\" src=\"https:\/\/sinasefesm.com\/wp-content\/uploads\/2023\/01\/20230103_121108.jpg\" alt=\"\" class=\"wp-image-5493\"\/><\/figure>\n\n\n\n<figure class=\"wp-block-image size-large\"><img decoding=\"async\" data-id=\"5494\" src=\"https:\/\/sinasefesm.com\/wp-content\/uploads\/2023\/01\/WhatsApp-Image-2023-01-04-at-18.55.07.jpeg\" alt=\"\" class=\"wp-image-5494\"\/><\/figure>\n<figcaption class=\"blocks-gallery-caption\">Sinasefe Nacional presente nas posses do novo governo Lula<\/figcaption><\/figure>\n\n\n\n<p>Em conversa r\u00e1pida com o Sinasefe, a ministra Esther Dweck afirmou que vai estabelecer uma Mesa Permanente de Negocia\u00e7\u00e3o com os servidores federais e que pretende ampliar a capacidade de atendimento dos servi\u00e7os p\u00fablicos, diferente dos governos anteriores (Temer e Bolsonaro), que queriam desmont\u00e1-los. O bate papo foi realizado logo ap\u00f3s a posse da ministra, que ocorreu no pr\u00e9dio do antigo Minist\u00e9rio da Economia, no bloco K da Esplanada dos Minist\u00e9rios, contando tamb\u00e9m com a presen\u00e7a da ex-presidenta Dilma Rousseff.&nbsp;<a href=\"https:\/\/www.facebook.com\/sinasefe.nacional\/videos\/2306062436237732\/\">Confira o v\u00eddeo aqui<\/a>.<\/p>\n\n\n\n<figure class=\"wp-block-image size-full\"><img decoding=\"async\" src=\"https:\/\/sinasefesm.com\/wp-content\/uploads\/2023\/01\/posseesthermgi1.jpg\" alt=\"\" class=\"wp-image-5495\"\/><figcaption>Posse da Ministra Esther Dweck<\/figcaption><\/figure>\n\n\n\n<p>Confira abaixo&nbsp;<a href=\"https:\/\/www.poder360.com.br\/brasil\/lula-fara-1a-reuniao-ministerial-na-6a-feira\/\">o infogr\u00e1fico do site Poder 360<\/a>&nbsp;com todos os ministros:<\/p>\n\n\n\n<figure class=\"wp-block-image size-full\"><img decoding=\"async\" src=\"https:\/\/sinasefesm.com\/wp-content\/uploads\/2023\/01\/Ranking-ministros-Lula..jpg\" alt=\"\" class=\"wp-image-5490\"\/><\/figure>\n\n\n\n<hr class=\"wp-block-separator has-alpha-channel-opacity\"\/>\n\n\n\n<p><em>Texto: Bruna Homrich<\/em><\/p>\n\n\n\n<p><em>Imagens: Sinasefe Nacional<\/em><\/p>\n","protected":false},"excerpt":{"rendered":"<p>E as atividades do Sinasefe em Bras\u00edlia (DF) continuam. Ap\u00f3s ter acompanhado a posse de Luiz In\u00e1cio Lula da Silva no \u00faltimo domingo, 1\u00ba de janeiro, e protocolado uma carta de reivindica\u00e7\u00f5es aos ministros Rui Costa (Casa Civil), Ester Dweck (Gest\u00e3o e Inova\u00e7\u00e3o em Servi\u00e7os P\u00fablicos) e Fernando Haddad (Fazenda), integrantes da dire\u00e7\u00e3o nacional marcaram<\/p>\n","protected":false},"author":3,"featured_media":5491,"comment_status":"closed","ping_status":"closed","sticky":false,"template":"","format":"standard","meta":{"footnotes":""},"categories":[37,42],"tags":[142,195],"class_list":{"0":"post-5489","1":"post","2":"type-post","3":"status-publish","4":"format-standard","5":"has-post-thumbnail","7":"category-destaque","8":"category-noticia","9":"tag-governo-lula","10":"tag-posse-de-ministros"},"_links":{"self":[{"href":"https:\/\/sinasefesm.com\/index.php\/wp-json\/wp\/v2\/posts\/5489","targetHints":{"allow":["GET"]}}],"collection":[{"href":"https:\/\/sinasefesm.com\/index.php\/wp-json\/wp\/v2\/posts"}],"about":[{"href":"https:\/\/sinasefesm.com\/index.php\/wp-json\/wp\/v2\/types\/post"}],"author":[{"embeddable":true,"href":"https:\/\/sinasefesm.com\/index.php\/wp-json\/wp\/v2\/users\/3"}],"replies":[{"embeddable":true,"href":"https:\/\/sinasefesm.com\/index.php\/wp-json\/wp\/v2\/comments?post=5489"}],"version-history":[{"count":0,"href":"https:\/\/sinasefesm.com\/index.php\/wp-json\/wp\/v2\/posts\/5489\/revisions"}],"wp:featuredmedia":[{"embeddable":true,"href":"https:\/\/sinasefesm.com\/index.php\/wp-json\/"}],"wp:attachment":[{"href":"https:\/\/sinasefesm.com\/index.php\/wp-json\/wp\/v2\/media?parent=5489"}],"wp:term":[{"taxonomy":"category","embeddable":true,"href":"https:\/\/sinasefesm.com\/index.php\/wp-json\/wp\/v2\/categories?post=5489"},{"taxonomy":"post_tag","embeddable":true,"href":"https:\/\/sinasefesm.com\/index.php\/wp-json\/wp\/v2\/tags?post=5489"}],"curies":[{"name":"wp","href":"https:\/\/api.w.org\/{rel}","templated":true}]}}