{"id":5498,"date":"2023-01-09T12:54:47","date_gmt":"2023-01-09T12:54:47","guid":{"rendered":"https:\/\/sinasefesm.com\/?p=5498"},"modified":"2023-01-09T12:54:47","modified_gmt":"2023-01-09T12:54:47","slug":"santa-maria-tem-ato-em-defesa-da-democracia-nesta-segunda-9","status":"publish","type":"post","link":"https:\/\/sinasefesm.com\/index.php\/2023\/01\/09\/santa-maria-tem-ato-em-defesa-da-democracia-nesta-segunda-9\/","title":{"rendered":"Santa Maria tem ato em defesa da democracia nesta segunda, 9"},"content":{"rendered":"\n<p> A partir das 17h desta segunda-feira, 9, na Pra\u00e7a Saldanha Marinho, em Santa Maria, ocorre o Ato em Defesa da Democracia. O movimento \u00e9 uma resposta do campo democr\u00e1tico \u00e0s destrui\u00e7\u00f5es efetuadas por golpistas em Bras\u00edlia (DF) no \u00faltimo domingo, 9, quando o Congresso Nacional, o Pal\u00e1cio do Planalto e o Supremo Tribunal Federal (STF) foram destru\u00eddos pelos golpistas.<\/p>\n\n\n\n<p>Por todo o pa\u00eds, nesta segunda, ocorrer\u00e3o atos em defesa do Estado Democr\u00e1tico de Direito e contra a anistia \u00e0s e aos golpistas.<\/p>\n\n\n\n<p>O Sinasefe Santa Maria convida todos e todas a participarem!<\/p>\n","protected":false},"excerpt":{"rendered":"<p>A partir das 17h desta segunda-feira, 9, na Pra\u00e7a Saldanha Marinho, em Santa Maria, ocorre o Ato em Defesa da Democracia. O movimento \u00e9 uma resposta do campo democr\u00e1tico \u00e0s destrui\u00e7\u00f5es efetuadas por golpistas em Bras\u00edlia (DF) no \u00faltimo domingo, 9, quando o Congresso Nacional, o Pal\u00e1cio do Planalto e o Supremo Tribunal Federal (STF)<\/p>\n","protected":false},"author":3,"featured_media":5499,"comment_status":"closed","ping_status":"closed","sticky":false,"template":"","format":"standard","meta":{"footnotes":""},"categories":[37,41,42,45],"tags":[],"class_list":{"0":"post-5498","1":"post","2":"type-post","3":"status-publish","4":"format-standard","5":"has-post-thumbnail","7":"category-destaque","8":"category-movimento","9":"category-noticia","10":"category-sindicato"},"_links":{"self":[{"href":"https:\/\/sinasefesm.com\/index.php\/wp-json\/wp\/v2\/posts\/5498","targetHints":{"allow":["GET"]}}],"collection":[{"href":"https:\/\/sinasefesm.com\/index.php\/wp-json\/wp\/v2\/posts"}],"about":[{"href":"https:\/\/sinasefesm.com\/index.php\/wp-json\/wp\/v2\/types\/post"}],"author":[{"embeddable":true,"href":"https:\/\/sinasefesm.com\/index.php\/wp-json\/wp\/v2\/users\/3"}],"replies":[{"embeddable":true,"href":"https:\/\/sinasefesm.com\/index.php\/wp-json\/wp\/v2\/comments?post=5498"}],"version-history":[{"count":0,"href":"https:\/\/sinasefesm.com\/index.php\/wp-json\/wp\/v2\/posts\/5498\/revisions"}],"wp:featuredmedia":[{"embeddable":true,"href":"https:\/\/sinasefesm.com\/index.php\/wp-json\/"}],"wp:attachment":[{"href":"https:\/\/sinasefesm.com\/index.php\/wp-json\/wp\/v2\/media?parent=5498"}],"wp:term":[{"taxonomy":"category","embeddable":true,"href":"https:\/\/sinasefesm.com\/index.php\/wp-json\/wp\/v2\/categories?post=5498"},{"taxonomy":"post_tag","embeddable":true,"href":"https:\/\/sinasefesm.com\/index.php\/wp-json\/wp\/v2\/tags?post=5498"}],"curies":[{"name":"wp","href":"https:\/\/api.w.org\/{rel}","templated":true}]}}