{"id":5501,"date":"2023-01-11T00:12:14","date_gmt":"2023-01-11T00:12:14","guid":{"rendered":"http:\/\/sinasefesm.com\/?p=5501"},"modified":"2023-01-11T00:12:14","modified_gmt":"2023-01-11T00:12:14","slug":"sinasefe-pede-respeito-a-democracia-e-punicao-a-golpistas","status":"publish","type":"post","link":"https:\/\/sinasefesm.com\/index.php\/2023\/01\/11\/sinasefe-pede-respeito-a-democracia-e-punicao-a-golpistas\/","title":{"rendered":"Sinasefe pede respeito \u00e0 democracia e puni\u00e7\u00e3o a golpistas"},"content":{"rendered":"\n<p>Diante da real tentativa de golpe levada a cabo por integrantes da extrema direita no \u00faltimo domingo, 8 de janeiro, em Bras\u00edlia (DF), o Sinasefe Santa Maria refor\u00e7a sua posi\u00e7\u00e3o de defesa intransigente do Estado Democr\u00e1tico de Direito, da soberania popular (expressa, no que diz respeito \u00e0s elei\u00e7\u00f5es, em 31 de outubro) e da puni\u00e7\u00e3o, com base na legisla\u00e7\u00e3o brasileira, \u00e0s e aos golpistas que destru\u00edram o Congresso Nacional, o Pal\u00e1cio do Planalto e o Supremo Tribunal Federal (STF).&nbsp;<\/p>\n\n\n\n<p>Cl\u00e1udio do Nascimento, Secret\u00e1rio de Aposentados do Sinasefe Santa Maria, pondera que uma das tarefas do sindicato \u00e9 proteger a democracia e a vontade do povo.&nbsp;<\/p>\n\n\n\n<blockquote class=\"wp-block-quote is-layout-flow wp-block-quote-is-layout-flow\"><p>\u201cO Estado Democr\u00e1tico de Direito no Brasil est\u00e1 consolidado. Ele deve ser defendido e as institui\u00e7\u00f5es devem estar acima de toda e qualquer tentativa de golpe. \u00c9 important\u00edssimo que nas esferas estadual, municipal e federal exista uma atua\u00e7\u00e3o forte por parte do Estado no sentido de manter a soberania popular. Assim como foi respeitada a elei\u00e7\u00e3o anterior para a presid\u00eancia e todos os n\u00edveis hier\u00e1rquicos, essa elei\u00e7\u00e3o tamb\u00e9m deve ser respeitada. Ent\u00e3o o sindicato, como uma entidade que atua em defesa dos interesses coletivos das e dos trabalhadores brasileiros vinculados \u00e0 \u00e1rea da educa\u00e7\u00e3o, tem que se posicionar sim a favor da manuten\u00e7\u00e3o das regras do jogo e do Estado Democr\u00e1tico de Direito\u201d, <\/p><cite>avalia Nascimento.<\/cite><\/blockquote>\n\n\n\n<p>Para ele, as manifesta\u00e7\u00f5es antidemocr\u00e1ticas que sucederam as elei\u00e7\u00f5es deveriam ter sido fiscalizadas com mais rigor pelos \u00f3rg\u00e3os de seguran\u00e7a, sob pena de se ter naturalizado, no Brasil, a ideia de que reivindicar golpe de Estado \u00e9 uma demanda leg\u00edtima como qualquer outra.<\/p>\n\n\n\n<p>\u201cImaginamos que essas manifesta\u00e7\u00f5es que estavam ocorrendo j\u00e1 deveriam ter sido finalizadas. Porque uma coisa \u00e9 voc\u00ea ter uma manifesta\u00e7\u00e3o espor\u00e1dica, reunir pessoas e colocar determinadas situa\u00e7\u00f5es dentro de um contexto. A outra \u00e9 voc\u00ea manter um acampamento por um, dois, tr\u00eas meses, e n\u00e3o ter nenhum tipo de fiscaliza\u00e7\u00e3o dos \u00f3rg\u00e3os de seguran\u00e7a. Isso se torna muito preocupante ao longo do tempo, e o que ocorreu nesse domingo poderia sim ter sido evitado se tivessem sido tomadas atitudes naqueles primeiros meses\u201d, pondera o dirigente.&nbsp;<\/p>\n\n\n\n<h2 class=\"wp-block-heading\">Puni\u00e7\u00e3o exemplar&nbsp;<\/h2>\n\n\n\n<p>Um dos coros principais entoados em manifesta\u00e7\u00f5es promovidas na \u00faltima segunda-feira, 9, por integrantes do campo democr\u00e1tico, foi o de que n\u00e3o deve haver anistia tanto aos crimes cometidos por Jair Bolsonaro durante sua gest\u00e3o, quanto \u00e0s e aos golpistas que arquitetaram e efetivaram a destrui\u00e7\u00e3o do patrim\u00f4nio p\u00fablico na capital federal.\u00a0<\/p>\n\n\n\n<p>Para Nascimento, a puni\u00e7\u00e3o tem de ser exemplar e pedag\u00f3gica.&nbsp;<\/p>\n\n\n\n<blockquote class=\"wp-block-quote is-layout-flow wp-block-quote-is-layout-flow\"><p>\u201cEsperamos que o sistema judici\u00e1rio brasileiro, junto com a pol\u00edcia e os \u00f3rg\u00e3os de seguran\u00e7a, atue de maneira eficaz e persistente. Que sejam rastreados os \u00f3rg\u00e3os, pessoas e quem financiou esse movimento ao longo do tempo, e que sejam tomadas as medidas cab\u00edveis nas esferas administrativa, penal, civil. Que o sistema atue para justamente dar uma puni\u00e7\u00e3o exemplar, prevista em lei, fazendo ent\u00e3o com que o Estado Democr\u00e1tico de Direito seja mantido e respeitado dentro daquilo que est\u00e1 previsto na Constitui\u00e7\u00e3o Brasileira\u201d<\/p><cite>perspectiva o diretor do Sinasefe Santa Maria.&nbsp;<\/cite><\/blockquote>\n\n\n\n<h2 class=\"wp-block-heading\">Cidade registra ato contra a anistia&nbsp;<\/h2>\n\n\n<div class=\"wp-block-image\">\n<figure class=\"alignleft size-full is-resized\"><img fetchpriority=\"high\" decoding=\"async\" src=\"https:\/\/sinasefesm.com\/wp-content\/uploads\/2023\/01\/WhatsApp-Image-2023-01-10-at-12.39.18.jpeg\" alt=\"\" class=\"wp-image-5506\" width=\"481\" height=\"360\"\/><\/figure><\/div>\n\n\n<p>Na tarde desta segunda, 9, Santa Maria registrou um ato em defesa da democracia e contra a anistia a Bolsonaro e seus apoiadores golpistas. \u201cSem anistia, e sem perd\u00e3o, queremos Bolsonaro na pris\u00e3o\u201d foi um dos gritos de ordem entoados no protesto, que saiu da Pra\u00e7a Saldanha Marinho e rumou at\u00e9 a frente da C\u00e2mara Municipal de Vereadores.&nbsp;<\/p>\n\n\n\n<h2 class=\"wp-block-heading\"><strong>Institui\u00e7\u00f5es reagem aos ataques golpistas<\/strong><\/h2>\n\n\n\n<p>Ainda no dia oito de janeiro, diversas entidades representativas, universidades e institutos federais divulgaram o seu rep\u00fadio aos atos terroristas ocorridos no Distrito Federal (DF). A UFSM afirmou, <a href=\"https:\/\/www.ufsm.br\/2023\/01\/08\/universidades-publicas-e-institutos-federais-do-rs-publicam-nota-em-repudio-aos-atos-terroristas-e-antidemocraticos-ocorridos-hoje\">em nota<\/a>, que o ataque bolsonarista foi <em>\u2018\u2019uma agress\u00e3o \u00e0 sociedade brasileira em todas as suas pluralidades e diversidades\u2019<\/em>\u2019, uma vez que a elei\u00e7\u00e3o presidencial realizada em outubro foi leg\u00edtima e precisa ser respeitada. O documento divulgado pela Universidade foi constru\u00eddo em conjunto \u00e0s seguintes institui\u00e7\u00f5es ga\u00fachas de ensino: Instituto Federal Farroupilha (IFFar); Instituto Federal do Rio Grande do Sul (IFRS); Instituto Federal Sul-rio-grandense (IFSul); Universidade Estadual do Rio Grande do Sul (UERGS); Universidade Federal de Ci\u00eancias da Sa\u00fade de Porto Alegre (UFCSPA); Universidade Federal do Pampa (Unipampa); Universidade Federal de Pelotas (UFPel); Universidade Federal do Rio Grande (FURG); e Universidade Federal do Rio Grande do Sul (UFRGS).<\/p>\n\n\n\n<p>A Associa\u00e7\u00e3o de Universidades Grupo Montevideo (AUGM) e a Associa\u00e7\u00e3o Nacional dos Dirigentes das Institui\u00e7\u00f5es Federais de Ensino Superior (Andifes), as quais a UFSM integra, tamb\u00e9m <a href=\"https:\/\/www.ufsm.br\/2023\/01\/08\/augm-e-andifes-publicam-notas-de-repudio-contra-atos-golpistas\">se mostraram contra<\/a> a <em>\u2018\u2019ocupa\u00e7\u00e3o violenta das sedes dos tr\u00eas poderes\u2019\u2019<\/em> e defendem que <em>\u2018\u2019nenhum terrorista, financiador ou articulador destes atos criminosos\u2019<\/em>\u2019 saia impune.<\/p>\n\n\n\n<p>Ao encontro do que \u00e9 defendido pela AUGM e Andifes, o Sinasefe declarou, em seu site nacional, que todos os respons\u00e1veis pelos crimes contra o Estado brasileiro precisam ser identificados e responsabilizados. Al\u00e9m disso, a <a href=\"https:\/\/sinasefe.org.br\/site\/sinasefe-em-defesa-da-democracia-punicao-aos-golpistas-sem-anistia\/\">nota do sindicato<\/a> expressa a concord\u00e2ncia da entidade com a medida adotada pelo Presidente Lula (PT) de decretar interven\u00e7\u00e3o federal na \u00e1rea de seguran\u00e7a p\u00fablica do DF.<\/p>\n\n\n\n<p>A medida prevista no artigo 34 da Constitui\u00e7\u00e3o, que deve vigorar at\u00e9 dia 31 de janeiro, tem como objetivo conter as a\u00e7\u00f5es de terroristas na capital do pa\u00eds, para assim manter a ordem p\u00fablica. Escolhido como interventor, foi nomeado o Secret\u00e1rio-Executivo do Minist\u00e9rio da Justi\u00e7a e Seguran\u00e7a P\u00fablica, Ricardo Garcia Cappelli.<\/p>\n\n\n\n<p>Em nota, o Sinasefe tamb\u00e9m expressou que os atos de vandalismo fazem parte do projeto golpista da extrema direita brasileira, que n\u00e3o deve parar de estimular crimes contra&nbsp; o regime democr\u00e1tico. Em raz\u00e3o disso, \u00e9 necess\u00e1rio que a luta contra o bolsonarismo siga forte e ativa, porque n\u00e3o pode haver <em>\u2018\u2019nenhuma toler\u00e2ncia com os intolerantes, e nenhuma liberdade aos inimigos da liberdade!\u201d<\/em><\/p>\n\n\n\n<p>Leia abaixo, a nota do Sinasefe na \u00edntegra:&nbsp;<\/p>\n\n\n\n<p><strong><em>SINASEFE em defesa da democracia: puni\u00e7\u00e3o aos golpistas, sem anistia!<\/em><\/strong><em>&nbsp;<\/em><\/p>\n\n\n\n<p><em>H\u00e1 uma semana, em seu discurso de posse, o Presidente Lula afirmou, em alto e bom som, que o fortalecimento da democracia e a retomada da soberania nacional ser\u00e3o os pilares do seu governo, assim como o primado da lei. Mais do que mera ret\u00f3rica, essa posi\u00e7\u00e3o expressa a import\u00e2ncia da frente ampla que se constituiu em 2022, a fim de garantir a defesa da nossa t\u00e3o fr\u00e1gil democracia.<\/em><\/p>\n\n\n\n<p><em>Com \u00f3bvia inspira\u00e7\u00e3o na invas\u00e3o do Capit\u00f3lio (o Congresso dos Estados Unidos), que deixou cinco mortos em janeiro de 2021 (importante lembrar que nos EUA centenas de pessoas est\u00e3o sendo processadas e punidas por suas a\u00e7\u00f5es naquele dia), as incita\u00e7\u00f5es permanentes de Bolsonaro, bem como as a\u00e7\u00f5es de bolsonaristas radicais ap\u00f3s as elei\u00e7\u00f5es, explicitam o projeto golpista e criminoso da extrema-direita no Brasil e no mundo.<\/em><\/p>\n\n\n\n<p><em>O que estamos assistindo hoje (08\/01) \u00e9 mais uma prova de que a derrota eleitoral de Bolsonaro e a elei\u00e7\u00e3o de Lula, como sabemos, n\u00e3o ser\u00e3o suficientes para acabar com as tentativas de fechamento do regime democr\u00e1tico. O bolsonarismo, o fascismo e a extrema-direita n\u00e3o s\u00e3o oposi\u00e7\u00f5es pol\u00edticas tradicionais, portanto, n\u00e3o devem ser tratadas como tal. Como pr\u00f3prio Lula disse, \u00e9 preciso responder ao terror e \u00e0 viol\u00eancia \u201ccom a Lei e suas mais duras consequ\u00eancias\u201d, mas tamb\u00e9m com mobiliza\u00e7\u00e3o popular e massiva.<\/em><\/p>\n\n\n\n<p><strong><em>Apoiamos a decis\u00e3o do Presidente Lula em intervir na seguran\u00e7a do Distrito Federal<\/em><\/strong><em>, visto que o governador Ibaneis Rocha e seu secret\u00e1rio de seguran\u00e7a p\u00fablica, o ex-ministro da (in)justi\u00e7a e (in)seguran\u00e7a do (des)governo Bolsonaro, s\u00e3o, no m\u00ednimo, coniventes com essas mobiliza\u00e7\u00f5es por terem aberto m\u00e3o da obriga\u00e7\u00e3o de agir e permitido os atos terroristas contra a democracia brasileira que ocorreram hoje (08\/01). Demitir Anderson Torres do cargo n\u00e3o \u00e9 suficiente!<\/em><\/p>\n\n\n\n<p><em>Diante da concreta tentativa de golpe, \u00e9 preciso deter, investigar e punir todos os respons\u00e1veis: de autoridades pol\u00edticas, administrativas e militares, at\u00e9 os mandantes, financiadores e os participantes nos atos propriamente ditos. O governo Lula e o Poder Judici\u00e1rio n\u00e3o podem hesitar em acionar todos os mecanismos para punir os envolvidos. Para estes, como bradou o povo durante sua posse: <\/em><strong><em>sem anistia!<\/em><\/strong><\/p>\n\n\n\n<p><em>\u00c9 fundamental que o povo brasileiro permane\u00e7a em constante vigil\u00e2ncia democr\u00e1tica e mobiliza\u00e7\u00e3o popular permanente. O SINASEFE est\u00e1 mobilizado, participando de articula\u00e7\u00f5es e organiza\u00e7\u00e3o da classe trabalhadora por meio das frentes populares, das centrais sindicais e f\u00f3runs e coaliz\u00f5es no sentido de atuar tanto no \u00e2mbito jur\u00eddico, quanto pol\u00edtico e mobilizador na defesa e garantia da democracia brasileira e contra os fascistas. Recomendamos que todas as dire\u00e7\u00f5es das se\u00e7\u00f5es e militantes procurem se somar \u00e0s iniciativas de articula\u00e7\u00e3o e mobiliza\u00e7\u00e3o em suas regi\u00f5es.<\/em><\/p>\n\n\n\n<p><em>A defesa dos servi\u00e7os p\u00fablicos e da Rede Federal de Ensino requer, como pressuposto, a defesa intransigente da democracia. Nenhuma toler\u00e2ncia com os intolerantes, nenhuma liberdade aos inimigos da liberdade!<\/em><\/p>\n\n\n\n<p><\/p>\n","protected":false},"excerpt":{"rendered":"<p>Diante da real tentativa de golpe levada a cabo por integrantes da extrema direita no \u00faltimo domingo, 8 de janeiro, em Bras\u00edlia (DF), o Sinasefe Santa Maria refor\u00e7a sua posi\u00e7\u00e3o de defesa intransigente do Estado Democr\u00e1tico de Direito, da soberania popular (expressa, no que diz respeito \u00e0s elei\u00e7\u00f5es, em 31 de outubro) e da puni\u00e7\u00e3o,<\/p>\n","protected":false},"author":4,"featured_media":5504,"comment_status":"closed","ping_status":"closed","sticky":false,"template":"","format":"standard","meta":{"footnotes":""},"categories":[37,41,42,45],"tags":[],"class_list":{"0":"post-5501","1":"post","2":"type-post","3":"status-publish","4":"format-standard","5":"has-post-thumbnail","7":"category-destaque","8":"category-movimento","9":"category-noticia","10":"category-sindicato"},"_links":{"self":[{"href":"https:\/\/sinasefesm.com\/index.php\/wp-json\/wp\/v2\/posts\/5501","targetHints":{"allow":["GET"]}}],"collection":[{"href":"https:\/\/sinasefesm.com\/index.php\/wp-json\/wp\/v2\/posts"}],"about":[{"href":"https:\/\/sinasefesm.com\/index.php\/wp-json\/wp\/v2\/types\/post"}],"author":[{"embeddable":true,"href":"https:\/\/sinasefesm.com\/index.php\/wp-json\/wp\/v2\/users\/4"}],"replies":[{"embeddable":true,"href":"https:\/\/sinasefesm.com\/index.php\/wp-json\/wp\/v2\/comments?post=5501"}],"version-history":[{"count":0,"href":"https:\/\/sinasefesm.com\/index.php\/wp-json\/wp\/v2\/posts\/5501\/revisions"}],"wp:featuredmedia":[{"embeddable":true,"href":"https:\/\/sinasefesm.com\/index.php\/wp-json\/wp\/v2\/media\/5504"}],"wp:attachment":[{"href":"https:\/\/sinasefesm.com\/index.php\/wp-json\/wp\/v2\/media?parent=5501"}],"wp:term":[{"taxonomy":"category","embeddable":true,"href":"https:\/\/sinasefesm.com\/index.php\/wp-json\/wp\/v2\/categories?post=5501"},{"taxonomy":"post_tag","embeddable":true,"href":"https:\/\/sinasefesm.com\/index.php\/wp-json\/wp\/v2\/tags?post=5501"}],"curies":[{"name":"wp","href":"https:\/\/api.w.org\/{rel}","templated":true}]}}