{"id":5509,"date":"2023-01-11T15:53:49","date_gmt":"2023-01-11T15:53:49","guid":{"rendered":"https:\/\/sinasefesm.com\/?p=5509"},"modified":"2023-01-11T15:53:49","modified_gmt":"2023-01-11T15:53:49","slug":"mesa-de-negociacao-e-confirmada-pela-ministra-da-gestao-e-inovacao-em-servicos-publicos","status":"publish","type":"post","link":"https:\/\/sinasefesm.com\/index.php\/2023\/01\/11\/mesa-de-negociacao-e-confirmada-pela-ministra-da-gestao-e-inovacao-em-servicos-publicos\/","title":{"rendered":"Mesa de negocia\u00e7\u00e3o \u00e9 confirmada pela Ministra da Gest\u00e3o e Inova\u00e7\u00e3o em Servi\u00e7os P\u00fablicos"},"content":{"rendered":"\n<p>Ap\u00f3s press\u00e3o dos servidores e sindicatos, a nova Ministra da Gest\u00e3o e Inova\u00e7\u00e3o em Servi\u00e7os P\u00fablicos, Esther Dweck, afirmou, na sequ\u00eancia de sua posse no dia 2 de janeiro, que uma mesa de negocia\u00e7\u00e3o permanente com o funcionalismo federal ser\u00e1 aberta ainda neste m\u00eas. O respons\u00e1vel pela instala\u00e7\u00e3o da mesa deve ser anunciado entre 9 e 13 de janeiro, de acordo com a Ministra.<\/p>\n\n\n\n<p>A medida simboliza o fim de um per\u00edodo de seis anos sem di\u00e1logos e negocia\u00e7\u00f5es entre o setor p\u00fablico e o Estado (dois anos de governo Temer e quatro de governo Bolsonaro). Devido a essa longa fase, durante a semana de posse dos ministros da nova gest\u00e3o, as entidades representativas entregaram uma <a href=\"https:\/\/sinasefesm.com\/sinasefe-marca-presenca-na-posse-de-lula-e-cobra-atendimento-de-reivindicacoes\/\">carta com suas principais reivindica\u00e7\u00f5es<\/a>: dentre elas, est\u00e1 o reajuste linear dos sal\u00e1rios de, aproximadamente, 27%, seguindo o \u00edndice da infla\u00e7\u00e3o acumulada durante os quatro anos de governo Bolsonaro.&nbsp;<\/p>\n\n\n\n<p>Diferente dos gestores de antes, Esther compreende a import\u00e2ncia de ouvir as demandas dos trabalhadores e discutir propostas futuras com eles: <em>\u201ca pauta dos servidores \u00e9 a mais urgente que se coloca, demandando o debate com as diferentes carreiras do servi\u00e7o p\u00fablico sobre remunera\u00e7\u00e3o, reestrutura\u00e7\u00e3o de carreiras e retomada da realiza\u00e7\u00e3o de concursos.\u201d <\/em>Nesse sentido, assim que houver os primeiros di\u00e1logos acerca da corre\u00e7\u00e3o salarial, segundo a Ministra, o reajuste ser\u00e1 feito, visto que h\u00e1 margem or\u00e7ament\u00e1ria para tal. Esse ser\u00e1 o passo inicial para que o funcionalismo p\u00fablico se recupere dos anos de neglig\u00eancia: <em>\u201cpara atingirmos efici\u00eancia na gest\u00e3o, o passo primordial \u00e9 interromper o processo de desmonte do Estado brasileiro que ocorreu ao longo dos \u00faltimos anos\u201d, <\/em>declara Esther.<\/p>\n\n\n\n<p>Esther Dweck tamb\u00e9m declarou n\u00e3o concordar com a proposta da Reforma Administrativa (PEC 32\/2020), por acreditar que ela parte de uma <em>\u2018\u2019ideia punitiva dos servidores; e n\u00f3s [governo Lula] n\u00e3o faremos uma Reforma para punir servidores, mas para fortalec\u00ea-los para que prestem servi\u00e7os \u00e0 popula\u00e7\u00e3o\u201d.<\/em><\/p>\n\n\n\n<hr class=\"wp-block-separator has-alpha-channel-opacity\"\/>\n\n\n\n<p><em>Texto: Laurent Keller<\/em><\/p>\n\n\n\n<p><em>Imagem: Sinasefe Nacional<\/em><\/p>\n\n\n\n<p><em>Edi\u00e7\u00e3o: Bruna Homrich<\/em><\/p>\n","protected":false},"excerpt":{"rendered":"<p>Ap\u00f3s press\u00e3o dos servidores e sindicatos, a nova Ministra da Gest\u00e3o e Inova\u00e7\u00e3o em Servi\u00e7os P\u00fablicos, Esther Dweck, afirmou, na sequ\u00eancia de sua posse no dia 2 de janeiro, que uma mesa de negocia\u00e7\u00e3o permanente com o funcionalismo federal ser\u00e1 aberta ainda neste m\u00eas. O respons\u00e1vel pela instala\u00e7\u00e3o da mesa deve ser anunciado entre 9<\/p>\n","protected":false},"author":5,"featured_media":5510,"comment_status":"closed","ping_status":"closed","sticky":false,"template":"","format":"standard","meta":{"footnotes":""},"categories":[37,42],"tags":[128,169,170],"class_list":{"0":"post-5509","1":"post","2":"type-post","3":"status-publish","4":"format-standard","5":"has-post-thumbnail","7":"category-destaque","8":"category-noticia","9":"tag-esther-dweck","10":"tag-mesa-de-negociacao","11":"tag-mgi"},"_links":{"self":[{"href":"https:\/\/sinasefesm.com\/index.php\/wp-json\/wp\/v2\/posts\/5509","targetHints":{"allow":["GET"]}}],"collection":[{"href":"https:\/\/sinasefesm.com\/index.php\/wp-json\/wp\/v2\/posts"}],"about":[{"href":"https:\/\/sinasefesm.com\/index.php\/wp-json\/wp\/v2\/types\/post"}],"author":[{"embeddable":true,"href":"https:\/\/sinasefesm.com\/index.php\/wp-json\/wp\/v2\/users\/5"}],"replies":[{"embeddable":true,"href":"https:\/\/sinasefesm.com\/index.php\/wp-json\/wp\/v2\/comments?post=5509"}],"version-history":[{"count":0,"href":"https:\/\/sinasefesm.com\/index.php\/wp-json\/wp\/v2\/posts\/5509\/revisions"}],"wp:featuredmedia":[{"embeddable":true,"href":"https:\/\/sinasefesm.com\/index.php\/wp-json\/wp\/v2\/media\/5510"}],"wp:attachment":[{"href":"https:\/\/sinasefesm.com\/index.php\/wp-json\/wp\/v2\/media?parent=5509"}],"wp:term":[{"taxonomy":"category","embeddable":true,"href":"https:\/\/sinasefesm.com\/index.php\/wp-json\/wp\/v2\/categories?post=5509"},{"taxonomy":"post_tag","embeddable":true,"href":"https:\/\/sinasefesm.com\/index.php\/wp-json\/wp\/v2\/tags?post=5509"}],"curies":[{"name":"wp","href":"https:\/\/api.w.org\/{rel}","templated":true}]}}