{"id":5513,"date":"2023-01-12T23:38:29","date_gmt":"2023-01-12T23:38:29","guid":{"rendered":"https:\/\/sinasefesm.com\/?p=5513"},"modified":"2023-01-12T23:38:29","modified_gmt":"2023-01-12T23:38:29","slug":"sinasefe-exige-revogacao-da-portaria-no-10723-2022-que-trata-da-redistribuicao-de-servidoresas","status":"publish","type":"post","link":"https:\/\/sinasefesm.com\/index.php\/2023\/01\/12\/sinasefe-exige-revogacao-da-portaria-no-10723-2022-que-trata-da-redistribuicao-de-servidoresas\/","title":{"rendered":"Sinasefe exige revoga\u00e7\u00e3o da Portaria n\u00ba 10723\/2022, que trata da redistribui\u00e7\u00e3o de servidores(as)"},"content":{"rendered":"\n<p>Autorit\u00e1ria e impositiva. Essa \u00e9 a avalia\u00e7\u00e3o da Dire\u00e7\u00e3o Nacional (DN) do Sinasefe acerca da <a href=\"https:\/\/www.in.gov.br\/en\/web\/dou\/-\/portaria-sgp\/sedgg\/me-n-10.723-de-19-de-dezembro-de-2022-452391252?fbclid=IwAR3EiW4CweK60y0D2JAErzAdcg-YhvzHuhPqJGPl0Jp35NGsvligda1szNw&amp;mibextid=Zxz2cZ\" data-type=\"URL\" data-id=\"https:\/\/www.in.gov.br\/en\/web\/dou\/-\/portaria-sgp\/sedgg\/me-n-10.723-de-19-de-dezembro-de-2022-452391252?fbclid=IwAR3EiW4CweK60y0D2JAErzAdcg-YhvzHuhPqJGPl0Jp35NGsvligda1szNw&amp;mibextid=Zxz2cZ\" target=\"_blank\" rel=\"noreferrer noopener\">Portaria n\u00ba 10723\/2022<\/a>, editada e publicada, no dia 19 de dezembro, pela Secretaria Especial de Desburocratiza\u00e7\u00e3o, Gest\u00e3o e Governo Digital e pela Secretaria de Gest\u00e3o e Desempenho de Pessoal do ent\u00e3o Minist\u00e9rio da Economia. A considerar pela data, percebe-se que esse foi um dos \u00faltimos presentes de grego deixados por Jair Bolsonaro ao funcionalismo p\u00fablico.<\/p>\n\n\n\n<p>O principal objetivo da Portaria \u00e9 disciplinar a redistribui\u00e7\u00e3o de servidores(as) p\u00fablicos(as) federais, impedindo, por exemplo, a redistribui\u00e7\u00e3o de quem estiver em est\u00e1gio probat\u00f3rio, de quem passou por mudan\u00e7a nos \u00faltimos cinco anos e de quem responde Processo Administrativo Disciplinar (PAD) e\/ou sindic\u00e2ncia.<\/p>\n\n\n\n<p>Frente \u00e0 publica\u00e7\u00e3o de tal ato por parte do ent\u00e3o governo federal, a DN do Sinasefe solicitou, de imediato, um parecer \u00e0 Assessoria Jur\u00eddica Nacional (AJN) do sindicato, que confirmou a exist\u00eancia, no texto da Portaria, de uma s\u00e9rie de ilegalidades, problemas pol\u00edticos e administrativos.<\/p>\n\n\n\n<p>Outros pontos problem\u00e1ticos destacados pelo setor jur\u00eddico foi o ataque \u00e0 autonomia administrativa e financeira de determinados \u00f3rg\u00e3os da administra\u00e7\u00e3o indireta, como as autarquias, uma vez que a Portaria prev\u00ea que a redistribui\u00e7\u00e3o de cargos&nbsp; entre&nbsp; entidades&nbsp; vinculadas&nbsp; a&nbsp; um&nbsp; mesmo Minist\u00e9rio ser\u00e1 efetivada por portaria do respectivo Ministro de Estado (art. 2\u00ba).<\/p>\n\n\n\n<p>Leia, abaixo, a an\u00e1lise completa da AJN (tamb\u00e9m dispon\u00edvel para download):<\/p>\n\n\n\n<div data-wp-interactive=\"core\/file\" class=\"wp-block-file\"><object data-wp-bind--hidden=\"!state.hasPdfPreview\" hidden class=\"wp-block-file__embed\" data=\"https:\/\/sinasefesm.com\/wp-content\/uploads\/2023\/01\/portaria10723ajn.pdf\" type=\"application\/pdf\" style=\"width:100%;height:600px\" aria-label=\"Incorporado de portaria10723ajn.\"><\/object><a id=\"wp-block-file--media-5a15d750-0922-4e74-b92d-ebeea285f31e\" href=\"https:\/\/sinasefesm.com\/wp-content\/uploads\/2023\/01\/portaria10723ajn.pdf\">portaria10723ajn<\/a><a href=\"https:\/\/sinasefesm.com\/wp-content\/uploads\/2023\/01\/portaria10723ajn.pdf\" class=\"wp-block-file__button wp-element-button\" download aria-describedby=\"wp-block-file--media-5a15d750-0922-4e74-b92d-ebeea285f31e\">Baixar<\/a><\/div>\n\n\n\n<h2 class=\"wp-block-heading\"><strong>Sinasefe dialoga com ministra<\/strong><\/h2>\n\n\n\n<p>A revoga\u00e7\u00e3o completa da Portaria n\u00ba 10723\/2022 vem sendo fortemente pautada pela DN do Sinasefe junto \u00e0 equipe da Ministra da Gest\u00e3o e Inova\u00e7\u00e3o em Servi\u00e7os P\u00fablicos, Esther Dweck. A ideia \u00e9 que, ap\u00f3s revogada, a quest\u00e3o da redistribui\u00e7\u00e3o entre como ponto da pauta da Mesa de Negocia\u00e7\u00e3o Permanente que a Ministra firmou o compromisso de instalar o mais r\u00e1pido poss\u00edvel, tanto em seu discurso de posse, quanto em conversa com a pr\u00f3pria Coordena\u00e7\u00e3o Geral do sindicato, no dia 2 de janeiro de 2023.<\/p>\n","protected":false},"excerpt":{"rendered":"<p>Autorit\u00e1ria e impositiva. Essa \u00e9 a avalia\u00e7\u00e3o da Dire\u00e7\u00e3o Nacional (DN) do Sinasefe acerca da Portaria n\u00ba 10723\/2022, editada e publicada, no dia 19 de dezembro, pela Secretaria Especial de Desburocratiza\u00e7\u00e3o, Gest\u00e3o e Governo Digital e pela Secretaria de Gest\u00e3o e Desempenho de Pessoal do ent\u00e3o Minist\u00e9rio da Economia. A considerar pela data, percebe-se que<\/p>\n","protected":false},"author":3,"featured_media":5514,"comment_status":"closed","ping_status":"closed","sticky":false,"template":"","format":"standard","meta":{"footnotes":""},"categories":[37,42,45],"tags":[],"class_list":{"0":"post-5513","1":"post","2":"type-post","3":"status-publish","4":"format-standard","5":"has-post-thumbnail","7":"category-destaque","8":"category-noticia","9":"category-sindicato"},"_links":{"self":[{"href":"https:\/\/sinasefesm.com\/index.php\/wp-json\/wp\/v2\/posts\/5513","targetHints":{"allow":["GET"]}}],"collection":[{"href":"https:\/\/sinasefesm.com\/index.php\/wp-json\/wp\/v2\/posts"}],"about":[{"href":"https:\/\/sinasefesm.com\/index.php\/wp-json\/wp\/v2\/types\/post"}],"author":[{"embeddable":true,"href":"https:\/\/sinasefesm.com\/index.php\/wp-json\/wp\/v2\/users\/3"}],"replies":[{"embeddable":true,"href":"https:\/\/sinasefesm.com\/index.php\/wp-json\/wp\/v2\/comments?post=5513"}],"version-history":[{"count":0,"href":"https:\/\/sinasefesm.com\/index.php\/wp-json\/wp\/v2\/posts\/5513\/revisions"}],"wp:featuredmedia":[{"embeddable":true,"href":"https:\/\/sinasefesm.com\/index.php\/wp-json\/wp\/v2\/media\/5514"}],"wp:attachment":[{"href":"https:\/\/sinasefesm.com\/index.php\/wp-json\/wp\/v2\/media?parent=5513"}],"wp:term":[{"taxonomy":"category","embeddable":true,"href":"https:\/\/sinasefesm.com\/index.php\/wp-json\/wp\/v2\/categories?post=5513"},{"taxonomy":"post_tag","embeddable":true,"href":"https:\/\/sinasefesm.com\/index.php\/wp-json\/wp\/v2\/tags?post=5513"}],"curies":[{"name":"wp","href":"https:\/\/api.w.org\/{rel}","templated":true}]}}