{"id":5522,"date":"2023-01-13T20:39:30","date_gmt":"2023-01-13T20:39:30","guid":{"rendered":"https:\/\/sinasefesm.com\/?p=5522"},"modified":"2023-01-13T20:39:30","modified_gmt":"2023-01-13T20:39:30","slug":"dce-promove-exibicao-do-documentario-sobre-caso-kiss","status":"publish","type":"post","link":"https:\/\/sinasefesm.com\/index.php\/2023\/01\/13\/dce-promove-exibicao-do-documentario-sobre-caso-kiss\/","title":{"rendered":"DCE promove exibi\u00e7\u00e3o do document\u00e1rio sobre caso Kiss"},"content":{"rendered":"\n<p>Na pr\u00f3xima quarta-feira, 18 de janeiro, ocorrer\u00e1 mais uma edi\u00e7\u00e3o do Cine DCE, na \u00e1rea externa da Biblioteca Central da UFSM, \u00e0s 19 horas. Nesta sess\u00e3o ser\u00e1 exibido o document\u00e1rio da TV Ovo, \u2018\u2019Depois daquele dia\u2019\u2019, como forma de lembrar o inc\u00eandio da Boate Kiss, que completa 10 anos no pr\u00f3ximo dia 27. O objetivo \u00e9 que n\u00e3o se repita a trag\u00e9dia respons\u00e1vel por interromper a vida de centenas de jovens, muitos alunos da UFSM.<\/p>\n\n\n\n<p>A iniciativa, promovida pelo Diret\u00f3rio Central dos e das Estudantes (DCE) da UFSM, contar\u00e1 com a presen\u00e7a da Associa\u00e7\u00e3o dos Familiares de V\u00edtimas e Sobreviventes da Trag\u00e9dia de Santa Maria (AVTSM) e do Coletivo Kiss: que n\u00e3o se repita, para fomentar um debate profundo acerca da trag\u00e9dia que marcou n\u00e3o somente Santa Maria, mas o Brasil inteiro.&nbsp;<\/p>\n\n\n\n<p>Desde 2022, o DCE tem realizado sess\u00f5es de filmes e document\u00e1rios relevantes para a atualidade. Para assistir n\u00e3o \u00e9 preciso fazer inscri\u00e7\u00e3o, nem pagamento.<\/p>\n\n\n\n<hr class=\"wp-block-separator has-alpha-channel-opacity\"\/>\n\n\n\n<p><em>Texto: Laurent Keller<\/em><\/p>\n\n\n\n<p><em>Imagem: DCE UFSM<\/em><\/p>\n\n\n\n<p><em>Edi\u00e7\u00e3o: Bruna Homrich<\/em><\/p>\n","protected":false},"excerpt":{"rendered":"<p>Na pr\u00f3xima quarta-feira, 18 de janeiro, ocorrer\u00e1 mais uma edi\u00e7\u00e3o do Cine DCE, na \u00e1rea externa da Biblioteca Central da UFSM, \u00e0s 19 horas. Nesta sess\u00e3o ser\u00e1 exibido o document\u00e1rio da TV Ovo, \u2018\u2019Depois daquele dia\u2019\u2019, como forma de lembrar o inc\u00eandio da Boate Kiss, que completa 10 anos no pr\u00f3ximo dia 27. O objetivo<\/p>\n","protected":false},"author":5,"featured_media":5523,"comment_status":"closed","ping_status":"closed","sticky":false,"template":"","format":"standard","meta":{"footnotes":""},"categories":[37,39],"tags":[80,97,225],"class_list":{"0":"post-5522","1":"post","2":"type-post","3":"status-publish","4":"format-standard","5":"has-post-thumbnail","7":"category-destaque","8":"category-eventos","9":"tag-caso-kiss","10":"tag-dce","11":"tag-ufsm"},"_links":{"self":[{"href":"https:\/\/sinasefesm.com\/index.php\/wp-json\/wp\/v2\/posts\/5522","targetHints":{"allow":["GET"]}}],"collection":[{"href":"https:\/\/sinasefesm.com\/index.php\/wp-json\/wp\/v2\/posts"}],"about":[{"href":"https:\/\/sinasefesm.com\/index.php\/wp-json\/wp\/v2\/types\/post"}],"author":[{"embeddable":true,"href":"https:\/\/sinasefesm.com\/index.php\/wp-json\/wp\/v2\/users\/5"}],"replies":[{"embeddable":true,"href":"https:\/\/sinasefesm.com\/index.php\/wp-json\/wp\/v2\/comments?post=5522"}],"version-history":[{"count":0,"href":"https:\/\/sinasefesm.com\/index.php\/wp-json\/wp\/v2\/posts\/5522\/revisions"}],"wp:featuredmedia":[{"embeddable":true,"href":"https:\/\/sinasefesm.com\/index.php\/wp-json\/wp\/v2\/media\/5523"}],"wp:attachment":[{"href":"https:\/\/sinasefesm.com\/index.php\/wp-json\/wp\/v2\/media?parent=5522"}],"wp:term":[{"taxonomy":"category","embeddable":true,"href":"https:\/\/sinasefesm.com\/index.php\/wp-json\/wp\/v2\/categories?post=5522"},{"taxonomy":"post_tag","embeddable":true,"href":"https:\/\/sinasefesm.com\/index.php\/wp-json\/wp\/v2\/tags?post=5522"}],"curies":[{"name":"wp","href":"https:\/\/api.w.org\/{rel}","templated":true}]}}