{"id":5525,"date":"2023-01-16T13:37:34","date_gmt":"2023-01-16T13:37:34","guid":{"rendered":"https:\/\/sinasefesm.com\/?p=5525"},"modified":"2023-01-16T13:37:34","modified_gmt":"2023-01-16T13:37:34","slug":"mais-um-passo-rumo-a-revogacao-da-portaria-10723-sinasefe-protocola-oficio-pedindo-audiencia-com-governo","status":"publish","type":"post","link":"https:\/\/sinasefesm.com\/index.php\/2023\/01\/16\/mais-um-passo-rumo-a-revogacao-da-portaria-10723-sinasefe-protocola-oficio-pedindo-audiencia-com-governo\/","title":{"rendered":"Mais um passo rumo \u00e0 revoga\u00e7\u00e3o da portaria 10723: Sinasefe protocola of\u00edcio pedindo audi\u00eancia com governo"},"content":{"rendered":"\n<p>T\u00e3o logo assumiu, o secret\u00e1rio de Gest\u00e3o de Pessoas e Rela\u00e7\u00f5es de Trabalho do Minist\u00e9rio da Gest\u00e3o e da Inova\u00e7\u00e3o em Servi\u00e7os P\u00fablicos, S\u00e9rgio Mendon\u00e7a, recebeu, das m\u00e3os de Elenira Vilela, coordenadora geral do Sinasefe, e de Denilza Frade, 2\u00aa tesoureira da entidade, um of\u00edcio. No conte\u00fado do documento estava a solicita\u00e7\u00e3o de uma audi\u00eancia para encaminhar a imediata revoga\u00e7\u00e3o da <a href=\"https:\/\/www.in.gov.br\/en\/web\/dou\/-\/portaria-sgp\/sedgg\/me-n-10.723-de-19-de-dezembro-de-2022-452391252?fbclid=IwAR3EiW4CweK60y0D2JAErzAdcg-YhvzHuhPqJGPl0Jp35NGsvligda1szNw&amp;mibextid=Zxz2cZ\" data-type=\"URL\" data-id=\"https:\/\/www.in.gov.br\/en\/web\/dou\/-\/portaria-sgp\/sedgg\/me-n-10.723-de-19-de-dezembro-de-2022-452391252?fbclid=IwAR3EiW4CweK60y0D2JAErzAdcg-YhvzHuhPqJGPl0Jp35NGsvligda1szNw&amp;mibextid=Zxz2cZ\" target=\"_blank\" rel=\"noreferrer noopener\">Portaria n\u00ba 10723\/2022<\/a>, que trata, de forma considerada autorit\u00e1ria e impositiva, da redistribui\u00e7\u00e3o dos cargos no funcionalismo p\u00fablico federal.<\/p>\n\n\n\n<p>A entrega do of\u00edcio ocorreu no dia 12 de janeiro, em Bras\u00edlia (DF).<\/p>\n\n\n\n<p>\u201cMuitas fam\u00edlias j\u00e1 estavam com um processo avan\u00e7ado e foi travado por esta portaria. Na nossa rede tem fam\u00edlias em que o pai est\u00e1 morando em Manaus e a m\u00e3e no Rio Grande do Sul, e que estavam prestes a se reunir com a redistribui\u00e7\u00e3o pronta. E foi travado\u201d, disse Elenira Vilela a Mendon\u00e7a, enquanto entregava o documento, que pode ser lido abaixo.<\/p>\n\n\n\n<div data-wp-interactive=\"core\/file\" class=\"wp-block-file\"><object data-wp-bind--hidden=\"!state.hasPdfPreview\" hidden class=\"wp-block-file__embed\" data=\"https:\/\/sinasefesm.com\/wp-content\/uploads\/2023\/01\/OFICIO0032023MINISTRAESTHERDWECKDAGESTAOINOVACAO.pdf\" type=\"application\/pdf\" style=\"width:100%;height:600px\" aria-label=\"Incorporado de OFICIO0032023MINISTRAESTHERDWECKDAGESTAOINOVACAO.\"><\/object><a id=\"wp-block-file--media-dcff13f4-f3b1-4689-890f-84e1815a03a5\" href=\"https:\/\/sinasefesm.com\/wp-content\/uploads\/2023\/01\/OFICIO0032023MINISTRAESTHERDWECKDAGESTAOINOVACAO.pdf\">OFICIO0032023MINISTRAESTHERDWECKDAGESTAOINOVACAO<\/a><a href=\"https:\/\/sinasefesm.com\/wp-content\/uploads\/2023\/01\/OFICIO0032023MINISTRAESTHERDWECKDAGESTAOINOVACAO.pdf\" class=\"wp-block-file__button wp-element-button\" download aria-describedby=\"wp-block-file--media-dcff13f4-f3b1-4689-890f-84e1815a03a5\">Baixar<\/a><\/div>\n\n\n\n<h2 class=\"wp-block-heading\">Jur\u00eddico contesta portaria \u00a0\u00a0\u00a0\u00a0\u00a0<\/h2>\n\n\n\n<p>Publicada no apagar das luzes do governo de Jair Bolsonaro, em 19 de dezembro, a portaria foi cuidadosamente analisada pela Assessoria Jur\u00eddica Nacional (AJN) do Sinasefe, que constatou uma s\u00e9rie de ilegalidades, problemas pol\u00edticos e administrativos em seu texto. Exemplos s\u00e3o a negativa \u00e0 redistribui\u00e7\u00e3o de quem estiver em est\u00e1gio probat\u00f3rio, de quem passou por mudan\u00e7a nos \u00faltimos cinco anos e de quem responde Processo Administrativo Disciplinar (PAD) e\/ou sindic\u00e2ncia.<\/p>\n\n\n\n<p>Em posicionamento oficial, o Sinasefe destacou: \u201cAinda que em per\u00edodo de f\u00e9rias de todas e todos, a Dire\u00e7\u00e3o Nacional do SINASEFE segue atuando de maneira firme na defesa dos interesses da categoria, da educa\u00e7\u00e3o p\u00fablica, do servi\u00e7o p\u00fablico e da classe trabalhadora brasileira, de maneira incans\u00e1vel. Dizemos: revoga\u00e7\u00e3o imediata da Portaria 10723\/2022! Nenhuma medida que atinge trabalhadoras e trabalhadores deve ser tomada sem que sejamos ouvidas(os)!\u201d.<\/p>\n\n\n\n<p>Leia, abaixo, a an\u00e1lise jur\u00eddica completa acerca da Portaria 10723:<\/p>\n\n\n\n<div data-wp-interactive=\"core\/file\" class=\"wp-block-file\"><object data-wp-bind--hidden=\"!state.hasPdfPreview\" hidden class=\"wp-block-file__embed\" data=\"https:\/\/sinasefesm.com\/wp-content\/uploads\/2023\/01\/portaria10723ajn-1.pdf\" type=\"application\/pdf\" style=\"width:100%;height:600px\" aria-label=\"Incorporado de portaria10723ajn-1.\"><\/object><a id=\"wp-block-file--media-b49f1f2e-1e6e-4e3d-8035-a7e6bc1a9260\" href=\"https:\/\/sinasefesm.com\/wp-content\/uploads\/2023\/01\/portaria10723ajn-1.pdf\">portaria10723ajn-1<\/a><a href=\"https:\/\/sinasefesm.com\/wp-content\/uploads\/2023\/01\/portaria10723ajn-1.pdf\" class=\"wp-block-file__button wp-element-button\" download aria-describedby=\"wp-block-file--media-b49f1f2e-1e6e-4e3d-8035-a7e6bc1a9260\">Baixar<\/a><\/div>\n","protected":false},"excerpt":{"rendered":"<p>T\u00e3o logo assumiu, o secret\u00e1rio de Gest\u00e3o de Pessoas e Rela\u00e7\u00f5es de Trabalho do Minist\u00e9rio da Gest\u00e3o e da Inova\u00e7\u00e3o em Servi\u00e7os P\u00fablicos, S\u00e9rgio Mendon\u00e7a, recebeu, das m\u00e3os de Elenira Vilela, coordenadora geral do Sinasefe, e de Denilza Frade, 2\u00aa tesoureira da entidade, um of\u00edcio. No conte\u00fado do documento estava a solicita\u00e7\u00e3o de uma audi\u00eancia<\/p>\n","protected":false},"author":3,"featured_media":5530,"comment_status":"closed","ping_status":"closed","sticky":false,"template":"","format":"standard","meta":{"footnotes":""},"categories":[37,42,45],"tags":[],"class_list":{"0":"post-5525","1":"post","2":"type-post","3":"status-publish","4":"format-standard","5":"has-post-thumbnail","7":"category-destaque","8":"category-noticia","9":"category-sindicato"},"_links":{"self":[{"href":"https:\/\/sinasefesm.com\/index.php\/wp-json\/wp\/v2\/posts\/5525","targetHints":{"allow":["GET"]}}],"collection":[{"href":"https:\/\/sinasefesm.com\/index.php\/wp-json\/wp\/v2\/posts"}],"about":[{"href":"https:\/\/sinasefesm.com\/index.php\/wp-json\/wp\/v2\/types\/post"}],"author":[{"embeddable":true,"href":"https:\/\/sinasefesm.com\/index.php\/wp-json\/wp\/v2\/users\/3"}],"replies":[{"embeddable":true,"href":"https:\/\/sinasefesm.com\/index.php\/wp-json\/wp\/v2\/comments?post=5525"}],"version-history":[{"count":0,"href":"https:\/\/sinasefesm.com\/index.php\/wp-json\/wp\/v2\/posts\/5525\/revisions"}],"wp:featuredmedia":[{"embeddable":true,"href":"https:\/\/sinasefesm.com\/index.php\/wp-json\/wp\/v2\/media\/5530"}],"wp:attachment":[{"href":"https:\/\/sinasefesm.com\/index.php\/wp-json\/wp\/v2\/media?parent=5525"}],"wp:term":[{"taxonomy":"category","embeddable":true,"href":"https:\/\/sinasefesm.com\/index.php\/wp-json\/wp\/v2\/categories?post=5525"},{"taxonomy":"post_tag","embeddable":true,"href":"https:\/\/sinasefesm.com\/index.php\/wp-json\/wp\/v2\/tags?post=5525"}],"curies":[{"name":"wp","href":"https:\/\/api.w.org\/{rel}","templated":true}]}}