{"id":5531,"date":"2023-01-16T21:00:36","date_gmt":"2023-01-16T21:00:36","guid":{"rendered":"https:\/\/sinasefesm.com\/?p=5531"},"modified":"2023-01-16T21:00:36","modified_gmt":"2023-01-16T21:00:36","slug":"resgatar-a-memoria-e-construir-o-futuro-10-anos-do-incendio-da-boate-kiss-sera-marcado-por-programacao-especial","status":"publish","type":"post","link":"https:\/\/sinasefesm.com\/index.php\/2023\/01\/16\/resgatar-a-memoria-e-construir-o-futuro-10-anos-do-incendio-da-boate-kiss-sera-marcado-por-programacao-especial\/","title":{"rendered":"&#8221;Resgatar a mem\u00f3ria \u00e9 construir o futuro&#8221;: 10 anos do inc\u00eandio da Boate Kiss ser\u00e1 marcado por programa\u00e7\u00e3o especial"},"content":{"rendered":"\n<p>Para que n\u00e3o se esque\u00e7a da maior trag\u00e9dia de Santa Maria, respons\u00e1vel por cessar a vida de 242 pessoas, ferir outras 636 e desolar incont\u00e1veis fam\u00edlias para sempre, ocorrer\u00e1 uma s\u00e9rie de atos simb\u00f3licos, eventos e mobiliza\u00e7\u00f5es no centro da cidade, em lembran\u00e7a aos 10 anos do inc\u00eandio da Boate Kiss. As atividades acontecer\u00e3o entre os dias 25 e 28 de janeiro e s\u00e3o abertas a todos os santa-marienses que desejam prestar homenagem \u00e0s v\u00edtimas.<\/p>\n\n\n\n<p>A organiza\u00e7\u00e3o dos eventos est\u00e1 sendo feita pela Associa\u00e7\u00e3o dos Familiares de V\u00edtimas e Sobreviventes da Trag\u00e9dia de Santa Maria (AVTSM), pelo coletivo \u2018\u2019Kiss: que n\u00e3o se repita\u2019\u2019 e pelo Eixo Kiss do Coletivo de Psican\u00e1lise de Santa Maria. Apoiando a iniciativa est\u00e3o: a Prefeitura de Santa Maria, a TV Ovo, a Sedufsm, o Diret\u00f3rio Central dos Estudantes (DCE) da UFSM, a CORSAN, o Sindicato dos Empregados em Estabelecimentos Banc\u00e1rios de Santa Maria e Regi\u00e3o (SEEB) e o Conselho Regional de Psicologia do Rio Grande do Sul (CRPRS).<\/p>\n\n\n\n<p>Abaixo, confira a programa\u00e7\u00e3o completa:&nbsp;<\/p>\n\n\n\n<p><strong>25\/01 (quarta-feira)<\/strong><\/p>\n\n\n\n<p>19h: Interven\u00e7\u00e3o de Colagem de frases e fotografias compondo um caminho da Pra\u00e7a Saldanha Marinho at\u00e9 o pr\u00e9dio onde funcionava a Boate Kiss.&nbsp;<\/p>\n\n\n\n<p>Local: Concentra\u00e7\u00e3o na tenda da vig\u00edlia (em frente ao Banrisul).<\/p>\n\n\n\n<p><strong>26\/01 (quinta-feira)<\/strong><\/p>\n\n\n\n<p>14h: Coletiva de imprensa.<\/p>\n\n\n\n<p>Local: Audit\u00f3rio da Sedufsm (Rua Andr\u00e9 Marques, n\u00ba 665).<\/p>\n\n\n\n<p>16h: Acolhida.<\/p>\n\n\n\n<p>Local: Pra\u00e7a Saldanha Marinho.<\/p>\n\n\n\n<p>18h: Abertura.<\/p>\n\n\n\n<p>Local: Pra\u00e7a Saldanha Marinho.<\/p>\n\n\n\n<p>18h30min: \u201c10 anos da AVTSM\u201d, com Adherbal Ferreira, pai de Jhenifer e ex-presidente; Fl\u00e1vio Silva, pai de Andrielle e ex-presidente; e Gabriel Rovadoschi, sobrevivente e presidente da associa\u00e7\u00e3o.<\/p>\n\n\n\n<p>Local: Pra\u00e7a Saldanha Marinho.<\/p>\n\n\n\n<p>19h30min: \u201cAniversariando Aus\u00eancias\u201d, com Fabr\u00edcio Carpinejar (poeta e cronista ga\u00facho).<\/p>\n\n\n\n<p>Local: Pra\u00e7a Saldanha Marinho.<\/p>\n\n\n\n<p>21h: Exibi\u00e7\u00e3o do primeiro epis\u00f3dio do document\u00e1rio da GloboPlay \u201cBoate Kiss: A Trag\u00e9dia de Santa Maria\u201d&nbsp;<\/p>\n\n\n\n<p>Local: Theatro Treze de Maio.<\/p>\n\n\n\n<p>Para aqueles que n\u00e3o desejam assistir ao document\u00e1rio, haver\u00e1 outras atividades simult\u00e2neas na Pra\u00e7a Saldanha Marinho.<\/p>\n\n\n\n<p>22h:Vig\u00edlia e a\u00e7\u00f5es de homenagem.<\/p>\n\n\n\n<p>Local: Em frente ao pr\u00e9dio em que funcionava a boate.<\/p>\n\n\n\n<p><strong>27\/01 (sexta-feira)<\/strong><\/p>\n\n\n\n<p>10h: Abertura e culto ecum\u00eanico.<\/p>\n\n\n\n<p>Local: Pra\u00e7a Saldanha Marinho.<\/p>\n\n\n\n<p>13h45min: Soltura dos bal\u00f5es.&nbsp;<\/p>\n\n\n\n<p>Local: Pra\u00e7a Saldanha Marinho.<\/p>\n\n\n\n<p>14h: \u201cM\u00e3es y Madres: Kiss e Croma\u00f1\u00f3n\u201d, com Nilda Gomez (Familias Por La Vida \u2013 Argentina) e m\u00e3es da AVTSM.<\/p>\n\n\n\n<p>Local: Pra\u00e7a Saldanha Marinho.<\/p>\n\n\n\n<p>15h30min: \u201cO Caso Kiss: at\u00e9 quando a justi\u00e7a vai servir \u00e0 impunidade?\u201d,com T\u00e2mara Soares, advogada que representa a AVTSM no lit\u00edgio internacional; Paulo Carvalho, pai do Rafael e diretor jur\u00eddico da AVTSM; e Pedro Barcellos Jr., advogado que representa a AVTSM no processo penal.<\/p>\n\n\n\n<p>Local: Pra\u00e7a Saldanha Marinho.<\/p>\n\n\n\n<p>17h: \u201cPor que preven\u00e7\u00e3o vale a pena?\u201d, com Antonio Berto, pesquisador chefe do Laborat\u00f3rio de Seguran\u00e7a ao fogo e a Explos\u00f5es no Instituto de Pesquisas Tecnol\u00f3gicas; e Rog\u00e9rio Lin, superintendente da Associa\u00e7\u00e3o Brasileira de Normas T\u00e9cnicas \u2013 ABNT e membro da Associa\u00e7\u00e3o Brasileira de Prote\u00e7\u00e3o Passiva Contra Inc\u00eandio \u2013 ABPP.<\/p>\n\n\n\n<p>Local: Pra\u00e7a Saldanha Marinho.<\/p>\n\n\n\n<p>19h: 10 anos do \u2018\u2018Kiss: que n\u00e3o se repita\u201d e apresenta\u00e7\u00e3o da campanha \u2018Tempo Perdido\u2019<\/p>\n\n\n\n<p>Local: Pra\u00e7a Saldanha MAARINHO.<\/p>\n\n\n\n<p>20h30min: \u201cPor que contar essa hist\u00f3ria 10 anos depois?\u201d, com Daniela Arbex, jornalista e autora do livro Todo Dia A Mesma Noite: A Hist\u00f3ria N\u00e3o Contada Da Boate Kiss, e Marcelo Canellas, jornalista e diretor da s\u00e9rie Boate Kiss: A Trag\u00e9dia de Santa Maria.<\/p>\n\n\n\n<p>Local: Pra\u00e7a Saldanha Marinho.<\/p>\n\n\n\n<p>22h: Encerramento com Juliana Pires, cantora santa-mariense.<\/p>\n\n\n\n<p>Local: Pra\u00e7a Saldanha Marinho.<\/p>\n\n\n\n<p><strong>28\/01 (s\u00e1bado)<\/strong><\/p>\n\n\n\n<p>20h: Missa em homenagem aos 242 jovens.<\/p>\n\n\n\n<p>Local: Bas\u00edlica Nossa Senhora Medianeira.<\/p>\n\n\n\n<figure class=\"wp-block-gallery has-nested-images columns-default is-cropped wp-block-gallery-1 is-layout-flex wp-block-gallery-is-layout-flex\">\n<figure class=\"wp-block-image size-large\"><img decoding=\"async\" data-id=\"5532\" src=\"https:\/\/sinasefesm.com\/wp-content\/uploads\/2023\/01\/WhatsApp-Image-2023-01-16-at-15.45.11-1.jpeg\" alt=\"\" class=\"wp-image-5532\"\/><\/figure>\n\n\n\n<figure class=\"wp-block-image size-large\"><img decoding=\"async\" data-id=\"5533\" src=\"https:\/\/sinasefesm.com\/wp-content\/uploads\/2023\/01\/WhatsApp-Image-2023-01-16-at-15.45.12.jpeg\" alt=\"\" class=\"wp-image-5533\"\/><\/figure>\n\n\n\n<figure class=\"wp-block-image size-large\"><img decoding=\"async\" data-id=\"5534\" src=\"https:\/\/sinasefesm.com\/wp-content\/uploads\/2023\/01\/WhatsApp-Image-2023-01-16-at-15.45.12-1.jpeg\" alt=\"\" class=\"wp-image-5534\"\/><\/figure>\n\n\n\n<figure class=\"wp-block-image size-large\"><img decoding=\"async\" data-id=\"5535\" src=\"https:\/\/sinasefesm.com\/wp-content\/uploads\/2023\/01\/WhatsApp-Image-2023-01-16-at-15.45.12-2.jpeg\" alt=\"\" class=\"wp-image-5535\"\/><\/figure>\n<\/figure>\n\n\n\n<hr class=\"wp-block-separator has-alpha-channel-opacity\"\/>\n\n\n\n<p><em>Texto: Laurent Keller<\/em><\/p>\n\n\n\n<p><em>Imagens: divulga\u00e7\u00e3o<\/em><\/p>\n\n\n\n<p><em>Edi\u00e7\u00e3o: Bruna Homrich&nbsp;<\/em><\/p>\n","protected":false},"excerpt":{"rendered":"<p>Para que n\u00e3o se esque\u00e7a da maior trag\u00e9dia de Santa Maria, respons\u00e1vel por cessar a vida de 242 pessoas, ferir outras 636 e desolar incont\u00e1veis fam\u00edlias para sempre, ocorrer\u00e1 uma s\u00e9rie de atos simb\u00f3licos, eventos e mobiliza\u00e7\u00f5es no centro da cidade, em lembran\u00e7a aos 10 anos do inc\u00eandio da Boate Kiss. As atividades acontecer\u00e3o entre<\/p>\n","protected":false},"author":5,"featured_media":5536,"comment_status":"closed","ping_status":"closed","sticky":false,"template":"","format":"standard","meta":{"footnotes":""},"categories":[37,39],"tags":[66],"class_list":{"0":"post-5531","1":"post","2":"type-post","3":"status-publish","4":"format-standard","5":"has-post-thumbnail","7":"category-destaque","8":"category-eventos","9":"tag-boate-kiss"},"_links":{"self":[{"href":"https:\/\/sinasefesm.com\/index.php\/wp-json\/wp\/v2\/posts\/5531","targetHints":{"allow":["GET"]}}],"collection":[{"href":"https:\/\/sinasefesm.com\/index.php\/wp-json\/wp\/v2\/posts"}],"about":[{"href":"https:\/\/sinasefesm.com\/index.php\/wp-json\/wp\/v2\/types\/post"}],"author":[{"embeddable":true,"href":"https:\/\/sinasefesm.com\/index.php\/wp-json\/wp\/v2\/users\/5"}],"replies":[{"embeddable":true,"href":"https:\/\/sinasefesm.com\/index.php\/wp-json\/wp\/v2\/comments?post=5531"}],"version-history":[{"count":0,"href":"https:\/\/sinasefesm.com\/index.php\/wp-json\/wp\/v2\/posts\/5531\/revisions"}],"wp:featuredmedia":[{"embeddable":true,"href":"https:\/\/sinasefesm.com\/index.php\/wp-json\/wp\/v2\/media\/5536"}],"wp:attachment":[{"href":"https:\/\/sinasefesm.com\/index.php\/wp-json\/wp\/v2\/media?parent=5531"}],"wp:term":[{"taxonomy":"category","embeddable":true,"href":"https:\/\/sinasefesm.com\/index.php\/wp-json\/wp\/v2\/categories?post=5531"},{"taxonomy":"post_tag","embeddable":true,"href":"https:\/\/sinasefesm.com\/index.php\/wp-json\/wp\/v2\/tags?post=5531"}],"curies":[{"name":"wp","href":"https:\/\/api.w.org\/{rel}","templated":true}]}}