{"id":5538,"date":"2023-01-18T03:06:18","date_gmt":"2023-01-18T03:06:18","guid":{"rendered":"https:\/\/sinasefesm.com\/?p=5538"},"modified":"2023-01-18T03:06:18","modified_gmt":"2023-01-18T03:06:18","slug":"luta-por-reajuste-sera-tema-da-178a-plena-do-sinasefe","status":"publish","type":"post","link":"https:\/\/sinasefesm.com\/index.php\/2023\/01\/18\/luta-por-reajuste-sera-tema-da-178a-plena-do-sinasefe\/","title":{"rendered":"Luta por reajuste ser\u00e1 tema da 178\u00aa Plena do Sinasefe"},"content":{"rendered":"\n<p>A luta do sindicato pelo reajuste emergencial \u00e0s e aos servidores p\u00fablicos e as tratativas que as entidades do funcionalismo t\u00eam feito com o governo federal para a abertura de uma mesa de negocia\u00e7\u00e3o est\u00e3o na pauta da 178\u00aa Plen\u00e1ria Nacional (Plena) do Sinasefe, marcada para ocorrer nos dias 11 e 12 de fevereiro, no San Marco Hotel, em Bras\u00edlia (DF).<\/p>\n\n\n\n<p>Acompanhe, abaixo, a pauta e a programa\u00e7\u00e3o completa:<\/p>\n\n\n\n<h2 class=\"wp-block-heading\"><strong>Pauta<\/strong><\/h2>\n\n\n\n<ol class=\"wp-block-list\" type=\"1\" start=\"1\">\n<li>Informes da DN;<\/li>\n\n\n\n<li>Informes das se\u00e7\u00f5es sindicais;<\/li>\n\n\n\n<li>An\u00e1lise de Conjuntura;<\/li>\n\n\n\n<li>Campanha Salarial e Mesa de Negocia\u00e7\u00e3o (reajuste, pauta de reivindica\u00e7\u00f5es e prioridades);<\/li>\n\n\n\n<li>Plano Or\u00e7ament\u00e1rio-Financeiro Anual do SINASEFE (al\u00ednea \u201cg\u201d do artigo 20 do&nbsp;<a href=\"https:\/\/sinasefe.org.br\/site\/sinasefe\/estatuto-e-regimento\/\" target=\"_blank\" rel=\"noreferrer noopener\">Estatuto<\/a>);<\/li>\n\n\n\n<li>Relat\u00f3rio conclusivo da&nbsp;<a href=\"https:\/\/sinasefe.org.br\/site\/reuniao-da-comissao-formada-no-34o-consinasefe\/\" target=\"_blank\" rel=\"noreferrer noopener\">Comiss\u00e3o de Apura\u00e7\u00e3o<\/a>&nbsp;de responsabilidades e autoria dos fatos ocorridos no 34\u00ba&nbsp;<a href=\"http:\/\/sinasefe.org.br\/consinasefe\" target=\"_blank\" rel=\"noreferrer noopener\">CONSINASEFE<\/a>;<\/li>\n\n\n\n<li><a href=\"https:\/\/sinasefe.org.br\/site\/encontros-regionais\/\" target=\"_blank\" rel=\"noreferrer noopener\">Encontros Regionais<\/a>,&nbsp;<a href=\"https:\/\/sinasefe.org.br\/site\/2o-seminario-de-carreira-do-sinasefe-encaminhamentos-aprovados\/\" target=\"_blank\" rel=\"noreferrer noopener\">Semin\u00e1rio de Carreira<\/a>&nbsp;e GT Carreira;<\/li>\n\n\n\n<li>Aprova\u00e7\u00e3o dos encaminhamentos do 14\u00ba&nbsp;<a href=\"https:\/\/sinasefe.org.br\/site\/escime\/\" target=\"_blank\" rel=\"noreferrer noopener\">ESCIME<\/a>.<\/li>\n<\/ol>\n\n\n\n<h2 class=\"wp-block-heading\"><strong>Programa\u00e7\u00e3o<\/strong><\/h2>\n\n\n\n<p><strong>11 de fevereiro (s\u00e1bado)<\/strong><\/p>\n\n\n\n<ul class=\"wp-block-list\">\n<li>08:00 \u00e0s 14:00: Credenciamento;<\/li>\n\n\n\n<li>08:00 \u00e0s 10:00: Informes da DN;<\/li>\n\n\n\n<li>10:00 \u00e0s 12:30: Informes das se\u00e7\u00f5es sindicais;<\/li>\n\n\n\n<li>12:30 \u00e0s 13:30: Almo\u00e7o;<\/li>\n\n\n\n<li>13:30 \u00e0s 16:00: An\u00e1lise de conjuntura;<\/li>\n\n\n\n<li>16:30 \u00e0s 17:00:&nbsp;<em>Coffee break<\/em><\/li>\n\n\n\n<li>17:00 \u00e0s 19:30: Campanha Salarial e Mesa de Negocia\u00e7\u00e3o (reajuste, pauta de reivindica\u00e7\u00f5es e prioridades).<\/li>\n<\/ul>\n\n\n\n<p><strong>12 de fevereiro (domingo)<\/strong><\/p>\n\n\n\n<ul class=\"wp-block-list\">\n<li>08:00 \u00e0s 09:00: Plano Or\u00e7ament\u00e1rio-Financeiro Anual do SINASEFE;<\/li>\n\n\n\n<li>09:00 \u00e0s 12:00: Relat\u00f3rio conclusivo da Comiss\u00e3o de Apura\u00e7\u00e3o de responsabilidades e autoria dos fatos ocorridos no 34\u00ba&nbsp;CONSINASEFE;<\/li>\n\n\n\n<li>12:00 \u00e0s 13:30: Almo\u00e7o;<\/li>\n\n\n\n<li>13:30 \u00e0s 14:00: Encontros Regionais, Semin\u00e1rio de Carreira&nbsp;e GT Carreira;<\/li>\n\n\n\n<li>14:00 \u00e0s 15:00: Aprova\u00e7\u00e3o dos encaminhamentos do 14\u00ba ESCIME;<\/li>\n\n\n\n<li>15:00 \u00e0s 16:00: Encaminhamentos;<\/li>\n\n\n\n<li>16:00: Encerramento.<\/li>\n<\/ul>\n","protected":false},"excerpt":{"rendered":"<p>A luta do sindicato pelo reajuste emergencial \u00e0s e aos servidores p\u00fablicos e as tratativas que as entidades do funcionalismo t\u00eam feito com o governo federal para a abertura de uma mesa de negocia\u00e7\u00e3o est\u00e3o na pauta da 178\u00aa Plen\u00e1ria Nacional (Plena) do Sinasefe, marcada para ocorrer nos dias 11 e 12 de fevereiro, no<\/p>\n","protected":false},"author":3,"featured_media":5539,"comment_status":"closed","ping_status":"closed","sticky":false,"template":"","format":"standard","meta":{"footnotes":""},"categories":[37,39,42,45],"tags":[],"class_list":{"0":"post-5538","1":"post","2":"type-post","3":"status-publish","4":"format-standard","5":"has-post-thumbnail","7":"category-destaque","8":"category-eventos","9":"category-noticia","10":"category-sindicato"},"_links":{"self":[{"href":"https:\/\/sinasefesm.com\/index.php\/wp-json\/wp\/v2\/posts\/5538","targetHints":{"allow":["GET"]}}],"collection":[{"href":"https:\/\/sinasefesm.com\/index.php\/wp-json\/wp\/v2\/posts"}],"about":[{"href":"https:\/\/sinasefesm.com\/index.php\/wp-json\/wp\/v2\/types\/post"}],"author":[{"embeddable":true,"href":"https:\/\/sinasefesm.com\/index.php\/wp-json\/wp\/v2\/users\/3"}],"replies":[{"embeddable":true,"href":"https:\/\/sinasefesm.com\/index.php\/wp-json\/wp\/v2\/comments?post=5538"}],"version-history":[{"count":0,"href":"https:\/\/sinasefesm.com\/index.php\/wp-json\/wp\/v2\/posts\/5538\/revisions"}],"wp:featuredmedia":[{"embeddable":true,"href":"https:\/\/sinasefesm.com\/index.php\/wp-json\/wp\/v2\/media\/5539"}],"wp:attachment":[{"href":"https:\/\/sinasefesm.com\/index.php\/wp-json\/wp\/v2\/media?parent=5538"}],"wp:term":[{"taxonomy":"category","embeddable":true,"href":"https:\/\/sinasefesm.com\/index.php\/wp-json\/wp\/v2\/categories?post=5538"},{"taxonomy":"post_tag","embeddable":true,"href":"https:\/\/sinasefesm.com\/index.php\/wp-json\/wp\/v2\/tags?post=5538"}],"curies":[{"name":"wp","href":"https:\/\/api.w.org\/{rel}","templated":true}]}}