{"id":5542,"date":"2023-01-20T01:18:29","date_gmt":"2023-01-20T01:18:29","guid":{"rendered":"https:\/\/sinasefesm.com\/?p=5542"},"modified":"2023-01-20T01:18:29","modified_gmt":"2023-01-20T01:18:29","slug":"sinasefe-participa-de-primeira-reuniao-de-lula-com-sindicatos-e-centrais-sindicais","status":"publish","type":"post","link":"https:\/\/sinasefesm.com\/index.php\/2023\/01\/20\/sinasefe-participa-de-primeira-reuniao-de-lula-com-sindicatos-e-centrais-sindicais\/","title":{"rendered":"Sinasefe participa de primeira reuni\u00e3o de Lula com sindicatos e centrais sindicais"},"content":{"rendered":"\n<p>Tr\u00eas representantes do Sinasefe acompanharam a primeira reuni\u00e3o do presidente Lula com as centrais sindicais e sindicatos de trabalhadores e trabalhadoras dos mais diversos setores. O evento ocorreu na \u00faltima quarta-feira, 18 de janeiro, no Pal\u00e1cio do Planalto, em Bras\u00edlia (DF), tendo tr\u00eas eixos como centrais: 1. A retomada da pol\u00edtica de valoriza\u00e7\u00e3o do sal\u00e1rio m\u00ednimo; 2. O reajuste para servidores(as) p\u00fablicos(as) federais; 3. O fortalecimento dos direitos trabalhistas.<\/p>\n\n\n\n<p>T\u00e2nia Sousa, da coordena\u00e7\u00e3o de Comunica\u00e7\u00e3o do Sinasefe, destacou a import\u00e2ncia da atividade. \u201cEstamos aqui representando o Sinasefe na primeira reuni\u00e3o do governo Lula com as centrais sindicais. Esse \u00e9 o momento em que a gente reafirma todas as nossas pautas entregues e a nossa prepara\u00e7\u00e3o para a mesa de negocia\u00e7\u00e3o, que deve acontecer no in\u00edcio de fevereiro\u201d, antecipou a dirigente.<\/p>\n\n\n<div class=\"wp-block-image is-style-default\">\n<figure class=\"alignleft size-full\"><img fetchpriority=\"high\" decoding=\"async\" width=\"1440\" height=\"959\" src=\"https:\/\/sinasefesm.com\/wp-content\/uploads\/2023\/01\/01_18_reuniao_lula10.jpeg\" alt=\"\" class=\"wp-image-5544\" srcset=\"https:\/\/sinasefesm.com\/wp-content\/uploads\/2023\/01\/01_18_reuniao_lula10.jpeg 1440w, https:\/\/sinasefesm.com\/wp-content\/uploads\/2023\/01\/01_18_reuniao_lula10-300x200.jpeg 300w, https:\/\/sinasefesm.com\/wp-content\/uploads\/2023\/01\/01_18_reuniao_lula10-1024x682.jpeg 1024w, https:\/\/sinasefesm.com\/wp-content\/uploads\/2023\/01\/01_18_reuniao_lula10-768x511.jpeg 768w, https:\/\/sinasefesm.com\/wp-content\/uploads\/2023\/01\/01_18_reuniao_lula10-150x100.jpeg 150w, https:\/\/sinasefesm.com\/wp-content\/uploads\/2023\/01\/01_18_reuniao_lula10-450x300.jpeg 450w, https:\/\/sinasefesm.com\/wp-content\/uploads\/2023\/01\/01_18_reuniao_lula10-1200x799.jpeg 1200w\" sizes=\"(max-width: 1440px) 100vw, 1440px\" \/><figcaption class=\"wp-element-caption\"><em>(da esq.): Jo\u00e3o Cichaczewski, T\u00e2nia Sousa e Ivo da Silva, coordenadores nacionais do Sinasefe <\/em><\/figcaption><\/figure><\/div>\n\n\n<p>Quem tamb\u00e9m representou o sindicato nacional na reuni\u00e3o entre o presidente e as centrais foi Jo\u00e3o Cichaczewski, coordenador de pol\u00edticas educacionais e culturais. Para ele, o encontro assumiu uma grandeza justamente por possibilitar a reivindica\u00e7\u00e3o de valoriza\u00e7\u00e3o do sal\u00e1rio m\u00ednimo e dos direitos da classe trabalhadora brasileira.<\/p>\n\n\n\n<p>\u201c\u00c9 o primeiro encontro do novo governo com o movimento sindical brasileiro, todo aqui representado nas suas centrais sindicais e entidades nacionais. [Vamos] retomar a pol\u00edtica de valoriza\u00e7\u00e3o do sal\u00e1rio m\u00ednimo depois de tantos anos de reajuste abaixo da infla\u00e7\u00e3o, o que colocou a classe trabalhadora brasileira em uma condi\u00e7\u00e3o de extrema pauperiza\u00e7\u00e3o\u201d, complementa.<\/p>\n\n\n\n<p>J\u00e1 Ivo da Silva, da coordena\u00e7\u00e3o jur\u00eddica e de rela\u00e7\u00f5es de trabalho, relembra que a reuni\u00e3o ocorreu no Pal\u00e1cio do Planalto, local rec\u00e9m destru\u00eddo por integrantes da extrema direita brasileira.<\/p>\n\n\n\n<p>\u201cDepois de quatro anos sem di\u00e1logo com o governo federal, n\u00f3s do Sinasefe, junto com todos os demais sindicatos do Brasil inteiro, abrimos a primeira reuni\u00e3o com o governo Lula no Pal\u00e1cio do Planalto. \u00c9 importante dizer que, h\u00e1 uma semana, os v\u00e2ndalos invadiram esse Pal\u00e1cio, que \u00e9 patrim\u00f4nio da rep\u00fablica brasileira, e n\u00f3s estamos hoje aqui retomando o trabalho da democracia. Abre-se a partir de agora, ent\u00e3o, a reivindica\u00e7\u00e3o do nosso reajuste\u201d, encerrou.<\/p>\n\n\n\n<p>Veja, abaixo, o relato das e dos dirigentes: <\/p>\n\n\n\n<figure class=\"wp-block-embed is-type-video is-provider-youtube wp-block-embed-youtube wp-embed-aspect-16-9 wp-has-aspect-ratio\"><div class=\"wp-block-embed__wrapper\">\n<iframe title=\"Reuni\u00e3o de Lula com Centrais Sindicais\" width=\"768\" height=\"432\" src=\"https:\/\/www.youtube.com\/embed\/hEpMeWZ7gyE?feature=oembed\" frameborder=\"0\" allow=\"accelerometer; autoplay; clipboard-write; encrypted-media; gyroscope; picture-in-picture; web-share\" referrerpolicy=\"strict-origin-when-cross-origin\" allowfullscreen><\/iframe>\n<\/div><\/figure>\n\n\n\n<p><em>Fotos: Sinasefe<\/em><\/p>\n","protected":false},"excerpt":{"rendered":"<p>Tr\u00eas representantes do Sinasefe acompanharam a primeira reuni\u00e3o do presidente Lula com as centrais sindicais e sindicatos de trabalhadores e trabalhadoras dos mais diversos setores. O evento ocorreu na \u00faltima quarta-feira, 18 de janeiro, no Pal\u00e1cio do Planalto, em Bras\u00edlia (DF), tendo tr\u00eas eixos como centrais: 1. A retomada da pol\u00edtica de valoriza\u00e7\u00e3o do sal\u00e1rio<\/p>\n","protected":false},"author":3,"featured_media":5543,"comment_status":"closed","ping_status":"closed","sticky":false,"template":"","format":"standard","meta":{"footnotes":""},"categories":[37,42,45],"tags":[],"class_list":{"0":"post-5542","1":"post","2":"type-post","3":"status-publish","4":"format-standard","5":"has-post-thumbnail","7":"category-destaque","8":"category-noticia","9":"category-sindicato"},"_links":{"self":[{"href":"https:\/\/sinasefesm.com\/index.php\/wp-json\/wp\/v2\/posts\/5542","targetHints":{"allow":["GET"]}}],"collection":[{"href":"https:\/\/sinasefesm.com\/index.php\/wp-json\/wp\/v2\/posts"}],"about":[{"href":"https:\/\/sinasefesm.com\/index.php\/wp-json\/wp\/v2\/types\/post"}],"author":[{"embeddable":true,"href":"https:\/\/sinasefesm.com\/index.php\/wp-json\/wp\/v2\/users\/3"}],"replies":[{"embeddable":true,"href":"https:\/\/sinasefesm.com\/index.php\/wp-json\/wp\/v2\/comments?post=5542"}],"version-history":[{"count":0,"href":"https:\/\/sinasefesm.com\/index.php\/wp-json\/wp\/v2\/posts\/5542\/revisions"}],"wp:featuredmedia":[{"embeddable":true,"href":"https:\/\/sinasefesm.com\/index.php\/wp-json\/wp\/v2\/media\/5543"}],"wp:attachment":[{"href":"https:\/\/sinasefesm.com\/index.php\/wp-json\/wp\/v2\/media?parent=5542"}],"wp:term":[{"taxonomy":"category","embeddable":true,"href":"https:\/\/sinasefesm.com\/index.php\/wp-json\/wp\/v2\/categories?post=5542"},{"taxonomy":"post_tag","embeddable":true,"href":"https:\/\/sinasefesm.com\/index.php\/wp-json\/wp\/v2\/tags?post=5542"}],"curies":[{"name":"wp","href":"https:\/\/api.w.org\/{rel}","templated":true}]}}