{"id":5574,"date":"2023-01-20T23:47:53","date_gmt":"2023-01-20T23:47:53","guid":{"rendered":"https:\/\/sinasefesm.com\/?p=5574"},"modified":"2023-01-20T23:47:53","modified_gmt":"2023-01-20T23:47:53","slug":"respeito-as-diferentes-formas-de-existir-pauta-o-mes-da-visibilidade-trans-em-santa-maria","status":"publish","type":"post","link":"https:\/\/sinasefesm.com\/index.php\/2023\/01\/20\/respeito-as-diferentes-formas-de-existir-pauta-o-mes-da-visibilidade-trans-em-santa-maria\/","title":{"rendered":"Respeito \u00e0s diferentes formas de existir pauta o m\u00eas da visibilidade trans em Santa Maria"},"content":{"rendered":"\n<p>Conhecido tamb\u00e9m como Janeiro Lil\u00e1s, o m\u00eas da visibilidade trans \u00e9 voltado para o fomento do debate acerca da viv\u00eancia de pessoas transexuais e travestis, e para o combate aos preconceitos que ainda rodeiam a pauta. Em Santa Maria, entidades representativas organizaram um cronograma de a\u00e7\u00f5es, que devem ocorrer at\u00e9 29 de janeiro, quando se celebra o Dia Nacional da Visibilidade Trans.<\/p>\n\n\n\n<p>De acordo com a servidora t\u00e9cnica-administrativa em educa\u00e7\u00e3o da UFSM e administradora da <a href=\"https:\/\/sinasefesm.com\/ufsm-e-pioneira-na-construcao-de-uma-politica-de-genero-no-ambiente-universitario\/\">Casa Ver\u00f4nica<\/a> (espa\u00e7o de acolhimento a mulheres e a comunidade LGBTQIA+), Bruna Denkin, campanhas de conscientiza\u00e7\u00e3o e reflex\u00e3o sobre transexualidade s\u00e3o essenciais para <em>\u2018\u2019fortalecer o movimento, unindo esfor\u00e7os em prol do respeito \u00e0s diferen\u00e7as e todas as formas de ser e existir.\u2019\u2019<\/em><\/p>\n\n\n\n<p>At\u00e9 a publica\u00e7\u00e3o desta mat\u00e9ria, dois dos quatro eventos do Janeiro Lil\u00e1s haviam ocorrido, com debates relacionados \u00e0 sa\u00fade e \u00e0 seguran\u00e7a de pessoas trans. Confira abaixo, as atividades programadas para o restante do m\u00eas:&nbsp;<\/p>\n\n\n\n<p><strong>21\/01 (s\u00e1bado)<\/strong><\/p>\n\n\n\n<p>10h &#8211; Exposi\u00e7\u00e3o fotogr\u00e1fica com imagens de pessoas trans ativistas, que carregam a bandeira da diversidade com orgulho.&nbsp;<\/p>\n\n\n\n<p>E promo\u00e7\u00e3o das atividades do Sorria Santa Maria, sobre cuidados para sa\u00fade bucal, a\u00e7\u00e3o realizada mensalmente para popula\u00e7\u00e3o trans.<\/p>\n\n\n\n<p>Local: Pra\u00e7a Saldanha Marinho.<\/p>\n\n\n\n<p><strong>29\/01 (domingo)<\/strong><\/p>\n\n\n\n<p>16h &#8211; \u2018\u2019Dia T\u2019\u2019, data em que se comemora oficialmente a visibilidade trans, ser\u00e1 marcado por diversas atra\u00e7\u00f5es art\u00edsticas, como o Show de Cilene Rossi, a\u00e7\u00f5es de promo\u00e7\u00e3o \u00e0 sa\u00fade, rodas de conversas e atividades de beleza.&nbsp;<\/p>\n\n\n\n<p>Al\u00e9m disso, haver\u00e1 a exibi\u00e7\u00e3o do document\u00e1rio \u2018\u2019Ver\u00f4nica\u2019\u2019 e a coroa\u00e7\u00e3o da Rainha da Diversidade de Santa Maria.<\/p>\n\n\n\n<p>Local: sede do sindicato CPERS, localizado na rua Bar\u00e3o do Triunfo, 760, bairro Nossa Senhora do Ros\u00e1rio.<\/p>\n\n\n\n<p>Ambos os eventos s\u00e3o resultado da parceria entre o Ambulat\u00f3rio Transcender, a C\u00e2mara de Vereadores de Santa Maria, a Casa 13 de Maio, empresa Efeito Mais, ONG Igualdade e a pr\u00f3pria Casa Ver\u00f4nica, entidade criada em 2022 na UFSM, mas ainda em processo de implementa\u00e7\u00e3o.<\/p>\n\n\n\n<p>Desde junho do ano passado, o espa\u00e7o disponibiliza servi\u00e7os de Psicologia, Direito e Assist\u00eancia Social a mulheres e \u00e0 comunidade LGBTQIA+, e tem desenvolvido a\u00e7\u00f5es tem\u00e1ticas com foco na educa\u00e7\u00e3o como meio de promo\u00e7\u00e3o de igualdade. Al\u00e9m disso, Bruna conta sobre outro eixo de atua\u00e7\u00e3o da Casa: \u2018\u2019<em>temos trabalhado para a articula\u00e7\u00e3o da Casa Ver\u00f4nica com servi\u00e7os da rede de atendimento de sa\u00fade do munic\u00edpio e estado, buscando a inser\u00e7\u00e3o e visibilidade da CV junto a rede. [Por isso,] temos participado de coletivos como o F\u00f3rum de Enfrentamento a Viol\u00eancia Contra a Mulher, o Grupo de Trabalho integrado de enfrentamento \u00e0s viol\u00eancias\u2019\u2019. <\/em>Para 2023, o espa\u00e7o pretende concretizar o servi\u00e7o de acolhimento a pessoas v\u00edtimas de viol\u00eancia de g\u00eanero, uma das metas principais da Casa desde sua inaugura\u00e7\u00e3o.<\/p>\n\n\n\n<p>Contudo, apesar de o projeto representar um avan\u00e7o para a inclus\u00e3o no ambiente universit\u00e1rio, a Coordenadora comenta sobre os entraves que ainda envolvem a pauta: \u2018<em>\u2019\u00e9 um caminho ainda recente, muito precisa ser feito. Acredito ser muito importante a articula\u00e7\u00e3o das universidades com vistas a somar esfor\u00e7os para o enfrentamento e combate \u00e0s viol\u00eancias, pois \u00e9 um caminho que n\u00e3o se percorre sozinho, se faz necess\u00e1rio contar com parcerias, apoio e a\u00e7\u00f5es estrat\u00e9gicas.\u2019\u2019<\/em> Cada um a seu modo, o importante \u00e9 que as institui\u00e7\u00f5es federais e o poder p\u00fablico como um todo sigam \u2018\u2019abrindo\u2019\u2019 espa\u00e7o para a comunidade trans, refor\u00e7a Bruna Denkin.<\/p>\n\n\n\n<hr class=\"wp-block-separator has-alpha-channel-opacity\"\/>\n\n\n\n<p><em>Texto: Laurent Keller<\/em><\/p>\n\n\n\n<p><em>Imagem: divulga\u00e7\u00e3o<\/em><\/p>\n\n\n\n<p><em>Edi\u00e7\u00e3o: Bruna Homrich<\/em><\/p>\n","protected":false},"excerpt":{"rendered":"<p>Conhecido tamb\u00e9m como Janeiro Lil\u00e1s, o m\u00eas da visibilidade trans \u00e9 voltado para o fomento do debate acerca da viv\u00eancia de pessoas transexuais e travestis, e para o combate aos preconceitos que ainda rodeiam a pauta. Em Santa Maria, entidades representativas organizaram um cronograma de a\u00e7\u00f5es, que devem ocorrer at\u00e9 29 de janeiro, quando se<\/p>\n","protected":false},"author":5,"featured_media":5575,"comment_status":"closed","ping_status":"closed","sticky":false,"template":"","format":"standard","meta":{"footnotes":""},"categories":[37,39,42],"tags":[79,157,231],"class_list":{"0":"post-5574","1":"post","2":"type-post","3":"status-publish","4":"format-standard","5":"has-post-thumbnail","7":"category-destaque","8":"category-eventos","9":"category-noticia","10":"tag-casa-veronica","11":"tag-janeiro-lilas","12":"tag-visibilidade-trans"},"_links":{"self":[{"href":"https:\/\/sinasefesm.com\/index.php\/wp-json\/wp\/v2\/posts\/5574","targetHints":{"allow":["GET"]}}],"collection":[{"href":"https:\/\/sinasefesm.com\/index.php\/wp-json\/wp\/v2\/posts"}],"about":[{"href":"https:\/\/sinasefesm.com\/index.php\/wp-json\/wp\/v2\/types\/post"}],"author":[{"embeddable":true,"href":"https:\/\/sinasefesm.com\/index.php\/wp-json\/wp\/v2\/users\/5"}],"replies":[{"embeddable":true,"href":"https:\/\/sinasefesm.com\/index.php\/wp-json\/wp\/v2\/comments?post=5574"}],"version-history":[{"count":0,"href":"https:\/\/sinasefesm.com\/index.php\/wp-json\/wp\/v2\/posts\/5574\/revisions"}],"wp:featuredmedia":[{"embeddable":true,"href":"https:\/\/sinasefesm.com\/index.php\/wp-json\/wp\/v2\/media\/5575"}],"wp:attachment":[{"href":"https:\/\/sinasefesm.com\/index.php\/wp-json\/wp\/v2\/media?parent=5574"}],"wp:term":[{"taxonomy":"category","embeddable":true,"href":"https:\/\/sinasefesm.com\/index.php\/wp-json\/wp\/v2\/categories?post=5574"},{"taxonomy":"post_tag","embeddable":true,"href":"https:\/\/sinasefesm.com\/index.php\/wp-json\/wp\/v2\/tags?post=5574"}],"curies":[{"name":"wp","href":"https:\/\/api.w.org\/{rel}","templated":true}]}}