{"id":5586,"date":"2023-01-26T11:27:30","date_gmt":"2023-01-26T11:27:30","guid":{"rendered":"https:\/\/sinasefesm.com\/?p=5586"},"modified":"2023-01-26T11:27:30","modified_gmt":"2023-01-26T11:27:30","slug":"assembleia-e-marcada-para-definir-representantes-para-178-plenaria-nacional","status":"publish","type":"post","link":"https:\/\/sinasefesm.com\/index.php\/2023\/01\/26\/assembleia-e-marcada-para-definir-representantes-para-178-plenaria-nacional\/","title":{"rendered":"Assembleia \u00e9 marcada para definir representantes para 178<strong>\u00b0<\/strong> Plen\u00e1ria Nacional"},"content":{"rendered":"\n<p>Na pr\u00f3xima segunda-feira, 30 de janeiro, deve ocorrer mais uma assembleia da se\u00e7\u00e3o sindical santa-mariense do Sinasefe. O objetivo ser\u00e1 definir o representante do sindicato que participar\u00e1 da 178\u00b0 Plen\u00e1ria Nacional. A escolha ser\u00e1 feita na sede do sindicato, localizada no centro de Santa Maria, na Avenida Rio Branco 601, sala 01\/02, com primeira chamada \u00e0s 14h e segunda chamada \u00e0s 14h15.<\/p>\n\n\n\n<p>A 178\u00b0 Plen\u00e1ria est\u00e1 marcada para acontecer nos dias 11 e 12 de fevereiro, em Bras\u00edlia (DF), no San Marco Hotel. O evento pretende discutir o reajuste emergencial dos sal\u00e1rios dos servidores p\u00fablicos e a abertura da Mesa de Negocia\u00e7\u00f5es entre entidades sindicais e governo federal.<\/p>\n\n\n\n<p>Confira a programa\u00e7\u00e3o do evento abaixo:<\/p>\n\n\n\n<h2 class=\"has-medium-font-size wp-block-heading\"><strong>11 de fevereiro (s\u00e1bado)<\/strong><\/h2>\n\n\n\n<p>08:00 \u00e0s 14:00: Credenciamento;<\/p>\n\n\n\n<p>08:00 \u00e0s 10:00: Informes da DN;<\/p>\n\n\n\n<p>10:00 \u00e0s 12:30: Informes das se\u00e7\u00f5es sindicais;<\/p>\n\n\n\n<p>12:30 \u00e0s 13:30: Almo\u00e7o;<\/p>\n\n\n\n<p>13:30 \u00e0s 16:00: An\u00e1lise de conjuntura;<\/p>\n\n\n\n<p>16:30 \u00e0s 17:00: <em>Coffee break<\/em><\/p>\n\n\n\n<p>17:00 \u00e0s 19:30: Campanha Salarial e Mesa de Negocia\u00e7\u00e3o (reajuste, pauta de reivindica\u00e7\u00f5es e prioridades).<\/p>\n\n\n\n<p><\/p>\n\n\n\n<p class=\"has-medium-font-size\"><strong>12 de fevereiro (domingo)<\/strong><\/p>\n\n\n\n<p>08:00 \u00e0s 09:00: Plano Or\u00e7ament\u00e1rio-Financeiro Anual do SINASEFE;<\/p>\n\n\n\n<p>09:00 \u00e0s 12:00: Relat\u00f3rio conclusivo da Comiss\u00e3o de Apura\u00e7\u00e3o de responsabilidades e autoria dos fatos ocorridos no 34\u00ba CONSINASEFE;<\/p>\n\n\n\n<p>12:00 \u00e0s 13:30: Almo\u00e7o;<\/p>\n\n\n\n<p>13:30 \u00e0s 14:00: Encontros Regionais, Semin\u00e1rio de Carreira e GT Carreira;<\/p>\n\n\n\n<p>14:00 \u00e0s 15:00: Aprova\u00e7\u00e3o dos encaminhamentos do 14\u00ba ESCIME;<\/p>\n\n\n\n<p>15:00 \u00e0s 16:00: Encaminhamentos;<\/p>\n\n\n\n<p>16:00: Encerramento.<\/p>\n\n\n\n<hr class=\"wp-block-separator has-alpha-channel-opacity\"\/>\n\n\n\n<p><em>Texto: Laurent Keller<\/em><\/p>\n\n\n\n<p><em>Imagem: Bruno Pitaguary&nbsp;<\/em><\/p>\n\n\n\n<p><em>Edi\u00e7\u00e3o: Bruna Homrich<\/em><\/p>\n","protected":false},"excerpt":{"rendered":"<p>Na pr\u00f3xima segunda-feira, 30 de janeiro, deve ocorrer mais uma assembleia da se\u00e7\u00e3o sindical santa-mariense do Sinasefe. O objetivo ser\u00e1 definir o representante do sindicato que participar\u00e1 da 178\u00b0 Plen\u00e1ria Nacional. A escolha ser\u00e1 feita na sede do sindicato, localizada no centro de Santa Maria, na Avenida Rio Branco 601, sala 01\/02, com primeira chamada<\/p>\n","protected":false},"author":5,"featured_media":5587,"comment_status":"closed","ping_status":"closed","sticky":false,"template":"","format":"standard","meta":{"footnotes":""},"categories":[37,39,42],"tags":[59],"class_list":{"0":"post-5586","1":"post","2":"type-post","3":"status-publish","4":"format-standard","5":"has-post-thumbnail","7":"category-destaque","8":"category-eventos","9":"category-noticia","10":"tag-assembleia"},"_links":{"self":[{"href":"https:\/\/sinasefesm.com\/index.php\/wp-json\/wp\/v2\/posts\/5586","targetHints":{"allow":["GET"]}}],"collection":[{"href":"https:\/\/sinasefesm.com\/index.php\/wp-json\/wp\/v2\/posts"}],"about":[{"href":"https:\/\/sinasefesm.com\/index.php\/wp-json\/wp\/v2\/types\/post"}],"author":[{"embeddable":true,"href":"https:\/\/sinasefesm.com\/index.php\/wp-json\/wp\/v2\/users\/5"}],"replies":[{"embeddable":true,"href":"https:\/\/sinasefesm.com\/index.php\/wp-json\/wp\/v2\/comments?post=5586"}],"version-history":[{"count":0,"href":"https:\/\/sinasefesm.com\/index.php\/wp-json\/wp\/v2\/posts\/5586\/revisions"}],"wp:featuredmedia":[{"embeddable":true,"href":"https:\/\/sinasefesm.com\/index.php\/wp-json\/wp\/v2\/media\/5587"}],"wp:attachment":[{"href":"https:\/\/sinasefesm.com\/index.php\/wp-json\/wp\/v2\/media?parent=5586"}],"wp:term":[{"taxonomy":"category","embeddable":true,"href":"https:\/\/sinasefesm.com\/index.php\/wp-json\/wp\/v2\/categories?post=5586"},{"taxonomy":"post_tag","embeddable":true,"href":"https:\/\/sinasefesm.com\/index.php\/wp-json\/wp\/v2\/tags?post=5586"}],"curies":[{"name":"wp","href":"https:\/\/api.w.org\/{rel}","templated":true}]}}