{"id":5589,"date":"2023-01-26T21:26:24","date_gmt":"2023-01-26T21:26:24","guid":{"rendered":"https:\/\/sinasefesm.com\/?p=5589"},"modified":"2023-01-26T21:26:24","modified_gmt":"2023-01-26T21:26:24","slug":"dce-pede-pelo-adiamento-da-votacao-sobre-novas-formas-de-ingresso-a-ufsm","status":"publish","type":"post","link":"https:\/\/sinasefesm.com\/index.php\/2023\/01\/26\/dce-pede-pelo-adiamento-da-votacao-sobre-novas-formas-de-ingresso-a-ufsm\/","title":{"rendered":"DCE pede pelo adiamento da vota\u00e7\u00e3o sobre novas formas de ingresso \u00e0 UFSM"},"content":{"rendered":"\n<p>Nesta quinta-feira, 26 de janeiro, ocorreu remotamente a 983\u00aa Sess\u00e3o do Conselho de Ensino, Pesquisa e Extens\u00e3o (CEPE) da UFSM, para discutir e, em seguida, votar sobre a <a href=\"https:\/\/portal.ufsm.br\/documentos\/publico\/processo\/documento.html?idDocumento=14473876\">resolu\u00e7\u00e3o normativa n. 23081.132994\/2022-99<\/a>, que regulamenta as formas de ingresso aos Cursos de Gradua\u00e7\u00e3o da Universidade, dentre outras pautas. Contudo, devido ao pedido de vistas feito pelo Diret\u00f3rio Central dos e das Estudantes (DCE), o debate foi adiado para o pr\u00f3ximo encontro do CEPE, que deve acontecer em 10 de fevereiro.<\/p>\n\n\n\n<p>A proposta, elaborada ao longo de 2022 pela Pr\u00f3-Reitoria de Gradua\u00e7\u00e3o (PROGRAD), estabelece que a UFSM adote como forma de ingresso o Processo Seletivo Seriado (PSS) e o vestibular presencial, para al\u00e9m do Sistema de Sele\u00e7\u00e3o Unificado (SiSU), que, desde 2015, \u00e9 a forma principal de entrar para a institui\u00e7\u00e3o. Segundo a resolu\u00e7\u00e3o, os dois novos processos seriam inclu\u00eddos gradativamente, da seguinte forma:&nbsp;<\/p>\n\n\n\n<ul class=\"wp-block-list\">\n<li>Ingresso para o primeiro semestre de 2023 feito 100% pelo SiSU;<\/li>\n\n\n\n<li>Ingresso para o segundo semestre de 2023 feito 70% pelo SiSU e 30% pelo vestibular (a ser realizado em julho de 2023);<\/li>\n\n\n\n<li>Ingresso para o primeiro semestre de 2024 feito 70% pelo SiSU e 30% pelo vestibular (a ser realizado em janeiro de 2024);<\/li>\n\n\n\n<li>Ingresso para o primeiro semestre de 2025 feito 70% pelo SiSU e 30% pelo vestibular (a ser realizado em janeiro de 2025);<\/li>\n\n\n\n<li>Ingresso a partir do primeiro semestre de 2026 feito 30% pelo SiSU, 30% pelo vestibular (a ser realizado em janeiro de 2026) e 40% pelo PSS (que ter\u00e1 a primeira etapa realizada em janeiro de 2024, a segunda em janeiro de 2025 e a terceira em janeiro de 2026).<\/li>\n<\/ul>\n\n\n\n<p>Assim como o SiSU, o vestibular e o PSS seguiriam as normas do sistema de cotas vigente.<\/p>\n\n\n\n<p>Importante lembrar que a institui\u00e7\u00e3o j\u00e1 possui tamb\u00e9m processos seletivos espec\u00edficos para ind\u00edgenas; para os cursos de dan\u00e7a e m\u00fasica bacharelados; para refugiados e migrantes em situa\u00e7\u00e3o de vulnerabilidade; para cursos EAD; e para ingresso e reingresso. A ideia \u00e9 que essas formas de ingresso sigam vigorando e ainda se somem \u00e0s novas propostas contidas na Resolu\u00e7\u00e3o, que s\u00e3o: processos seletivos espec\u00edficos para pessoas de comunidades quilombolas; com 60 anos ou mais; atletas de alto rendimento; medalhistas em competi\u00e7\u00f5es de conhecimento; transg\u00eaneros; com defici\u00eancia; ind\u00edgneas; dentre outras.<\/p>\n\n\n\n<p class=\"has-medium-font-size\"><strong>Justificativa da UFSM<\/strong><\/p>\n\n\n\n<p>Segundo o Reitor Luciano Schuch, a mudan\u00e7a na forma de ingresso serviria, principalmente, para que mais alunos cheguem at\u00e9 o final dos cursos, haja vista que a atual taxa de conclus\u00e3o da UFSM est\u00e1 em 44%, n\u00famero abaixo da meta estabelecida pelo Conselho Universit\u00e1rio, de 52%, como demonstra o gr\u00e1fico da Pr\u00f3-Reitoria de Planejamento (PROPLAN).<\/p>\n\n\n\n<figure class=\"wp-block-image size-full\"><img decoding=\"async\" src=\"https:\/\/sinasefesm.com\/wp-content\/uploads\/2023\/01\/22203.jpg\" alt=\"\" class=\"wp-image-5592\"\/><\/figure>\n\n\n\n<p><em>\u2019\u2019O ano em que o SiSU mais preencheu vagas na chamada regular foram [preenchidas] 43%. No \u00faltimo ano, sobrou vaga em Medicina e Odontologia, [que s\u00e3o] alguns dos cursos mais procurados\u2018\u2019<\/em>, relata o gestor da UFSM. Por isso, com a ado\u00e7\u00e3o de sistemas seletivos \u2018\u2019mais plurais\u2019\u2019, Schuch acredita que o preenchimento de vagas e a perman\u00eancia estudantil apresentariam melhores indicativos.&nbsp;<\/p>\n\n\n\n<p>Caso aprovada, a Resolu\u00e7\u00e3o implicaria em um acompanhamento regular dos impactos dos processos seletivos no preenchimento de vagas e na evas\u00e3o.&nbsp;<\/p>\n\n\n\n<p class=\"has-medium-font-size\"><strong>Posi\u00e7\u00e3o do DCE<\/strong><\/p>\n\n\n\n<p>Apesar de o DCE, representado pelo acad\u00eamico da UFSM, Daniel Balin, concordar com a ado\u00e7\u00e3o de processos seletivos voltados para grupos minorit\u00e1rios, a entidade se mostrou contra a implementa\u00e7\u00e3o da medida. Isso porque o DCE acredita que ela restringe o acesso \u00e0 Universidade a um perfil quase exclusivo de estudantes, justamente o que se buscou combater quando o antigo vestibular existia. Balin refor\u00e7a ainda que, mesmo com a utiliza\u00e7\u00e3o do sistema nacional de ingresso, a institui\u00e7\u00e3o continuou com bons \u00edndices de regionaliza\u00e7\u00e3o: <em>\u2018\u2019al\u00e9m de a economia da cidade n\u00e3o ter se desmantelado, ao contr\u00e1rio do que se alimentavam os boatos para defender o vestibular na \u00e9poca, o \u00edndice de regionaliza\u00e7\u00e3o teve uma melhora: 90% das vagas do SiSU s\u00e3o preenchidas por estudantes do Rio Grande do Sul, e 54%, de Santa Maria e regi\u00e3o, [conforme] dados disponibilizados pela pr\u00f3pria PROGRAD\u2019\u2019.<\/em><\/p>\n\n\n\n<figure class=\"wp-block-image\"><img decoding=\"async\" src=\"https:\/\/lh3.googleusercontent.com\/ibF93T5JUSmBQWeByLxumbSIASsW6GfGyvjVSsOELV77KcEV3oVa16y9bu5NuH_Jo_vkFLz6Ljqv0U5YvgmPJSQJ53FODPwovws66_Xc_drywnC8DroJ-7mzWMOM2OQ9L4sTdr8YfkuUrXSZuWh_C77SyPYqFvcTXuEsHo-OXBHcyiAF8Vjm4wkjqXli2g\" alt=\"\"\/><\/figure>\n\n\n\n<p>Somado a isso, o acad\u00eamico afirmou que, para garantir que os alunos concluam a gradua\u00e7\u00e3o, \u00e9 preciso criar novas medidas de perman\u00eancia estudantil, porque <em>\u2018\u2019n\u00e3o podemos criar a ilus\u00e3o de que mudar a forma de ingresso diminuir\u00e1 a evas\u00e3o.\u2019\u2019&nbsp;<\/em><\/p>\n\n\n\n<p>Ao solicitar o pedido de vistas, Balin espera que o di\u00e1logo acerca da medida seja ampliado, j\u00e1 que at\u00e9 o momento ele estava sendo feito \u00e0s pressas e sem a devida conversa com as entidades representativas.&nbsp;<\/p>\n\n\n\n<p class=\"has-medium-font-size\"><strong>Sinasefe e sindicatos ligados \u00e0 UFSM tamb\u00e9m s\u00e3o contr\u00e1rios ao enfraquecimento do SiSU<\/strong><\/p>\n\n\n\n<p>Na \u00faltima quarta-feira, dia 25, o Sinasefe assinou uma<a href=\"https:\/\/sinasefesm.com\/sinasefe-assina-nota-conjunta-em-defesa-do-fortalecimento-do-enem\/\"> nota em defesa do fortalecimento do ENEM e do SiSU<\/a> como forma de ingresso ao ensino superior, em conjunto \u00e0s demais entidades sindicais e estudantis que representam a UFSM (Sedufsm, Assufsm, Atens, APG e DCE). O texto foi elaborado com o intuito de repudiar a falta de debate em torno da minuta de resolu\u00e7\u00e3o que regula as formas de ingresso nos cursos de Gradua\u00e7\u00e3o.<\/p>\n\n\n\n<hr class=\"wp-block-separator has-alpha-channel-opacity\"\/>\n\n\n\n<p><em>Texto: Laurent Keller<\/em><\/p>\n\n\n\n<p><em>Edi\u00e7\u00e3o: Bruna Homrich<\/em><\/p>\n","protected":false},"excerpt":{"rendered":"<p>Nesta quinta-feira, 26 de janeiro, ocorreu remotamente a 983\u00aa Sess\u00e3o do Conselho de Ensino, Pesquisa e Extens\u00e3o (CEPE) da UFSM, para discutir e, em seguida, votar sobre a resolu\u00e7\u00e3o normativa n. 23081.132994\/2022-99, que regulamenta as formas de ingresso aos Cursos de Gradua\u00e7\u00e3o da Universidade, dentre outras pautas. Contudo, devido ao pedido de vistas feito pelo<\/p>\n","protected":false},"author":5,"featured_media":5593,"comment_status":"closed","ping_status":"closed","sticky":false,"template":"","format":"standard","meta":{"footnotes":""},"categories":[37,41,42],"tags":[81,225,229],"class_list":{"0":"post-5589","1":"post","2":"type-post","3":"status-publish","4":"format-standard","5":"has-post-thumbnail","7":"category-destaque","8":"category-movimento","9":"category-noticia","10":"tag-cepe","11":"tag-ufsm","12":"tag-vestibular"},"_links":{"self":[{"href":"https:\/\/sinasefesm.com\/index.php\/wp-json\/wp\/v2\/posts\/5589","targetHints":{"allow":["GET"]}}],"collection":[{"href":"https:\/\/sinasefesm.com\/index.php\/wp-json\/wp\/v2\/posts"}],"about":[{"href":"https:\/\/sinasefesm.com\/index.php\/wp-json\/wp\/v2\/types\/post"}],"author":[{"embeddable":true,"href":"https:\/\/sinasefesm.com\/index.php\/wp-json\/wp\/v2\/users\/5"}],"replies":[{"embeddable":true,"href":"https:\/\/sinasefesm.com\/index.php\/wp-json\/wp\/v2\/comments?post=5589"}],"version-history":[{"count":0,"href":"https:\/\/sinasefesm.com\/index.php\/wp-json\/wp\/v2\/posts\/5589\/revisions"}],"wp:featuredmedia":[{"embeddable":true,"href":"https:\/\/sinasefesm.com\/index.php\/wp-json\/wp\/v2\/media\/5593"}],"wp:attachment":[{"href":"https:\/\/sinasefesm.com\/index.php\/wp-json\/wp\/v2\/media?parent=5589"}],"wp:term":[{"taxonomy":"category","embeddable":true,"href":"https:\/\/sinasefesm.com\/index.php\/wp-json\/wp\/v2\/categories?post=5589"},{"taxonomy":"post_tag","embeddable":true,"href":"https:\/\/sinasefesm.com\/index.php\/wp-json\/wp\/v2\/tags?post=5589"}],"curies":[{"name":"wp","href":"https:\/\/api.w.org\/{rel}","templated":true}]}}