{"id":5616,"date":"2023-01-28T23:19:35","date_gmt":"2023-01-28T23:19:35","guid":{"rendered":"https:\/\/sinasefesm.com\/?p=5616"},"modified":"2023-01-28T23:19:35","modified_gmt":"2023-01-28T23:19:35","slug":"uma-decada-apos-o-incendio-da-boate-kiss-a-meta-e-construir-a-memoria-em-torno-do-trauma","status":"publish","type":"post","link":"https:\/\/sinasefesm.com\/index.php\/2023\/01\/28\/uma-decada-apos-o-incendio-da-boate-kiss-a-meta-e-construir-a-memoria-em-torno-do-trauma\/","title":{"rendered":"Uma d\u00e9cada ap\u00f3s o inc\u00eandio da Boate Kiss, a meta \u00e9 &#8221;construir a mem\u00f3ria&#8221; em torno do trauma"},"content":{"rendered":"\n<p>Entre os dias 25 e 28 de janeiro, ocorreram diversas atividades em Santa Maria para marcar os 10 anos do inc\u00eandio da Boate Kiss, que ceifou a vida de 242 pessoas e deixou outras 636 feridas. A fim de n\u00e3o deixar que a hist\u00f3ria se apague, ao longo da programa\u00e7\u00e3o aconteceram apresenta\u00e7\u00f5es art\u00edsticas, interven\u00e7\u00f5es, vig\u00edlia e palestras sobre a trag\u00e9dia. Inclusive, houve um painel com a autora do livro \u2018\u2019Todo dia a mesma noite\u2019\u2019 e consultora criativa da s\u00e9rie da Netflix de mesmo nome, Daniela Arbex, e com o diretor da s\u00e9rie documental do Globoplay \u2018\u2019Boate Kiss &#8211; a trag\u00e9dia de Santa Maria\u2019\u2019, Marcelo Canellas.<\/p>\n\n\n\n<figure class=\"wp-block-gallery has-nested-images columns-default is-cropped wp-block-gallery-1 is-layout-flex wp-block-gallery-is-layout-flex\">\n<figure class=\"wp-block-image size-large\"><img decoding=\"async\" data-id=\"5618\" src=\"https:\/\/sinasefesm.com\/wp-content\/uploads\/2023\/01\/IMG-8472-1.jpg\" alt=\"\" class=\"wp-image-5618\"\/><\/figure>\n\n\n\n<figure class=\"wp-block-image size-large\"><img decoding=\"async\" data-id=\"5619\" src=\"https:\/\/sinasefesm.com\/wp-content\/uploads\/2023\/01\/IMG-8474.jpg\" alt=\"\" class=\"wp-image-5619\"\/><\/figure>\n\n\n\n<figure class=\"wp-block-image size-large\"><img decoding=\"async\" data-id=\"5620\" src=\"https:\/\/sinasefesm.com\/wp-content\/uploads\/2023\/01\/IMG-8475.jpg\" alt=\"\" class=\"wp-image-5620\"\/><\/figure>\n\n\n\n<figure class=\"wp-block-image size-large\"><img decoding=\"async\" data-id=\"5621\" src=\"https:\/\/sinasefesm.com\/wp-content\/uploads\/2023\/01\/IMG-8476.jpg\" alt=\"\" class=\"wp-image-5621\"\/><\/figure>\n\n\n\n<figure class=\"wp-block-image size-large\"><img decoding=\"async\" data-id=\"5622\" src=\"https:\/\/sinasefesm.com\/wp-content\/uploads\/2023\/01\/IMG-8477.jpg\" alt=\"\" class=\"wp-image-5622\"\/><\/figure>\n\n\n\n<figure class=\"wp-block-image size-large\"><img decoding=\"async\" data-id=\"5623\" src=\"https:\/\/sinasefesm.com\/wp-content\/uploads\/2023\/01\/IMG-8478.jpg\" alt=\"\" class=\"wp-image-5623\"\/><\/figure>\n<figcaption class=\"blocks-gallery-caption wp-element-caption\">Registros das a\u00e7\u00f5es em homenagem aos 10 anos da trag\u00e9dia.<\/figcaption><\/figure>\n\n\n\n<p>A programa\u00e7\u00e3o dos atos foi elaborada pela Associa\u00e7\u00e3o dos Familiares de V\u00edtimas e Sobreviventes da Trag\u00e9dia de Santa Maria (AVTSM), pelo coletivo Kiss: que n\u00e3o se repita e pelo Eixo Kiss do Coletivo de Psican\u00e1lise de Santa Maria. E contou com o apoio da Prefeitura de Santa Maria, da TV Ovo, da Sedufsm, do Diret\u00f3rio Central dos e das Estudantes (DCE) da UFSM, da CORSAN, do Sindicato dos Empregados em Estabelecimentos Banc\u00e1rios de Santa Maria e Regi\u00e3o (SEEB) e do Conselho Regional de Psicologia do Rio Grande do Sul (CRPRS).<\/p>\n\n\n\n<figure class=\"wp-block-image\"><img decoding=\"async\" src=\"https:\/\/lh5.googleusercontent.com\/72nnn8o2dotM2n4fAdJ1CQb3kY7sVWmFqz8Vl9xiJRFmn-hnrQeSJTv0DSSHMcKuycLM4db_EPa8otDn1kFH-EgDsfA-jazSstq7NzuaxVq54xAohCpKvE8awThhkJmM9t__UoH4pbfWMcEoyTQN_jc6pQwc-8i0N_rw5GbS7tvaiOjrW-TuAMmz2lv8sQ\" alt=\"\"\/><figcaption class=\"wp-element-caption\">Santa-marienses acompanhando a palestra &#8221;Por que contar essa hist\u00f3ria 10 anos depois?&#8221;<\/figcaption><\/figure>\n\n\n\n<p class=\"has-medium-font-size\">&#8221;<strong>Por que contar essa hist\u00f3ria 10 anos depois?<\/strong>&#8221;<\/p>\n\n\n\n<p>Este foi o questionamento que conduziu a palestra, realizada durante a noite do dia 27, com Daniela e Canellas, mediada pelo presidente atual da AVTSM, Gabriel Barros. A escritora do livro sobre a trag\u00e9dia explica que retomar o assunto \u00e9 fundamental, porque \u00e9 por meio da mem\u00f3ria que novas trag\u00e9dias poder\u00e3o ser evitadas:<em> <\/em><em>\u2018\u2019a arte tem um papel fundamental na forma de a gente perpetuar e eternizar a nossa hist\u00f3ria.\u2019\u2019<\/em><\/p>\n\n\n\n<p>Canellas exp\u00f4s tamb\u00e9m sua vis\u00e3o acerca da import\u00e2ncia de se falar sobre o inc\u00eandio da Kiss: \u2018\u2019<em>enquanto o Estado e a sociedade brasileira n\u00e3o romperem com essa tradi\u00e7\u00e3o de jogar as responsabilidades para baixo do tapete, a gente est\u00e1 pass\u00edvel de cometer mais erros\u2019\u2019<\/em>, comenta o diretor da s\u00e9rie documental acerca do desfecho inesperado do julgamento dos acusados da trag\u00e9dia, que foi anulado. Para ele, a n\u00e3o condena\u00e7\u00e3o dos r\u00e9us representa a hist\u00f3ria do Brasil, que tradicionalmente n\u00e3o defronta suas dores, permitindo que a porta para novos erros continue aberta.<\/p>\n\n\n\n<p class=\"has-medium-font-size\"><strong>O que ser\u00e1 feito a partir de agora?<\/strong><\/p>\n\n\n\n<p>Ao encontro dessa ideia de manter o ocorrido na mem\u00f3ria, para que se continue a busca por justi\u00e7a, o Prefeito de Santa Maria, Jorge Pozzobom (PSDB), anunciou antes da palestra que, ainda em 2023, o plano de constru\u00e7\u00e3o do memorial em homenagem \u00e0s v\u00edtimas come\u00e7ar\u00e1 a ser desenvolvido. De acordo com o gestor da cidade, o espa\u00e7o ser\u00e1 feito no local onde a Boate funcionava, a partir do que, segundo ele, ser\u00e1 a desconstru\u00e7\u00e3o dos destro\u00e7os e a \u2018\u2019constru\u00e7\u00e3o da mem\u00f3ria\u2019\u2019.&nbsp;<\/p>\n\n\n\n<p>Apesar de n\u00e3o haver uma data definida para o come\u00e7o da obra, Pozzobom assinou no evento um termo de compromisso com a AVTSM de que a constru\u00e7\u00e3o ser\u00e1 iniciada neste ano.<\/p>\n\n\n\n<figure class=\"wp-block-image\"><img decoding=\"async\" src=\"https:\/\/lh3.googleusercontent.com\/8P5rE3YjBhfz26oIc4j3GvIrLspmSmtZQgGn-OXkiPCJQUDjgtcgRsqiCBmXROyLfsnlMmc7L1pI-WqS_fxyyClmWA4qxd6r_41LDQIu0-LFxJZinTHILeFsoFfVEVHFWJ5YgyqYivqhzxoy4AzjpGBSvmRrLKRLLocdMKXAc98CQj6MVZ2C3jJABBDCdA\" alt=\"\"\/><figcaption class=\"wp-element-caption\">Assinatura do termo de compromisso.<\/figcaption><\/figure>\n\n\n\n<hr class=\"wp-block-separator has-alpha-channel-opacity\"\/>\n\n\n\n<p><em>Texto: Laurent Keller<\/em><\/p>\n\n\n\n<p><em>Imagens: Laurent Keller\u00a0<\/em>e AVTSM<\/p>\n\n\n\n<p><em>Edi\u00e7\u00e3o: Bruna Homrich<\/em><\/p>\n","protected":false},"excerpt":{"rendered":"<p>Entre os dias 25 e 28 de janeiro, ocorreram diversas atividades em Santa Maria para marcar os 10 anos do inc\u00eandio da Boate Kiss, que ceifou a vida de 242 pessoas e deixou outras 636 feridas. A fim de n\u00e3o deixar que a hist\u00f3ria se apague, ao longo da programa\u00e7\u00e3o aconteceram apresenta\u00e7\u00f5es art\u00edsticas, interven\u00e7\u00f5es, vig\u00edlia<\/p>\n","protected":false},"author":5,"featured_media":5624,"comment_status":"closed","ping_status":"closed","sticky":false,"template":"","format":"standard","meta":{"footnotes":""},"categories":[37,39,42],"tags":[66],"class_list":{"0":"post-5616","1":"post","2":"type-post","3":"status-publish","4":"format-standard","5":"has-post-thumbnail","7":"category-destaque","8":"category-eventos","9":"category-noticia","10":"tag-boate-kiss"},"_links":{"self":[{"href":"https:\/\/sinasefesm.com\/index.php\/wp-json\/wp\/v2\/posts\/5616","targetHints":{"allow":["GET"]}}],"collection":[{"href":"https:\/\/sinasefesm.com\/index.php\/wp-json\/wp\/v2\/posts"}],"about":[{"href":"https:\/\/sinasefesm.com\/index.php\/wp-json\/wp\/v2\/types\/post"}],"author":[{"embeddable":true,"href":"https:\/\/sinasefesm.com\/index.php\/wp-json\/wp\/v2\/users\/5"}],"replies":[{"embeddable":true,"href":"https:\/\/sinasefesm.com\/index.php\/wp-json\/wp\/v2\/comments?post=5616"}],"version-history":[{"count":0,"href":"https:\/\/sinasefesm.com\/index.php\/wp-json\/wp\/v2\/posts\/5616\/revisions"}],"wp:featuredmedia":[{"embeddable":true,"href":"https:\/\/sinasefesm.com\/index.php\/wp-json\/wp\/v2\/media\/5624"}],"wp:attachment":[{"href":"https:\/\/sinasefesm.com\/index.php\/wp-json\/wp\/v2\/media?parent=5616"}],"wp:term":[{"taxonomy":"category","embeddable":true,"href":"https:\/\/sinasefesm.com\/index.php\/wp-json\/wp\/v2\/categories?post=5616"},{"taxonomy":"post_tag","embeddable":true,"href":"https:\/\/sinasefesm.com\/index.php\/wp-json\/wp\/v2\/tags?post=5616"}],"curies":[{"name":"wp","href":"https:\/\/api.w.org\/{rel}","templated":true}]}}