{"id":5626,"date":"2023-01-30T14:33:41","date_gmt":"2023-01-30T14:33:41","guid":{"rendered":"https:\/\/sinasefesm.com\/?p=5626"},"modified":"2023-01-30T14:33:41","modified_gmt":"2023-01-30T14:33:41","slug":"funcionalismo-publico-promove-dia-de-mobilizacao-contra-seis-anos-sem-reajuste","status":"publish","type":"post","link":"https:\/\/sinasefesm.com\/index.php\/2023\/01\/30\/funcionalismo-publico-promove-dia-de-mobilizacao-contra-seis-anos-sem-reajuste\/","title":{"rendered":"Funcionalismo p\u00fablico promove Dia de Mobiliza\u00e7\u00e3o contra seis anos sem reajuste"},"content":{"rendered":"\n<p>Nesta ter\u00e7a-feira, 31 de janeiro, integrantes do funcionalismo p\u00fablico promovem o Dia Nacional de Mobiliza\u00e7\u00e3o pelo Reajuste dos Servidores Federais, com o objetivo de chamar a aten\u00e7\u00e3o da sociedade e tamb\u00e9m mobilizar parlamentares e o pr\u00f3prio governo federal para que os sal\u00e1rios das e dos trabalhadores da esfera p\u00fablica, congelados h\u00e1 quase seis anos, sejam recompostos.<\/p>\n\n\n\n<p>Para o dia est\u00e3o previstas duas atividades. Das 9h \u00e0s 11h, ocorre um twitta\u00e7o com o uso da hashtag #RECOMPOSI\u00c7\u00c3OJ\u00c1. J\u00e1 \u00e0s 14h ser\u00e1 realizada uma live abordando o assunto, com transmiss\u00e3o pelos links: Canal do Fonacate; Canal do Fonasefe; Fanpage do Fonasefe; Fanpage do SINASEFE.<\/p>\n\n\n\n<p>Estima-se que entre 2017 e 2022 a infla\u00e7\u00e3o j\u00e1 tenha corro\u00eddo 40% das remunera\u00e7\u00f5es do funcionalismo p\u00fablico, onerado tamb\u00e9m com o aumento das al\u00edquotas previdenci\u00e1rias advindo da Reforma da Previd\u00eancia aprovada pelo governo Bolsonaro.<\/p>\n\n\n\n<h2 class=\"wp-block-heading\"><strong>Mesa de negocia\u00e7\u00e3o tem data para iniciar<\/strong><\/h2>\n\n\n\n<p>Ap\u00f3s quatro anos sem qualquer abertura de negocia\u00e7\u00e3o com o Executivo, as e os servidores conquistaram a reabertura da mesa de negocia\u00e7\u00e3o com o governo federal, e a primeira reuni\u00e3o j\u00e1 tem data para acontecer: 7 de fevereiro, \u00e0s 11h, na sede do Minist\u00e9rio da Gest\u00e3o e Inova\u00e7\u00e3o em Servi\u00e7os P\u00fablicos (MGI), em Bras\u00edlia (DF).<\/p>\n\n\n\n<p>O Sinasefe estar\u00e1 presente no encontro, que reunir\u00e1 sindicatos ligados ao Fonasefe (F\u00f3rum das Entidades Nacionais dos Servidores P\u00fablicos Federais) e ao Fonacate (F\u00f3rum Nacional Permanente de Carreiras T\u00edpicas de Estado).<\/p>\n\n\n\n<p>Al\u00e9m da pauta emergencial do reajuste linear para todas as categorias do servi\u00e7o p\u00fablico, o SINASEFE apresentar\u00e1 tamb\u00e9m outras demandas emergenciais de t\u00e9cnico-administrativos e docentes da Rede Federal de Educa\u00e7\u00e3o, tais como:<\/p>\n\n\n\n<ul class=\"wp-block-list\">\n<li>revoga\u00e7\u00e3o da Instru\u00e7\u00e3o Normativa do ME&nbsp;<a href=\"https:\/\/sinasefe.org.br\/site\/ajn-divulga-nota-sobre-in-54-2021-ilegalidades-ameaca-a-liberdade-sindical-e-ao-direito-de-greve\/\" target=\"_blank\" rel=\"noreferrer noopener\">n\u00ba 54\/2021<\/a>;<\/li>\n\n\n\n<li>revoga\u00e7\u00e3o do&nbsp;<a href=\"http:\/\/www.planalto.gov.br\/ccivil_03\/_ato2019-2022\/2019\/decreto\/d10186.htm\" target=\"_blank\" rel=\"noreferrer noopener\">Decreto n\u00ba 10.186\/2019<\/a>;<\/li>\n\n\n\n<li>revoga\u00e7\u00e3o da&nbsp;<a href=\"https:\/\/sinasefe.org.br\/site\/sinasefe-pela-revogacao-da-portaria-no-10723-2022\/\" target=\"_blank\" rel=\"noreferrer noopener\">Portaria n\u00ba 10.723\/2022<\/a>.<\/li>\n<\/ul>\n","protected":false},"excerpt":{"rendered":"<p>Nesta ter\u00e7a-feira, 31 de janeiro, integrantes do funcionalismo p\u00fablico promovem o Dia Nacional de Mobiliza\u00e7\u00e3o pelo Reajuste dos Servidores Federais, com o objetivo de chamar a aten\u00e7\u00e3o da sociedade e tamb\u00e9m mobilizar parlamentares e o pr\u00f3prio governo federal para que os sal\u00e1rios das e dos trabalhadores da esfera p\u00fablica, congelados h\u00e1 quase seis anos, sejam<\/p>\n","protected":false},"author":3,"featured_media":5627,"comment_status":"closed","ping_status":"closed","sticky":false,"template":"","format":"standard","meta":{"footnotes":""},"categories":[37,41,42,45],"tags":[],"class_list":{"0":"post-5626","1":"post","2":"type-post","3":"status-publish","4":"format-standard","5":"has-post-thumbnail","7":"category-destaque","8":"category-movimento","9":"category-noticia","10":"category-sindicato"},"_links":{"self":[{"href":"https:\/\/sinasefesm.com\/index.php\/wp-json\/wp\/v2\/posts\/5626","targetHints":{"allow":["GET"]}}],"collection":[{"href":"https:\/\/sinasefesm.com\/index.php\/wp-json\/wp\/v2\/posts"}],"about":[{"href":"https:\/\/sinasefesm.com\/index.php\/wp-json\/wp\/v2\/types\/post"}],"author":[{"embeddable":true,"href":"https:\/\/sinasefesm.com\/index.php\/wp-json\/wp\/v2\/users\/3"}],"replies":[{"embeddable":true,"href":"https:\/\/sinasefesm.com\/index.php\/wp-json\/wp\/v2\/comments?post=5626"}],"version-history":[{"count":0,"href":"https:\/\/sinasefesm.com\/index.php\/wp-json\/wp\/v2\/posts\/5626\/revisions"}],"wp:featuredmedia":[{"embeddable":true,"href":"https:\/\/sinasefesm.com\/index.php\/wp-json\/wp\/v2\/media\/5627"}],"wp:attachment":[{"href":"https:\/\/sinasefesm.com\/index.php\/wp-json\/wp\/v2\/media?parent=5626"}],"wp:term":[{"taxonomy":"category","embeddable":true,"href":"https:\/\/sinasefesm.com\/index.php\/wp-json\/wp\/v2\/categories?post=5626"},{"taxonomy":"post_tag","embeddable":true,"href":"https:\/\/sinasefesm.com\/index.php\/wp-json\/wp\/v2\/tags?post=5626"}],"curies":[{"name":"wp","href":"https:\/\/api.w.org\/{rel}","templated":true}]}}