{"id":5631,"date":"2023-02-01T14:43:51","date_gmt":"2023-02-01T14:43:51","guid":{"rendered":"https:\/\/sinasefesm.com\/?p=5631"},"modified":"2023-02-01T14:43:51","modified_gmt":"2023-02-01T14:43:51","slug":"sinasefe-santa-maria-elege-delegado-a-178a-plena-e-ao-2o-enniq","status":"publish","type":"post","link":"https:\/\/sinasefesm.com\/index.php\/2023\/02\/01\/sinasefe-santa-maria-elege-delegado-a-178a-plena-e-ao-2o-enniq\/","title":{"rendered":"Sinasefe Santa Maria elege representantes \u00e0 178\u00aa Plena e ao 2\u00ba ENNIQ"},"content":{"rendered":"\n<p>O nome de Jos\u00e9 Ab\u00edlio Lima de Freitas, um dos coordenadores gerais do Sinasefe Santa Maria, foi o escolhido para representar a se\u00e7\u00e3o sindical na 178\u00aa Plen\u00e1ria Nacional (Plena) do Sinasefe, marcada para ocorrer nos dias 11 e 12 de fevereiro em Bras\u00edlia (DF).<\/p>\n\n\n\n<p>A assembleia que definiu o nome de Ab\u00edlio ocorreu na tarde da \u00faltima segunda-feira, 30, na sede do sindicato, onde tamb\u00e9m foi referendada a participa\u00e7\u00e3o de Cassiana Marques da Silva, servidora t\u00e9cnica-administrativa da UFSM, no 2\u00ba Encontro de Negras, Negros, Ind\u00edgenas e Quilombolas (ENNIQ). O evento, sediado pelo Sindicato dos Servidores P\u00fablicos Federais da Educa\u00e7\u00e3o B\u00e1sica e Profissional no Estado de Alagoas (Sintietfal), ocorre de 22 a 26 de mar\u00e7o, com o tema \u201cMalungas, Malungos e Parentes na terra de Palmares! Nossa luta, nosso sindicato!\u201d.<\/p>\n\n\n\n<h2 class=\"wp-block-heading\">Veja, abaixo, a programa\u00e7\u00e3o completa da 178\u00aa Plena (11 e 12 de fevereiro):<\/h2>\n\n\n\n<p><strong>11\/02 (s\u00e1bado)&nbsp;&nbsp;&nbsp;&nbsp;&nbsp;&nbsp;&nbsp;&nbsp;&nbsp;&nbsp;&nbsp;&nbsp;&nbsp;&nbsp;&nbsp;&nbsp;&nbsp;&nbsp;&nbsp;&nbsp;&nbsp;&nbsp;&nbsp;&nbsp;&nbsp;<\/strong><\/p>\n\n\n\n<p>08h \u00e0s 12h: Credenciamento<\/p>\n\n\n\n<p>08h \u00e0s 10h: Informes da DN (Dire\u00e7\u00e3o Nacional)<\/p>\n\n\n\n<p>10h \u00e0s 12h30: Informes das se\u00e7\u00f5es sindicais<\/p>\n\n\n\n<p>12h30 \u00e0s 13h30: Almo\u00e7o<\/p>\n\n\n\n<p>13h30 \u00e0s 16h: An\u00e1lise de conjuntura<\/p>\n\n\n\n<p>16h30 \u00e0s 17h: Coffee break<\/p>\n\n\n\n<p>17h \u00e0s 19h30: Campanha Salarial e Mesa de Negocia\u00e7\u00e3o (reajuste, pauta de reivindica\u00e7\u00f5es e prioridades).<\/p>\n\n\n\n<p><strong>12\/02 (domingo)<\/strong><\/p>\n\n\n\n<p>8h \u00e0s 9h: Plano Or\u00e7ament\u00e1rio-Financeiro Anual do Sinasefe<\/p>\n\n\n\n<p>9h \u00e0s 12h: Relat\u00f3rio conclusivo da Comiss\u00e3o de Apura\u00e7\u00e3o de responsabilidades e autoria dos fatos ocorridos no 34\u00ba CONSINASEFE<\/p>\n\n\n\n<p>12h \u00e0s 13h30: Almo\u00e7o<\/p>\n\n\n\n<p>13h30 \u00e0s 14h: Encontros Regionais, Semin\u00e1rio de Carreira e GT Carreira<\/p>\n\n\n\n<p>14h \u00e0s 15h: Aprova\u00e7\u00e3o dos encaminhamentos do 14\u00ba ESCIME<\/p>\n\n\n\n<p>15h \u00e0s 16h: Encaminhamentos<\/p>\n\n\n\n<p>16h: Encerramento.<\/p>\n\n\n\n<h2 class=\"wp-block-heading\">E, agora, a programa\u00e7\u00e3o completa do 2\u00ba ENNIQ:<\/h2>\n\n\n<div class=\"wp-block-image is-style-default\">\n<figure class=\"aligncenter size-full is-resized\"><img fetchpriority=\"high\" decoding=\"async\" src=\"https:\/\/sinasefesm.com\/wp-content\/uploads\/2023\/02\/Demanda-4023-Mini.jpg\" alt=\"\" class=\"wp-image-5634\" width=\"495\" height=\"268\"\/><\/figure><\/div>\n\n\n<p><strong>22\/03 (Quarta-feira)<\/strong><\/p>\n\n\n\n<p>9h \u00e0s 18h: Credenciamento<\/p>\n\n\n\n<p>10h \u00e0s 17h: Oficinas<\/p>\n\n\n\n<p>19h \u00e0s 22h: Confer\u00eancia de abertura &#8211; Enquanto houver racismo, n\u00e3o h\u00e1 democracia: a luta por direitos de Negres, Ind\u00edgenas e quilombolas no Brasil.<\/p>\n\n\n\n<p><strong>23\/03 (Quinta-feira)<\/strong><\/p>\n\n\n\n<p>9h \u00e0s 12h: Aquilombar-se e aldear-se \u00e9 preciso: em defesa das identidades e territorialidades no Brasil<\/p>\n\n\n\n<p>14h \u00e0s 16h: 10 anos das cotas raciais: em defesa das a\u00e7\u00f5es afirmativas e o (n\u00e3o) lugar do Sinasefe<\/p>\n\n\n\n<p>16h \u00e0s 18h: A arte como resist\u00eancia \u00e9tnica: linguagens e express\u00f5es em movimento de resist\u00eancia no Brasil.<\/p>\n\n\n\n<p>19h \u00e0s 22h: Contra o racismo religioso: pela liberdade dos cultos das religi\u00f5es de matrizes africanas e cosmologias ind\u00edgenas.<\/p>\n\n\n\n<p><strong>24\/03 (Sexta-feira)<\/strong><\/p>\n\n\n\n<p>7h: Viagem para o Parque Memorial do Quilombo dos Palmares<\/p>\n\n\n\n<p>7h: Viagem para a Aldeia Mata da Cafurna<\/p>\n\n\n\n<p><strong>25\/03 (S\u00e1bado)<\/strong><\/p>\n\n\n\n<p>9h \u00e0s 12h: Pr\u00e1ticas antirracistas na Rede Federal: o papel dos Neabs, Neabis e grupos correlatos no combate aos racismos<\/p>\n\n\n\n<p>14h \u00e0s 18h: Grupos de Trabalho (GTs)<\/p>\n\n\n\n<p>GT1 \u2013 Interseccionalidades, g\u00eanero, ra\u00e7a, classe e etnia: e a luta dos povos por um Brasil antirracista;<\/p>\n\n\n\n<p>GT2 \u2013 Pol\u00edticas e A\u00e7\u00f5es Afirmativas: 10 anos da lei de cotas, 20 anos da lei n\u00ba 10.639\/03, lei n\u00ba 11.645\/08 e a educa\u00e7\u00e3o antirracista no Brasil;<\/p>\n\n\n\n<p>GT3 \u2013 Necropol\u00edtica e etnoc\u00eddio: povos perif\u00e9ricos e a luta pelo direito \u00e0 vida;<\/p>\n\n\n\n<p>GT4 \u2013 Pol\u00edtica e poder: o papel do sindicato na luta antirracista e na Rede Federal de Educa\u00e7\u00e3o.<\/p>\n\n\n\n<p>20h30: Confraterniza\u00e7\u00e3o<\/p>\n\n\n\n<p><strong>26\/03 (Domingo)<\/strong><\/p>\n\n\n\n<p>9h \u00e0s 12h30: Plen\u00e1ria final e encerramento.<\/p>\n\n\n\n<p><\/p>\n\n\n\n<p><\/p>\n\n\n\n<p><\/p>\n\n\n\n<p><\/p>\n\n\n\n<p><\/p>\n\n\n\n<p><\/p>\n","protected":false},"excerpt":{"rendered":"<p>O nome de Jos\u00e9 Ab\u00edlio Lima de Freitas, um dos coordenadores gerais do Sinasefe Santa Maria, foi o escolhido para representar a se\u00e7\u00e3o sindical na 178\u00aa Plen\u00e1ria Nacional (Plena) do Sinasefe, marcada para ocorrer nos dias 11 e 12 de fevereiro em Bras\u00edlia (DF). A assembleia que definiu o nome de Ab\u00edlio ocorreu na tarde<\/p>\n","protected":false},"author":3,"featured_media":5539,"comment_status":"closed","ping_status":"closed","sticky":false,"template":"","format":"standard","meta":{"footnotes":""},"categories":[37,42,45],"tags":[],"class_list":{"0":"post-5631","1":"post","2":"type-post","3":"status-publish","4":"format-standard","5":"has-post-thumbnail","7":"category-destaque","8":"category-noticia","9":"category-sindicato"},"_links":{"self":[{"href":"https:\/\/sinasefesm.com\/index.php\/wp-json\/wp\/v2\/posts\/5631","targetHints":{"allow":["GET"]}}],"collection":[{"href":"https:\/\/sinasefesm.com\/index.php\/wp-json\/wp\/v2\/posts"}],"about":[{"href":"https:\/\/sinasefesm.com\/index.php\/wp-json\/wp\/v2\/types\/post"}],"author":[{"embeddable":true,"href":"https:\/\/sinasefesm.com\/index.php\/wp-json\/wp\/v2\/users\/3"}],"replies":[{"embeddable":true,"href":"https:\/\/sinasefesm.com\/index.php\/wp-json\/wp\/v2\/comments?post=5631"}],"version-history":[{"count":0,"href":"https:\/\/sinasefesm.com\/index.php\/wp-json\/wp\/v2\/posts\/5631\/revisions"}],"wp:featuredmedia":[{"embeddable":true,"href":"https:\/\/sinasefesm.com\/index.php\/wp-json\/wp\/v2\/media\/5539"}],"wp:attachment":[{"href":"https:\/\/sinasefesm.com\/index.php\/wp-json\/wp\/v2\/media?parent=5631"}],"wp:term":[{"taxonomy":"category","embeddable":true,"href":"https:\/\/sinasefesm.com\/index.php\/wp-json\/wp\/v2\/categories?post=5631"},{"taxonomy":"post_tag","embeddable":true,"href":"https:\/\/sinasefesm.com\/index.php\/wp-json\/wp\/v2\/tags?post=5631"}],"curies":[{"name":"wp","href":"https:\/\/api.w.org\/{rel}","templated":true}]}}