{"id":5640,"date":"2023-02-04T01:12:53","date_gmt":"2023-02-04T01:12:53","guid":{"rendered":"https:\/\/sinasefesm.com\/?p=5640"},"modified":"2023-02-04T01:12:53","modified_gmt":"2023-02-04T01:12:53","slug":"comunidade-da-ufsm-reforca-apoio-ao-enem-sisu-como-metodo-mais-democratico-de-ingresso","status":"publish","type":"post","link":"https:\/\/sinasefesm.com\/index.php\/2023\/02\/04\/comunidade-da-ufsm-reforca-apoio-ao-enem-sisu-como-metodo-mais-democratico-de-ingresso\/","title":{"rendered":"Comunidade da UFSM refor\u00e7a apoio ao ENEM\/SiSU como m\u00e9todo mais democr\u00e1tico de ingresso"},"content":{"rendered":"\n<p>Em Assembleia Unificada ocorrida no hall do pr\u00e9dio da reitoria na \u00faltima quarta-feira, 1\u00ba de fevereiro, as e os estudantes, professores e t\u00e9cnico-administrativos em educa\u00e7\u00e3o da UFSM n\u00e3o deixaram d\u00favidas acerca de seu posicionamento contr\u00e1rio ao retorno do vestibular e do processo seletivo seriado (PSS).<\/p>\n\n\n\n<p>A mobiliza\u00e7\u00e3o das entidades representativas dos segmentos existe desde que a Pr\u00f3-Reitoria de Gradua\u00e7\u00e3o come\u00e7ou a elaborar uma minuta de resolu\u00e7\u00e3o que, alegando estar o problema da evas\u00e3o assentado, dentre outros aspectos, no m\u00e9todo de escolha de curso previsto pelo SiSU, prop\u00f5e o retorno de formas de ingresso at\u00e9 ent\u00e3o superadas, como o vestibular e o PSS.<\/p>\n\n\n\n<p>Ocorre que, na vis\u00e3o das e dos integrantes da comunidade acad\u00eamica, o enfrentamento da evas\u00e3o passa pela garantia de condi\u00e7\u00f5es de perman\u00eancia \u00e0s e aos estudantes, muitos dos quais s\u00e3o tamb\u00e9m trabalhadores e amargam os impactos da carestia, do aumento da pobreza e dos cortes or\u00e7ament\u00e1rios respons\u00e1veis, por exemplo, por suspens\u00e3o ou congelamento das bolsas, fechamento de Restaurantes Universit\u00e1rios e precariedade das moradias estudantis. O adoecimento da categoria discente tamb\u00e9m vem sendo apontado como uma causa de evas\u00e3o, bem como as pr\u00e1ticas de racismo, machismo, xenofobia e lgbtofobia ainda encontradas dentro da universidade.<\/p>\n\n\n\n<p>Se \u00e0 \u00e9poca da aprova\u00e7\u00e3o do ENEM\/SiSU como m\u00e9todo \u00fanico de acesso \u00e0 universidade foram feitos debates internos no campus da universidade e externos na C\u00e2mara de Vereadores e em outros espa\u00e7os, atualmente o mesmo cen\u00e1rio n\u00e3o se replica. \u00c9 o que dizem as e os representantes de sindicatos e entidades estudantis, para os quais a reitoria prop\u00f5e o retorno de formas mais elitizadas e menos democr\u00e1ticas de ingresso sem o respaldo das comunidades interna e externa.<\/p>\n\n\n\n<p>Recentemente, o Sinasefe Santa Maria, em conjunto com Sedufsm, Assufsm, Atens, DCE e APG, assinou nota em defesa do fortalecimento do ENEM\/SiSU e contra a falta de di\u00e1logo da reitoria para a aprova\u00e7\u00e3o da minuta de resolu\u00e7\u00e3o que altera as formas de ingresso. Pautada na reuni\u00e3o do Conselho de Ensino, Pesquisa e Extens\u00e3o (CEPE) do dia 26 de janeiro, a minuta, ap\u00f3s pedido de vista do DCE UFSM, deve entrar na pauta do CEPE de 10 de fevereiro.<\/p>\n\n\n\n<p>Mas, se depender da mobiliza\u00e7\u00e3o da comunidade da UFSM, o tema ser\u00e1 adiado e deve voltar \u00e0 pauta s\u00f3 no pr\u00f3ximo semestre, ap\u00f3s debates em cursos e tamb\u00e9m durante a semana da calourada. Outra proposi\u00e7\u00e3o advinda da Assembleia Unificada \u00e9 de que, quando for ocorrer, tal vota\u00e7\u00e3o no CEPE seja de modo presencial. Para fortalecer o debate junto \u00e0 popula\u00e7\u00e3o, foi encaminhada a cria\u00e7\u00e3o de grupos de panfletagem, que percorrer\u00e3o os principais pontos da cidade a fim de dialogar com as pessoas sobre a import\u00e2ncia de defender a democratiza\u00e7\u00e3o da universidade, expressa, em boa parte, pela ades\u00e3o integral ao ENEM\/SiSU.<\/p>\n","protected":false},"excerpt":{"rendered":"<p>Em Assembleia Unificada ocorrida no hall do pr\u00e9dio da reitoria na \u00faltima quarta-feira, 1\u00ba de fevereiro, as e os estudantes, professores e t\u00e9cnico-administrativos em educa\u00e7\u00e3o da UFSM n\u00e3o deixaram d\u00favidas acerca de seu posicionamento contr\u00e1rio ao retorno do vestibular e do processo seletivo seriado (PSS). A mobiliza\u00e7\u00e3o das entidades representativas dos segmentos existe desde que<\/p>\n","protected":false},"author":3,"featured_media":5642,"comment_status":"closed","ping_status":"closed","sticky":false,"template":"","format":"standard","meta":{"footnotes":""},"categories":[37,41,42,45],"tags":[],"class_list":{"0":"post-5640","1":"post","2":"type-post","3":"status-publish","4":"format-standard","5":"has-post-thumbnail","7":"category-destaque","8":"category-movimento","9":"category-noticia","10":"category-sindicato"},"_links":{"self":[{"href":"https:\/\/sinasefesm.com\/index.php\/wp-json\/wp\/v2\/posts\/5640","targetHints":{"allow":["GET"]}}],"collection":[{"href":"https:\/\/sinasefesm.com\/index.php\/wp-json\/wp\/v2\/posts"}],"about":[{"href":"https:\/\/sinasefesm.com\/index.php\/wp-json\/wp\/v2\/types\/post"}],"author":[{"embeddable":true,"href":"https:\/\/sinasefesm.com\/index.php\/wp-json\/wp\/v2\/users\/3"}],"replies":[{"embeddable":true,"href":"https:\/\/sinasefesm.com\/index.php\/wp-json\/wp\/v2\/comments?post=5640"}],"version-history":[{"count":0,"href":"https:\/\/sinasefesm.com\/index.php\/wp-json\/wp\/v2\/posts\/5640\/revisions"}],"wp:featuredmedia":[{"embeddable":true,"href":"https:\/\/sinasefesm.com\/index.php\/wp-json\/wp\/v2\/media\/5642"}],"wp:attachment":[{"href":"https:\/\/sinasefesm.com\/index.php\/wp-json\/wp\/v2\/media?parent=5640"}],"wp:term":[{"taxonomy":"category","embeddable":true,"href":"https:\/\/sinasefesm.com\/index.php\/wp-json\/wp\/v2\/categories?post=5640"},{"taxonomy":"post_tag","embeddable":true,"href":"https:\/\/sinasefesm.com\/index.php\/wp-json\/wp\/v2\/tags?post=5640"}],"curies":[{"name":"wp","href":"https:\/\/api.w.org\/{rel}","templated":true}]}}