{"id":5647,"date":"2023-02-09T20:47:38","date_gmt":"2023-02-09T20:47:38","guid":{"rendered":"https:\/\/sinasefesm.com\/?p=5647"},"modified":"2023-02-09T20:47:38","modified_gmt":"2023-02-09T20:47:38","slug":"neabi-e-mnu-posicionam-se-contrarios-ao-retorno-do-vestibular-na-ufsm","status":"publish","type":"post","link":"https:\/\/sinasefesm.com\/index.php\/2023\/02\/09\/neabi-e-mnu-posicionam-se-contrarios-ao-retorno-do-vestibular-na-ufsm\/","title":{"rendered":"NEABI e MNU posicionam-se contr\u00e1rios ao retorno do vestibular na UFSM"},"content":{"rendered":"\n<p>O N\u00facleo de Estudos Afro-Brasileiros e Ind\u00edgenas (NEABI-UFSM) e o Movimento Negro Unificado (MNU) de Santa Maria divulgaram notas de rep\u00fadio \u00e0 proposta que traz de volta o vestibular e o processo seletivo seriado na universidade. Desde 2015, o ingresso na UFSM se d\u00e1 quase que exclusivamente via Enem\/SiSU, m\u00e9todo escolhido pela comunidade acad\u00eamica e, tamb\u00e9m, discutido junto \u00e0 comunidade externa em 2014, como o mais democr\u00e1tico e inclusivo.<\/p>\n\n\n\n<p>Ocorre que, especialmente desde 2022, a reitoria vem trazendo a discuss\u00e3o sobre o retorno tanto do vestibular quanto do processo seletivo seriado, argumentando que tais processos tenderiam a diminuir os \u00edndices de evas\u00e3o encontrados ap\u00f3s a ades\u00e3o ao Enem\/SiSU. Para NEABI, MNU e as entidades sindicais e estudantis, contudo, o fen\u00f4meno da evas\u00e3o n\u00e3o deve ser atrelado \u00e0 forma de ingresso, e sim \u00e0 precariedade das pol\u00edticas de perman\u00eancia estudantil, \u00e0 desorganiza\u00e7\u00e3o causada pela pandemia de Covid-19, ao adoecimento ps\u00edquico das e dos estudantes e \u00e0s pr\u00e1ticas de machismo, racismo, xenofobia e lgbtfobia ainda presentes dentro das institui\u00e7\u00f5es de ensino.<\/p>\n\n\n\n<p>Em sua nota, o NEABI destaca dados publicizados pela Pr\u00f3-Reitoria de Planejamento da UFSM, segundo os quais, em 2021, cerca de 75% das e dos estudantes autodeclararam-se brancos e tiveram suas rendas n\u00e3o identificadas. \u201cIsto expressa a necessidade do fortalecimento e amplia\u00e7\u00e3o das pol\u00edticas de a\u00e7\u00e3o afirmativa para o ingresso e perman\u00eancia de estudantes negros e negras, bem como ind\u00edgenas, na institui\u00e7\u00e3o, pois estes representam uma m\u00e9dia aqu\u00e9m do estipulado pelo sistema de cotas adotado e muito distante da realidade nacional. Os referidos dados tamb\u00e9m revelam outros pontos importantes, que residem na necessidade de garantia do acesso das pessoas com defici\u00eancia e necessidades especiais, assim como a amplia\u00e7\u00e3o da presen\u00e7a de pessoas pertencentes \u00e0 comunidade LGBTQIA+, tanto quanto o fortalecimento do ingresso de estudantes de baixa renda, de um modo geral, na institui\u00e7\u00e3o\u201d, diz a nota.<\/p>\n\n\n\n<p>Justamente devido a essa necessidade de fortalecer e ampliar a presen\u00e7a das minorias sociais dentro da UFSM \u00e9 que o ENEM\/SiSU deveria ser defendido como m\u00e9todo de ingresso, atesta o N\u00facleo.<\/p>\n\n\n\n<p>Na mesma minuta de resolu\u00e7\u00e3o, de autoria da Pr\u00f3-Reitoria de Gradua\u00e7\u00e3o, que prop\u00f5e o retorno do vestibular e do processo seriado, consta, tamb\u00e9m, a previs\u00e3o de processos espec\u00edficos para ind\u00edgenas, quilombolas, pessoas com necessidades especiais, atletas de alto rendimento, pessoas com mais de 60 anos e estudantes medalhistas em competi\u00e7\u00f5es. Tanto o movimento negro quanto o movimento ind\u00edgena defendem pol\u00edticas de a\u00e7\u00f5es afirmativas espec\u00edficas, por\u00e9m colocam-se frontalmente contr\u00e1rios ao enfraquecimento do Enem\/SiSU, n\u00e3o admitindo ser \u201cmoeda de troca\u201d.<\/p>\n\n\n\n<p>\u201c[&#8230;] defendemos a manuten\u00e7\u00e3o e amplia\u00e7\u00e3o das pol\u00edticas de a\u00e7\u00e3o afirmativa para o ingresso da popula\u00e7\u00e3o negra e ind\u00edgena na institui\u00e7\u00e3o, por meio das cotas raciais, do processo seletivo ind\u00edgena e da cria\u00e7\u00e3o de um processo espec\u00edfico para o ingresso das comunidades quilombolas, assim como para outros grupos historicamente alijados do acesso ao ensino superior p\u00fablico, gratuito e de qualidade, mas que estes resultem de um amplo debate com os n\u00facleos e setores diretamente envolvidos, sendo sua proposta de implementa\u00e7\u00e3o fruto do debate coletivo, e n\u00e3o do contr\u00e1rio, a partir de uma proposta de implementa\u00e7\u00e3o gen\u00e9rica. Tamb\u00e9m reivindicamos que o CEPE-UFSM delibere por um amplo debate sobre o tema das formas de ingresso na institui\u00e7\u00e3o, contemplando toda a sociedade\u201d, conclui a nota do NEABI, dispon\u00edvel para leitura na \u00edntegra abaixo.<\/p>\n\n\n\n<div data-wp-interactive=\"core\/file\" class=\"wp-block-file\"><object data-wp-bind--hidden=\"!state.hasPdfPreview\" hidden class=\"wp-block-file__embed\" data=\"https:\/\/sinasefesm.com\/wp-content\/uploads\/2023\/02\/Posicao-do-NEABI-UFSM-Ingresso-na-UFSM.pdf\" type=\"application\/pdf\" style=\"width:100%;height:600px\" aria-label=\"Incorporado de Posicao-do-NEABI-UFSM-Ingresso-na-UFSM.\"><\/object><a id=\"wp-block-file--media-1eeb741d-26b7-4479-ae25-525d9234e37a\" href=\"https:\/\/sinasefesm.com\/wp-content\/uploads\/2023\/02\/Posicao-do-NEABI-UFSM-Ingresso-na-UFSM.pdf\">Posicao-do-NEABI-UFSM-Ingresso-na-UFSM<\/a><a href=\"https:\/\/sinasefesm.com\/wp-content\/uploads\/2023\/02\/Posicao-do-NEABI-UFSM-Ingresso-na-UFSM.pdf\" class=\"wp-block-file__button wp-element-button\" download aria-describedby=\"wp-block-file--media-1eeb741d-26b7-4479-ae25-525d9234e37a\">Baixar<\/a><\/div>\n\n\n\n<h2 class=\"wp-block-heading\">\u201c\u00c9 preciso garantir que nossos filhos n\u00e3o se desencantem\u201d<\/h2>\n\n\n\n<p>No texto do MNU \u00e9 ressalvado que o retorno do vestibular e do processo seriado obstaculizar\u00e1 ainda mais o acesso de jovens negros e negras \u00e0s universidades p\u00fablicas, tendo em vista tamb\u00e9m as desigualdades observadas na educa\u00e7\u00e3o b\u00e1sica e desveladas pela pandemia de Covid-19.<\/p>\n\n\n\n<p>\u201cA nossa urg\u00eancia, enquanto Movimento Negro Unificado, \u00e9 garantir que nossos filhos\/as n\u00e3o se desencantem, e continuem em busca do conhecimento, porque somente ele liberta. Ao lado do p\u00f3s pandemia, nosso\/as filhos\/as e netos\/as enfrentam o processo de implanta\u00e7\u00e3o do Novo Ensino M\u00e9dio, mais um subterf\u00fagio para impedir que eles cheguem ao ensino superior, pois est\u00e3o despidos do \u2018capital cultural\u2019 exigido pela escola\u201d, salienta o Movimento Negro Unificado.<\/p>\n\n\n\n<p>A proposta de resolu\u00e7\u00e3o apresentada pela Prograd carregaria, tamb\u00e9m, uma vis\u00e3o \u201cxenof\u00f3bica\u201d, visto que tenderia a priorizar o ingresso de estudantes da regi\u00e3o, em detrimento de estudantes de outros estados do pa\u00eds. Ocorre que a UFSM, argumenta o MNU, tem car\u00e1ter federal e deve ter seu acesso universalizado o m\u00e1ximo poss\u00edvel, a fim de acolher pessoas de todos os cantos.<\/p>\n\n\n\n<p>E mesmo o argumento de defesa de uma maior regionaliza\u00e7\u00e3o n\u00e3o se sustentaria, visto que, segundo dados apresentados pela pr\u00f3pria Administra\u00e7\u00e3o Central, mais de 90% dos estudantes ingressantes via Enem s\u00e3o de Santa Maria e regi\u00e3o.<\/p>\n\n\n\n<p>\u201cO que deveria ser debatido de forma ampla seria a necessidade de se ampliar as pol\u00edticas de ingresso, assim como de perman\u00eancia da popula\u00e7\u00e3o negra e ind\u00edgena no \u00e2mbito da UFSM. Al\u00e9m de tudo, o contexto em car\u00e1ter suplementar de vagas que a proposta apresenta mostra o qu\u00e3o distante est\u00e1 a mesma da real necessidade desses povos. \u00c9 preciso avan\u00e7ar no sentido de se constituir um processo de Promo\u00e7\u00e3o da Igualdade Racial na UFSM\u201d, atesta a nota do MNU, que pode ser lida, na \u00edntegra, abaixo. \u00a0<\/p>\n\n\n\n<div data-wp-interactive=\"core\/file\" class=\"wp-block-file\"><object data-wp-bind--hidden=\"!state.hasPdfPreview\" hidden class=\"wp-block-file__embed\" data=\"https:\/\/sinasefesm.com\/wp-content\/uploads\/2023\/02\/NOTA-MNU-contra-volta-do-vestibular.pdf\" type=\"application\/pdf\" style=\"width:100%;height:600px\" aria-label=\"Incorporado de NOTA-MNU-contra-volta-do-vestibular.\"><\/object><a id=\"wp-block-file--media-2cd57127-137d-47a6-8e51-09a6c06ab7be\" href=\"https:\/\/sinasefesm.com\/wp-content\/uploads\/2023\/02\/NOTA-MNU-contra-volta-do-vestibular.pdf\">NOTA-MNU-contra-volta-do-vestibular<\/a><a href=\"https:\/\/sinasefesm.com\/wp-content\/uploads\/2023\/02\/NOTA-MNU-contra-volta-do-vestibular.pdf\" class=\"wp-block-file__button wp-element-button\" download aria-describedby=\"wp-block-file--media-2cd57127-137d-47a6-8e51-09a6c06ab7be\"><\/a><\/div>\n","protected":false},"excerpt":{"rendered":"<p>O N\u00facleo de Estudos Afro-Brasileiros e Ind\u00edgenas (NEABI-UFSM) e o Movimento Negro Unificado (MNU) de Santa Maria divulgaram notas de rep\u00fadio \u00e0 proposta que traz de volta o vestibular e o processo seletivo seriado na universidade. Desde 2015, o ingresso na UFSM se d\u00e1 quase que exclusivamente via Enem\/SiSU, m\u00e9todo escolhido pela comunidade acad\u00eamica e,<\/p>\n","protected":false},"author":3,"featured_media":5648,"comment_status":"closed","ping_status":"closed","sticky":false,"template":"","format":"standard","meta":{"footnotes":""},"categories":[37,41,42],"tags":[],"class_list":{"0":"post-5647","1":"post","2":"type-post","3":"status-publish","4":"format-standard","5":"has-post-thumbnail","7":"category-destaque","8":"category-movimento","9":"category-noticia"},"_links":{"self":[{"href":"https:\/\/sinasefesm.com\/index.php\/wp-json\/wp\/v2\/posts\/5647","targetHints":{"allow":["GET"]}}],"collection":[{"href":"https:\/\/sinasefesm.com\/index.php\/wp-json\/wp\/v2\/posts"}],"about":[{"href":"https:\/\/sinasefesm.com\/index.php\/wp-json\/wp\/v2\/types\/post"}],"author":[{"embeddable":true,"href":"https:\/\/sinasefesm.com\/index.php\/wp-json\/wp\/v2\/users\/3"}],"replies":[{"embeddable":true,"href":"https:\/\/sinasefesm.com\/index.php\/wp-json\/wp\/v2\/comments?post=5647"}],"version-history":[{"count":0,"href":"https:\/\/sinasefesm.com\/index.php\/wp-json\/wp\/v2\/posts\/5647\/revisions"}],"wp:featuredmedia":[{"embeddable":true,"href":"https:\/\/sinasefesm.com\/index.php\/wp-json\/wp\/v2\/media\/5648"}],"wp:attachment":[{"href":"https:\/\/sinasefesm.com\/index.php\/wp-json\/wp\/v2\/media?parent=5647"}],"wp:term":[{"taxonomy":"category","embeddable":true,"href":"https:\/\/sinasefesm.com\/index.php\/wp-json\/wp\/v2\/categories?post=5647"},{"taxonomy":"post_tag","embeddable":true,"href":"https:\/\/sinasefesm.com\/index.php\/wp-json\/wp\/v2\/tags?post=5647"}],"curies":[{"name":"wp","href":"https:\/\/api.w.org\/{rel}","templated":true}]}}