{"id":5663,"date":"2023-02-15T02:30:11","date_gmt":"2023-02-15T02:30:11","guid":{"rendered":"https:\/\/sinasefesm.com\/?p=5663"},"modified":"2023-02-15T02:30:11","modified_gmt":"2023-02-15T02:30:11","slug":"campanha-salarial-foi-pauta-da-178a-plena-do-sinasefe","status":"publish","type":"post","link":"https:\/\/sinasefesm.com\/index.php\/2023\/02\/15\/campanha-salarial-foi-pauta-da-178a-plena-do-sinasefe\/","title":{"rendered":"Campanha salarial foi pauta da 178\u00aa Plena do Sinasefe"},"content":{"rendered":"\n<p>A organiza\u00e7\u00e3o da campanha salarial e a prepara\u00e7\u00e3o para a mesa de negocia\u00e7\u00e3o com o governo federal compuseram um dos pontos principais da 178\u00aa Plen\u00e1ria Nacional do Sinasefe (Plena), ocorrida no \u00faltimo final de semana, dias 11 e 12 de fevereiro. Representando a se\u00e7\u00e3o sindical de Santa Maria, Jos\u00e9 Ab\u00edlio Lima de Freitas, um dos coordenadores gerais, participou da Plena e destaca ter sido um evento com presen\u00e7a expressiva das se\u00e7\u00f5es sindicais \u2013 ao todo, 52 se\u00e7\u00f5es enviaram representa\u00e7\u00f5es.<\/p>\n\n\n<div class=\"wp-block-image is-style-default\">\n<figure class=\"alignleft size-full\"><img decoding=\"async\" src=\"https:\/\/sinasefesm.com\/wp-content\/uploads\/2023\/02\/votacao-178-plena..jpg\" alt=\"\" class=\"wp-image-5668\"\/><\/figure><\/div>\n\n\n<p>\u201cUm ponto alto dessa Plena era a discuss\u00e3o sobre reajuste salarial e equipara\u00e7\u00e3o dos benef\u00edcios [aux\u00edlio alimenta\u00e7\u00e3o, aux\u00edlio-creche e transporte] com os poderes Judici\u00e1rio e Legislativo. Ficou definido que essa quest\u00e3o salarial ter\u00e1 dois momentos: o primeiro j\u00e1 agora, em 2023. Vamos receber a proposta do governo no dia 16 de fevereiro, e o Sinasefe pensa que esse ano dever\u00edamos ter um reajuste de no m\u00ednimo 26,94%, referente ao governo Bolsonaro&#8221;, explica Ab\u00edlio. <\/p>\n\n\n<div class=\"wp-block-image is-style-default\">\n<figure class=\"alignright size-full\"><img decoding=\"async\" src=\"https:\/\/sinasefesm.com\/wp-content\/uploads\/2023\/02\/abilio-178-plena.jpeg\" alt=\"\" class=\"wp-image-5677\"\/><figcaption class=\"wp-element-caption\"><em>Jos\u00e9 Ab\u00edlio Lima de Freitas, coordenador geral do Sinasefe Santa Maria, faz interven\u00e7\u00e3o durante a Plena<\/em><\/figcaption><\/figure><\/div>\n\n\n<p>O segundo momento refere-se \u00e0s propostas a serem elaboradas pela comiss\u00e3o permanente da carreira [CND \u2013 Comiss\u00e3o Nacional de Docentes; e CNS \u2013 Comiss\u00e3o Nacional de Supervis\u00e3o]. Tais propostas ser\u00e3o enviadas para discuss\u00e3o nas bases de todo o pa\u00eds. Depois, o assunto retorna para as comiss\u00f5es, que far\u00e3o a sistematiza\u00e7\u00e3o das contribui\u00e7\u00f5es e propostas. \u201cA partir da\u00ed se entra na mesa para negociar com o governo. Temos um prazo de 60 dias para fazer esse processo e chegar com um norte bem definido para negociar dentro da comiss\u00e3o de pessoal permanente que teremos no MEC\u201d, complementa o dirigente do Sinasefe Santa Maria.<\/p>\n\n\n\n<h2 class=\"wp-block-heading\">Proposta sobre carreira das e dos TAEs<\/h2>\n\n\n\n<p>A&nbsp;<a rel=\"noreferrer noopener\" href=\"https:\/\/sinasefe.org.br\/site\/comissoes\/cns\/\" target=\"_blank\">Comiss\u00e3o Nacional de Supervis\u00e3o<\/a>&nbsp;(CNS) se reuniu antes da 178\u00aa PLENA e produziu estudos para reestrutura\u00e7\u00e3o e aprimoramento do PCCTAE, que foram expostos no f\u00f3rum. <\/p>\n\n\n\n<p>Veja, abaixo, o documento produzido pela CNS e que deve ser amplamente discutido nas se\u00e7\u00f5es sindicais, dentro dos GTs Carreira, para que as contribui\u00e7\u00f5es de cada base sejam apresentadas e debatidas no GT Carreira do SINASEFE e em uma nova Plen\u00e1ria Nacional.<\/p>\n\n\n\n<p>Os resultados desta futura delibera\u00e7\u00e3o ser\u00e3o levados \u00e0 Mesa de Negocia\u00e7\u00e3o com o Governo Federal, o que torna priorit\u00e1rio e urgente que as se\u00e7\u00f5es coloquem em funcionamento os GTs Carreira de cada base.<\/p>\n\n\n\n<div data-wp-interactive=\"core\/file\" class=\"wp-block-file\"><object data-wp-bind--hidden=\"!state.hasPdfPreview\" hidden class=\"wp-block-file__embed\" data=\"https:\/\/sinasefesm.com\/wp-content\/uploads\/2023\/02\/20230214DOCCARREIRATAESINASEFE.pdf\" type=\"application\/pdf\" style=\"width:100%;height:600px\" aria-label=\"Incorporado de 20230214DOCCARREIRATAESINASEFE.\"><\/object><a id=\"wp-block-file--media-b61aa3e7-5179-4cd0-8a87-823e64bc4a84\" href=\"https:\/\/sinasefesm.com\/wp-content\/uploads\/2023\/02\/20230214DOCCARREIRATAESINASEFE.pdf\">20230214DOCCARREIRATAESINASEFE<\/a><a href=\"https:\/\/sinasefesm.com\/wp-content\/uploads\/2023\/02\/20230214DOCCARREIRATAESINASEFE.pdf\" class=\"wp-block-file__button wp-element-button\" download aria-describedby=\"wp-block-file--media-b61aa3e7-5179-4cd0-8a87-823e64bc4a84\">Baixar<\/a><\/div>\n\n\n\n<h2 class=\"wp-block-heading\"><strong>Or\u00e7amento e encontros regionais<\/strong><\/h2>\n\n\n\n<p>Outros pontos discutidos na 178\u00aa Plena foram o Plano Or\u00e7ament\u00e1rio-Financeiro Anual do Sinasefe e a organiza\u00e7\u00e3o dos Encontros Regionais das regi\u00f5es Norte, Centro-Oeste, Sul e Sudeste. Sobre esse \u00faltimo, ficou definido que as se\u00e7\u00f5es sindicais precisam enviar, em at\u00e9 15 dias, propostas de datas e sedes.<\/p>\n","protected":false},"excerpt":{"rendered":"<p>A organiza\u00e7\u00e3o da campanha salarial e a prepara\u00e7\u00e3o para a mesa de negocia\u00e7\u00e3o com o governo federal compuseram um dos pontos principais da 178\u00aa Plen\u00e1ria Nacional do Sinasefe (Plena), ocorrida no \u00faltimo final de semana, dias 11 e 12 de fevereiro. Representando a se\u00e7\u00e3o sindical de Santa Maria, Jos\u00e9 Ab\u00edlio Lima de Freitas, um dos<\/p>\n","protected":false},"author":3,"featured_media":5667,"comment_status":"closed","ping_status":"closed","sticky":false,"template":"","format":"standard","meta":{"footnotes":""},"categories":[37,39,42,45],"tags":[],"class_list":{"0":"post-5663","1":"post","2":"type-post","3":"status-publish","4":"format-standard","5":"has-post-thumbnail","7":"category-destaque","8":"category-eventos","9":"category-noticia","10":"category-sindicato"},"_links":{"self":[{"href":"https:\/\/sinasefesm.com\/index.php\/wp-json\/wp\/v2\/posts\/5663","targetHints":{"allow":["GET"]}}],"collection":[{"href":"https:\/\/sinasefesm.com\/index.php\/wp-json\/wp\/v2\/posts"}],"about":[{"href":"https:\/\/sinasefesm.com\/index.php\/wp-json\/wp\/v2\/types\/post"}],"author":[{"embeddable":true,"href":"https:\/\/sinasefesm.com\/index.php\/wp-json\/wp\/v2\/users\/3"}],"replies":[{"embeddable":true,"href":"https:\/\/sinasefesm.com\/index.php\/wp-json\/wp\/v2\/comments?post=5663"}],"version-history":[{"count":0,"href":"https:\/\/sinasefesm.com\/index.php\/wp-json\/wp\/v2\/posts\/5663\/revisions"}],"wp:featuredmedia":[{"embeddable":true,"href":"https:\/\/sinasefesm.com\/index.php\/wp-json\/wp\/v2\/media\/5667"}],"wp:attachment":[{"href":"https:\/\/sinasefesm.com\/index.php\/wp-json\/wp\/v2\/media?parent=5663"}],"wp:term":[{"taxonomy":"category","embeddable":true,"href":"https:\/\/sinasefesm.com\/index.php\/wp-json\/wp\/v2\/categories?post=5663"},{"taxonomy":"post_tag","embeddable":true,"href":"https:\/\/sinasefesm.com\/index.php\/wp-json\/wp\/v2\/tags?post=5663"}],"curies":[{"name":"wp","href":"https:\/\/api.w.org\/{rel}","templated":true}]}}