{"id":5695,"date":"2023-03-14T15:52:01","date_gmt":"2023-03-14T15:52:01","guid":{"rendered":"https:\/\/sinasefesm.com\/?p=5695"},"modified":"2023-03-14T15:52:01","modified_gmt":"2023-03-14T15:52:01","slug":"sinasefe-convida-servidores-para-reuniao-sobre-o-pcctae","status":"publish","type":"post","link":"https:\/\/sinasefesm.com\/index.php\/2023\/03\/14\/sinasefe-convida-servidores-para-reuniao-sobre-o-pcctae\/","title":{"rendered":"Sinasefe convida servidores para reuni\u00e3o sobre o PCCTAE"},"content":{"rendered":"\n<p>Para inaugurar o primeiro semestre letivo de 2023, o Sinasefe Santa Maria convida as e os t\u00e9cnico-administrativos em educa\u00e7\u00e3o lotados no Col\u00e9gio Polit\u00e9cnico e no Col\u00e9gio T\u00e9cnico Industrial da UFSM, bem como no campus Jaguari do Instituto Federal Farroupilha (IFFar), para uma reuni\u00e3o que abordar\u00e1, em especial, o Plano de Carreira dos Cargos T\u00e9cnico-Administrativos em Educa\u00e7\u00e3o \u2013 PCCTAE. A atividade ocorre nesta sexta-feira, 17 de mar\u00e7o, \u00e0s 14h, no Audit\u00f3rio do Col\u00e9gio Polit\u00e9cnico.<\/p>\n\n\n\n<p>Na pauta est\u00e3o as apresenta\u00e7\u00f5es de propostas para racionaliza\u00e7\u00e3o dos cargos do PCCTAE \u2013 com base no artigo 18 da lei 11.091\/2005, e para reestrutura\u00e7\u00e3o da Carreira do PCCTAE.<\/p>\n\n\n\n<p>O evento contar\u00e1 com a presen\u00e7a virtual do servidor William Nascimento Carvalho (SINDSCOPE &#8211; Sindicato dos Servidores do Col\u00e9gio Pedro II), membro da Comiss\u00e3o Nacional de Servidores &#8211; CNS.<\/p>\n\n\n\n<p>Embora seja voltado mais especificamente \u00e0s e aos t\u00e9cnico-administrativos em educa\u00e7\u00e3o, filiados ou n\u00e3o, o convite \u00e9 extensivo \u00e0 toda comunidade que se interessar pelo assunto.<\/p>\n\n\n\n<p>Quem quiser entender previamente o que \u00e9 abordado na proposta de racionaliza\u00e7\u00e3o dos cargos do PCCTAE \u2013 com base no artigo 18 da lei 11.091\/2005, pode acessar o documento abaixo, elaborado pelo Sinasefe.<\/p>\n\n\n\n<div data-wp-interactive=\"core\/file\" class=\"wp-block-file\"><object data-wp-bind--hidden=\"!state.hasPdfPreview\" hidden class=\"wp-block-file__embed\" data=\"https:\/\/sinasefesm.com\/wp-content\/uploads\/2023\/03\/TABELARACIONALIZACAOCOMALTERACOES.pdf\" type=\"application\/pdf\" style=\"width:100%;height:600px\" aria-label=\"Incorporado de TABELARACIONALIZACAOCOMALTERACOES.\"><\/object><a id=\"wp-block-file--media-b9ca37a8-0a51-4ece-a06e-f3b8e246582a\" href=\"https:\/\/sinasefesm.com\/wp-content\/uploads\/2023\/03\/TABELARACIONALIZACAOCOMALTERACOES.pdf\">TABELARACIONALIZACAOCOMALTERACOES<\/a><a href=\"https:\/\/sinasefesm.com\/wp-content\/uploads\/2023\/03\/TABELARACIONALIZACAOCOMALTERACOES.pdf\" class=\"wp-block-file__button wp-element-button\" download aria-describedby=\"wp-block-file--media-b9ca37a8-0a51-4ece-a06e-f3b8e246582a\">Baixar<\/a><\/div>\n\n\n\n<p>J\u00e1 quem desejar entender mais sobre a proposta da Comiss\u00e3o Nacional de Supervis\u00e3o do Sinasefe a respeito da reestrutura\u00e7\u00e3o do PCCTAE, pode realizar a leitura do documento abaixo. Ambos os documentos foram apresentados e aprovados na 178\u00aa Plena, ocorrida em 11 e 12 de fevereiro.<\/p>\n\n\n\n<div data-wp-interactive=\"core\/file\" class=\"wp-block-file\"><object data-wp-bind--hidden=\"!state.hasPdfPreview\" hidden class=\"wp-block-file__embed\" data=\"https:\/\/sinasefesm.com\/wp-content\/uploads\/2023\/03\/20230215documentocarreiraSINASEFE.pdf\" type=\"application\/pdf\" style=\"width:100%;height:600px\" aria-label=\"Incorporado de 20230215documentocarreiraSINASEFE.\"><\/object><a id=\"wp-block-file--media-15ec39d1-6784-4b0a-816e-83218b9419e1\" href=\"https:\/\/sinasefesm.com\/wp-content\/uploads\/2023\/03\/20230215documentocarreiraSINASEFE.pdf\">20230215documentocarreiraSINASEFE<\/a><a href=\"https:\/\/sinasefesm.com\/wp-content\/uploads\/2023\/03\/20230215documentocarreiraSINASEFE.pdf\" class=\"wp-block-file__button wp-element-button\" download aria-describedby=\"wp-block-file--media-15ec39d1-6784-4b0a-816e-83218b9419e1\">Baixar<\/a><\/div>\n","protected":false},"excerpt":{"rendered":"<p>Para inaugurar o primeiro semestre letivo de 2023, o Sinasefe Santa Maria convida as e os t\u00e9cnico-administrativos em educa\u00e7\u00e3o lotados no Col\u00e9gio Polit\u00e9cnico e no Col\u00e9gio T\u00e9cnico Industrial da UFSM, bem como no campus Jaguari do Instituto Federal Farroupilha (IFFar), para uma reuni\u00e3o que abordar\u00e1, em especial, o Plano de Carreira dos Cargos T\u00e9cnico-Administrativos em<\/p>\n","protected":false},"author":3,"featured_media":5703,"comment_status":"closed","ping_status":"closed","sticky":false,"template":"","format":"standard","meta":{"footnotes":""},"categories":[37,39,42,45],"tags":[],"class_list":{"0":"post-5695","1":"post","2":"type-post","3":"status-publish","4":"format-standard","5":"has-post-thumbnail","7":"category-destaque","8":"category-eventos","9":"category-noticia","10":"category-sindicato"},"_links":{"self":[{"href":"https:\/\/sinasefesm.com\/index.php\/wp-json\/wp\/v2\/posts\/5695","targetHints":{"allow":["GET"]}}],"collection":[{"href":"https:\/\/sinasefesm.com\/index.php\/wp-json\/wp\/v2\/posts"}],"about":[{"href":"https:\/\/sinasefesm.com\/index.php\/wp-json\/wp\/v2\/types\/post"}],"author":[{"embeddable":true,"href":"https:\/\/sinasefesm.com\/index.php\/wp-json\/wp\/v2\/users\/3"}],"replies":[{"embeddable":true,"href":"https:\/\/sinasefesm.com\/index.php\/wp-json\/wp\/v2\/comments?post=5695"}],"version-history":[{"count":0,"href":"https:\/\/sinasefesm.com\/index.php\/wp-json\/wp\/v2\/posts\/5695\/revisions"}],"wp:featuredmedia":[{"embeddable":true,"href":"https:\/\/sinasefesm.com\/index.php\/wp-json\/wp\/v2\/media\/5703"}],"wp:attachment":[{"href":"https:\/\/sinasefesm.com\/index.php\/wp-json\/wp\/v2\/media?parent=5695"}],"wp:term":[{"taxonomy":"category","embeddable":true,"href":"https:\/\/sinasefesm.com\/index.php\/wp-json\/wp\/v2\/categories?post=5695"},{"taxonomy":"post_tag","embeddable":true,"href":"https:\/\/sinasefesm.com\/index.php\/wp-json\/wp\/v2\/tags?post=5695"}],"curies":[{"name":"wp","href":"https:\/\/api.w.org\/{rel}","templated":true}]}}