{"id":5704,"date":"2023-03-14T23:42:30","date_gmt":"2023-03-14T23:42:30","guid":{"rendered":"https:\/\/sinasefesm.com\/?p=5704"},"modified":"2023-03-14T23:42:30","modified_gmt":"2023-03-14T23:42:30","slug":"governo-propoe-9-de-reajuste-a-partir-de-1o-de-maio","status":"publish","type":"post","link":"https:\/\/sinasefesm.com\/index.php\/2023\/03\/14\/governo-propoe-9-de-reajuste-a-partir-de-1o-de-maio\/","title":{"rendered":"Governo prop\u00f5e 9% de reajuste a partir de 1\u00ba de maio"},"content":{"rendered":"\n<p>Nesta quarta-feira, 14 de mar\u00e7o, o governo federal formalizou sua segunda proposta de reajuste emergencial para as trabalhadoras e trabalhadores do servi\u00e7o p\u00fablico. A proposi\u00e7\u00e3o, enviada \u00e0s entidades do funcionalismo, \u00e9 de 9% de reajuste salarial a partir de 1\u00ba de maio, e de 43,6% de reajuste no aux\u00edlio alimenta\u00e7\u00e3o, valor que corresponderia \u00e0 varia\u00e7\u00e3o do IPCA de fevereiro de 2016 a fevereiro de 2023. Assim, o aux\u00edlio passaria dos atuais R$ 458 para R$ 658.<\/p>\n\n\n\n<h2 class=\"wp-block-heading\">Itens n\u00e3o remunerat\u00f3rios<\/h2>\n\n\n\n<p>Em rela\u00e7\u00e3o \u00e0s quest\u00f5es que n\u00e3o envolvem sal\u00e1rios e aux\u00edlios, o Governo Federal manteve o que foi apresentado no \u00faltimo dia 16 de fevereiro:<\/p>\n\n\n\n<p>As Instru\u00e7\u00f5es Normativas n\u00ba 02\/2018 e n\u00ba 54\/2021 ser\u00e3o objeto de di\u00e1logo com as entidades sindicais;<\/p>\n\n\n\n<p>O Governo Lula defender\u00e1 o arquivamento definitivo da Reforma Administrativa (PEC 32\/2020);<\/p>\n\n\n\n<p>A retomada das Mesas Setoriais est\u00e1 vinculada \u00e0 revis\u00e3o do subsistema de rela\u00e7\u00f5es de trabalho no servi\u00e7o p\u00fablico federal, previsto no Decreto n\u00ba 7.674\/2012.<\/p>\n\n\n\n<h2 class=\"wp-block-heading\">A proposta detalhada pode ser lida abaixo:<\/h2>\n\n\n\n<div data-wp-interactive=\"core\/file\" class=\"wp-block-file\"><object data-wp-bind--hidden=\"!state.hasPdfPreview\" hidden class=\"wp-block-file__embed\" data=\"https:\/\/sinasefesm.com\/wp-content\/uploads\/2023\/03\/PROPOSTADEREAJUSTE2.pdf\" type=\"application\/pdf\" style=\"width:100%;height:600px\" aria-label=\"Incorporado de PROPOSTADEREAJUSTE2.\"><\/object><a id=\"wp-block-file--media-292e4c3b-8440-4ec7-9e2e-1016de383a5e\" href=\"https:\/\/sinasefesm.com\/wp-content\/uploads\/2023\/03\/PROPOSTADEREAJUSTE2.pdf\">PROPOSTADEREAJUSTE2<\/a><a href=\"https:\/\/sinasefesm.com\/wp-content\/uploads\/2023\/03\/PROPOSTADEREAJUSTE2.pdf\" class=\"wp-block-file__button wp-element-button\" download aria-describedby=\"wp-block-file--media-292e4c3b-8440-4ec7-9e2e-1016de383a5e\">Baixar<\/a><\/div>\n","protected":false},"excerpt":{"rendered":"<p>Nesta quarta-feira, 14 de mar\u00e7o, o governo federal formalizou sua segunda proposta de reajuste emergencial para as trabalhadoras e trabalhadores do servi\u00e7o p\u00fablico. A proposi\u00e7\u00e3o, enviada \u00e0s entidades do funcionalismo, \u00e9 de 9% de reajuste salarial a partir de 1\u00ba de maio, e de 43,6% de reajuste no aux\u00edlio alimenta\u00e7\u00e3o, valor que corresponderia \u00e0 varia\u00e7\u00e3o<\/p>\n","protected":false},"author":3,"featured_media":5706,"comment_status":"closed","ping_status":"closed","sticky":false,"template":"","format":"standard","meta":{"footnotes":""},"categories":[37,42,45],"tags":[],"class_list":{"0":"post-5704","1":"post","2":"type-post","3":"status-publish","4":"format-standard","5":"has-post-thumbnail","7":"category-destaque","8":"category-noticia","9":"category-sindicato"},"_links":{"self":[{"href":"https:\/\/sinasefesm.com\/index.php\/wp-json\/wp\/v2\/posts\/5704","targetHints":{"allow":["GET"]}}],"collection":[{"href":"https:\/\/sinasefesm.com\/index.php\/wp-json\/wp\/v2\/posts"}],"about":[{"href":"https:\/\/sinasefesm.com\/index.php\/wp-json\/wp\/v2\/types\/post"}],"author":[{"embeddable":true,"href":"https:\/\/sinasefesm.com\/index.php\/wp-json\/wp\/v2\/users\/3"}],"replies":[{"embeddable":true,"href":"https:\/\/sinasefesm.com\/index.php\/wp-json\/wp\/v2\/comments?post=5704"}],"version-history":[{"count":0,"href":"https:\/\/sinasefesm.com\/index.php\/wp-json\/wp\/v2\/posts\/5704\/revisions"}],"wp:featuredmedia":[{"embeddable":true,"href":"https:\/\/sinasefesm.com\/index.php\/wp-json\/wp\/v2\/media\/5706"}],"wp:attachment":[{"href":"https:\/\/sinasefesm.com\/index.php\/wp-json\/wp\/v2\/media?parent=5704"}],"wp:term":[{"taxonomy":"category","embeddable":true,"href":"https:\/\/sinasefesm.com\/index.php\/wp-json\/wp\/v2\/categories?post=5704"},{"taxonomy":"post_tag","embeddable":true,"href":"https:\/\/sinasefesm.com\/index.php\/wp-json\/wp\/v2\/tags?post=5704"}],"curies":[{"name":"wp","href":"https:\/\/api.w.org\/{rel}","templated":true}]}}