{"id":5716,"date":"2023-03-16T21:34:57","date_gmt":"2023-03-16T21:34:57","guid":{"rendered":"https:\/\/sinasefesm.com\/?p=5716"},"modified":"2023-03-16T21:34:57","modified_gmt":"2023-03-16T21:34:57","slug":"a-uma-semana-do-2o-enniq-sinasefe-santa-maria-prepara-se-para-evento","status":"publish","type":"post","link":"https:\/\/sinasefesm.com\/index.php\/2023\/03\/16\/a-uma-semana-do-2o-enniq-sinasefe-santa-maria-prepara-se-para-evento\/","title":{"rendered":"A uma semana do 2\u00ba ENNIQ, Sinasefe Santa Maria prepara-se para evento"},"content":{"rendered":"\n<p>Promovido pela Coordena\u00e7\u00e3o de Combate \u00e0s Opress\u00f5es do Sinasefe, est\u00e1 marcado para ocorrer, em Macei\u00f3-AL, entre os dias 22 e 26 de mar\u00e7o, o 2\u00ba Encontro de Negras, Negros, Ind\u00edgenas e Quilombolas (ENNIQ), que tem como tema \u2018\u2019Malungas e malungos, na terra de Palmares! Nossa luta, nosso sindicato!\u2019\u2019. Para representar a se\u00e7\u00e3o sindical santa-mariense foi escolhida, por meio de Assembleia, a sindicalizada Cassiana Marques, t\u00e9cnica-administrativa em educa\u00e7\u00e3o na UFSM.<\/p>\n\n\n\n<p>O evento, que ser\u00e1 sediado pelo Sindicato dos Servidores P\u00fablicos Federais da Educa\u00e7\u00e3o B\u00e1sica e Profissional no Estado de Alagoas (Sintietfal), tem como objetivo p\u00f4r em discuss\u00e3o pautas ligadas a quest\u00f5es raciais, a fim de colaborar com a luta antirracista nas bases do sindicato, o que, nesse momento, \u00e9 de extrema import\u00e2ncia para Cassiana: \u2018\u2019tendo em vista os \u00faltimos acontecimentos, \u00faltimos casos de racismo que chocaram o pa\u00eds, acho que \u00e9 uma oportunidade de estarmos juntos debatendo em prol de uma causa.\u2019\u2019<\/p>\n\n\n\n<p>Somado a isso, a servidora considera o ENNIQ um espa\u00e7o prop\u00edcio a entrar em contato com as viv\u00eancias dos sindicalizados de outras bases do Sinasefe: \u2018\u2019a minha expectativa \u00e9 poder trocar experi\u00eancias, informa\u00e7\u00f5es, contatos e conhecer um pouco a realidade das se\u00e7\u00f5es sindicais de outros estados [&#8230;] E para que isso aconte\u00e7a, \u00e9 necess\u00e1rio que a gente saia um pouco do nosso contexto particular e visite outras realidades, outros espa\u00e7os, outras universidades e Institutos Federais.\u2019\u2019<\/p>\n\n\n\n<p>E, justamente, para propiciar essas trocas de viv\u00eancias e conhecimentos, a programa\u00e7\u00e3o do 2\u00ba ENNIQ contar\u00e1 com seis confer\u00eancias tem\u00e1ticas, oficinas, a\u00e7\u00f5es culturais, debates em grupos de trabalho e um dia de viagem para o Parque Memorial do Quilombo dos Palmares e a Aldeia Mata da Cafurna. Confira abaixo em detalhes as atividades:<\/p>\n\n\n\n<p class=\"has-medium-font-size\"><strong>22\/03 \u2013 Quarta-feira<\/strong><\/p>\n\n\n\n<p>09h \u00e0s 18h \u2013 Credenciamento<\/p>\n\n\n\n<p>10h \u00e0s 17h \u2013 Oficinas<\/p>\n\n\n\n<p>19h \u00e0s 22h \u2013 Confer\u00eancia de abertura com o tema \u2018\u2019Enquanto houver racismo, n\u00e3o h\u00e1 democracia: a luta por direitos de Negres, Ind\u00edgenas e quilombolas no Brasil.\u2019\u2019 Palestrantes: Camila F\u00e9lix, St\u00e2nio Vieira, Elaine Lima, Ieda Leal, Leonardo P\u00e9ricles, N\u00eago Bispo e Thini\u00e1 Shakti.<\/p>\n\n\n\n<p><strong>23\/03 \u2013 Quinta-feira<\/strong><\/p>\n\n\n\n<p>09h \u00e0s 12h \u2013 \u2018\u2019Aquilombar-se e aldear-se \u00e9 preciso: em defesa das identidades e territorialidades no Brasil\u2019\u2019. Palestrantes: Camila Dorneles, Elionice Concei\u00e7\u00e3o Sacramento, Givanildo Manoel e Lula Costa.<\/p>\n\n\n\n<p>14h \u00e0s 16h \u2013 \u2018\u201910 anos das cotas raciais: em defesa das a\u00e7\u00f5es afirmativas e o (n\u00e3o) lugar do SINASEFE.\u2019\u2019 Palestrantes: Felipe Tux\u00e3, L\u00edgia Ferreira, Marcilene Garcia e Marlene Socorro.<\/p>\n\n\n\n<p>16h \u00e0s 18h \u2013 \u2018\u2019A arte como resist\u00eancia \u00e9tnica: linguagens e express\u00f5es em movimento de resist\u00eancia no Brasil.\u2019\u2019 Palestrantes: Ana F\u00e1tima dos Santos, Marcelo Tingui Bot\u00f3, Maria Rosalina e Richard Pl\u00e1cido.<\/p>\n\n\n\n<p>19h \u00e0s 22h \u2013 \u2018\u2019Contra o racismo religioso: pela liberdade dos cultos das religi\u00f5es de matrizes africanas e cosmologias ind\u00edgenas.\u2019\u2019 Palestrantes: Katiuscia Pinheiro, Mametu Kafureng\u00e1, Pai Alex e Sass\u00e1 Tupinamb\u00e1.<\/p>\n\n\n\n<p class=\"has-medium-font-size\"><strong>24\/03 \u2013 Sexta-feira<\/strong><\/p>\n\n\n\n<p>07h \u2013 Viagem para o Parque Memorial do Quilombo dos Palmares<\/p>\n\n\n\n<p>07h \u2013 Viagem para a Aldeia Mata da Cafurna<\/p>\n\n\n\n<p class=\"has-medium-font-size\"><strong>25\/03 \u2013 S\u00e1bado<\/strong><\/p>\n\n\n\n<p>09h \u00e0s 12h \u2013 \u2018\u2019Pr\u00e1ticas antirracistas na Rede Federal: o papel dos Neabs, Neabis e grupos correlatos no combate aos racismos.\u2019\u2019 Palestrantes: Edilson Baniwa, Laurenir Peniche, Maria do Socorro Santos e T\u00e2mara L\u00facia.<\/p>\n\n\n\n<p>14h \u00e0s 18h \u2013 Grupos de Trabalho (GTs)<\/p>\n\n\n\n<p>GT 1 \u2013 Interseccionalidades, g\u00eanero, ra\u00e7a, classe e etnia: e a luta dos povos por um Brasil antirracista<\/p>\n\n\n\n<p>GT 2 \u2013 Pol\u00edticas e a\u00e7\u00f5es afirmativas: 10 anos da lei de cotas, 20 anos da Lei n\u00b0 10.639\/03, Lei n\u00ba 11.645\/08 e a educa\u00e7\u00e3o antirracista no Brasil<\/p>\n\n\n\n<p>GT 3 \u2013 Necropol\u00edtica e etnoc\u00eddio: povos perif\u00e9ricos e a luta pelo direito \u00e0 vida<\/p>\n\n\n\n<p>GT 4 \u2013 Pol\u00edtica e poder: o papel do sindicato na luta antirracista e na Rede Federal de Educa\u00e7\u00e3o<\/p>\n\n\n\n<p>20h30 \u2013 Confraterniza\u00e7\u00e3o<\/p>\n\n\n\n<p class=\"has-medium-font-size\"><strong>26\/03 \u2013 Domingo<\/strong><\/p>\n\n\n\n<p>09h \u00e0s 12h30 \u2013 Plen\u00e1ria final e Encerramento<\/p>\n\n\n\n<hr class=\"wp-block-separator has-alpha-channel-opacity\"\/>\n\n\n\n<p>Texto: Laurent Keller<\/p>\n\n\n\n<p>Imagens: divulga\u00e7\u00e3o<\/p>\n\n\n\n<p>Edi\u00e7\u00e3o: Bruna Homrich<\/p>\n","protected":false},"excerpt":{"rendered":"<p>Promovido pela Coordena\u00e7\u00e3o de Combate \u00e0s Opress\u00f5es do Sinasefe, est\u00e1 marcado para ocorrer, em Macei\u00f3-AL, entre os dias 22 e 26 de mar\u00e7o, o 2\u00ba Encontro de Negras, Negros, Ind\u00edgenas e Quilombolas (ENNIQ), que tem como tema \u2018\u2019Malungas e malungos, na terra de Palmares! Nossa luta, nosso sindicato!\u2019\u2019. Para representar a se\u00e7\u00e3o sindical santa-mariense foi<\/p>\n","protected":false},"author":5,"featured_media":5718,"comment_status":"closed","ping_status":"closed","sticky":false,"template":"","format":"standard","meta":{"footnotes":""},"categories":[37,39,42],"tags":[122],"class_list":{"0":"post-5716","1":"post","2":"type-post","3":"status-publish","4":"format-standard","5":"has-post-thumbnail","7":"category-destaque","8":"category-eventos","9":"category-noticia","10":"tag-enniq"},"_links":{"self":[{"href":"https:\/\/sinasefesm.com\/index.php\/wp-json\/wp\/v2\/posts\/5716","targetHints":{"allow":["GET"]}}],"collection":[{"href":"https:\/\/sinasefesm.com\/index.php\/wp-json\/wp\/v2\/posts"}],"about":[{"href":"https:\/\/sinasefesm.com\/index.php\/wp-json\/wp\/v2\/types\/post"}],"author":[{"embeddable":true,"href":"https:\/\/sinasefesm.com\/index.php\/wp-json\/wp\/v2\/users\/5"}],"replies":[{"embeddable":true,"href":"https:\/\/sinasefesm.com\/index.php\/wp-json\/wp\/v2\/comments?post=5716"}],"version-history":[{"count":0,"href":"https:\/\/sinasefesm.com\/index.php\/wp-json\/wp\/v2\/posts\/5716\/revisions"}],"wp:featuredmedia":[{"embeddable":true,"href":"https:\/\/sinasefesm.com\/index.php\/wp-json\/wp\/v2\/media\/5718"}],"wp:attachment":[{"href":"https:\/\/sinasefesm.com\/index.php\/wp-json\/wp\/v2\/media?parent=5716"}],"wp:term":[{"taxonomy":"category","embeddable":true,"href":"https:\/\/sinasefesm.com\/index.php\/wp-json\/wp\/v2\/categories?post=5716"},{"taxonomy":"post_tag","embeddable":true,"href":"https:\/\/sinasefesm.com\/index.php\/wp-json\/wp\/v2\/tags?post=5716"}],"curies":[{"name":"wp","href":"https:\/\/api.w.org\/{rel}","templated":true}]}}