{"id":5731,"date":"2023-03-20T21:13:41","date_gmt":"2023-03-20T21:13:41","guid":{"rendered":"https:\/\/sinasefesm.com\/?p=5731"},"modified":"2023-03-20T21:13:41","modified_gmt":"2023-03-20T21:13:41","slug":"reuniao-promovida-pelo-sinasefe-santa-maria-discute-pcctae","status":"publish","type":"post","link":"https:\/\/sinasefesm.com\/index.php\/2023\/03\/20\/reuniao-promovida-pelo-sinasefe-santa-maria-discute-pcctae\/","title":{"rendered":"Reuni\u00e3o promovida pelo Sinasefe Santa Maria discute PCCTAE"},"content":{"rendered":"\n<p>Na \u00faltima sexta-feira, dia 17, aconteceu, no audit\u00f3rio do Col\u00e9gio Polit\u00e9cnico, uma reuni\u00e3o com os t\u00e9cnico-administrativos em educa\u00e7\u00e3o vinculados ao pr\u00f3prio Polit\u00e9cnico, ao Col\u00e9gio T\u00e9cnico Industrial de Santa Maria (CTISM) e ao Instituto Federal (IFFar), <em>campus <\/em>Jaguari. Para contribuir com a discuss\u00e3o, foram convidados a participar virtualmente: a Diretora Nacional do Sinasefe e integrante da Comiss\u00e3o Nacional de Servidores (CNS), Lucr\u00e9cia Iacovino, o servidor ligado ao Sindicato dos Servidores do Col\u00e9gio Pedro II (SINDSCOPE)&nbsp; e membro da CNS, Willian Carvalho, e o Coordenador Geral do Sinasefe Mato Grosso e integrante do GT Carreira, Roni Rodrigues. Juntos, os convidados expuseram as propostas de racionaliza\u00e7\u00e3o dos cargos e reestrutura\u00e7\u00e3o de carreira do Plano de Carreira dos Cargos T\u00e9cnico-Administrativos em Educa\u00e7\u00e3o (PCCTAE), ambas aprovadas na <a href=\"https:\/\/sinasefesm.com\/campanha-salarial-foi-pauta-da-178a-plena-do-sinasefe\/\">178\u00aa Plen\u00e1ria Nacional<\/a>, ocorrida em fevereiro.&nbsp;<\/p>\n\n\n\n<p>De acordo com Rodrigues, o projeto de racionaliza\u00e7\u00e3o exposto abaixo, feito com base no artigo 18 da lei 11.091\/2005, estabelece mudan\u00e7as de n\u00edveis entre os cargos, exigindo certos graus de escolaridade, extinguindo algumas fun\u00e7\u00f5es que n\u00e3o t\u00eam mais sentido de existir e aglutinando outras em uma s\u00f3. A exemplo disso, a proposta sugere que os cargos de n\u00edvel A sejam enquadrados em uma \u00fanica ocupa\u00e7\u00e3o, migrem para o n\u00edvel B (extinguindo o n\u00edvel A) e tenham o ensino fundamental completo exigido. Assim, auxiliares de carpintaria e de marcenaria seriam reposicionados como auxiliar de infraestrutura e manuten\u00e7\u00e3o de obras civis\/\u00e1rea, por exemplo.<\/p>\n\n\n\n<div data-wp-interactive=\"core\/file\" class=\"wp-block-file\"><object data-wp-bind--hidden=\"!state.hasPdfPreview\" hidden class=\"wp-block-file__embed\" data=\"https:\/\/sinasefesm.com\/wp-content\/uploads\/2023\/03\/TABELARACIONALIZACAOCOMALTERACOES-1.pdf\" type=\"application\/pdf\" style=\"width:100%;height:600px\" aria-label=\"Incorporado de TABELARACIONALIZACAO.\"><\/object><a id=\"wp-block-file--media-13967625-6a0a-4573-9cfb-4b27b73c9a80\" href=\"https:\/\/sinasefesm.com\/wp-content\/uploads\/2023\/03\/TABELARACIONALIZACAOCOMALTERACOES-1.pdf\">TABELARACIONALIZACAO<\/a><a href=\"https:\/\/sinasefesm.com\/wp-content\/uploads\/2023\/03\/TABELARACIONALIZACAOCOMALTERACOES-1.pdf\" class=\"wp-block-file__button wp-element-button\" download aria-describedby=\"wp-block-file--media-13967625-6a0a-4573-9cfb-4b27b73c9a80\">Baixar<\/a><\/div>\n\n\n\n<p>J\u00e1 em rela\u00e7\u00e3o \u00e0 proposta de reestrutura\u00e7\u00e3o de carreira, Willian Carvalho explicou os princ\u00edpios que guiaram a elabora\u00e7\u00e3o do documento da CNS, baseados na <em>\u2018\u2019defesa de um reajuste robusto e significativo para a categoria como um todo, sem diferenciar ativos de aposentados, sem diferenciar n\u00edveis de classifica\u00e7\u00e3o.\u2019\u2019<\/em> A medida \u00e9 necess\u00e1ria porque, segundo o servidor, o sal\u00e1rio PCCTAE \u00e9 o menor da Esplanada dos Minist\u00e9rios,<em> \u2018\u2019n\u00e3o tem ningu\u00e9m que ganhe menos que o t\u00e9cnico-administrativo em educa\u00e7\u00e3o das Universidades e Institutos Federais\u2019\u2019, <\/em>refor\u00e7a.<\/p>\n\n\n\n<p>Por tal quest\u00e3o, a proposta indica como algumas de suas diretrizes a valoriza\u00e7\u00e3o do piso salarial, dentro de uma malha salarial que seja equalizada; a contrariedade \u00e0 pol\u00edtica de gratifica\u00e7\u00f5es, haja vista que elas privilegiam o tratamento diferenciado entre ativos e aposentados; a equipara\u00e7\u00e3o do piso da tabela salarial com a m\u00e9dia das remunera\u00e7\u00f5es de outras categorias relacionadas \u00e0 educa\u00e7\u00e3o, ci\u00eancia e tecnologia do servi\u00e7o p\u00fablico federal; e repara\u00e7\u00e3o das perdas inflacion\u00e1rias do per\u00edodo entre 2010 e 2022, que somam 108,11%.&nbsp;<\/p>\n\n\n\n<p>Confira abaixo a proposta em detalhes:&nbsp;<\/p>\n\n\n\n<div data-wp-interactive=\"core\/file\" class=\"wp-block-file\"><object data-wp-bind--hidden=\"!state.hasPdfPreview\" hidden class=\"wp-block-file__embed\" data=\"https:\/\/sinasefesm.com\/wp-content\/uploads\/2023\/03\/20230215documentocarreiraSINASEFE-1.pdf\" type=\"application\/pdf\" style=\"width:100%;height:600px\" aria-label=\"Incorporado de PROPOSTAREESTRUTURA\u00c7\u00c3O.\"><\/object><a id=\"wp-block-file--media-919d2811-dbde-4c56-bf1e-2e41587c3ed9\" href=\"https:\/\/sinasefesm.com\/wp-content\/uploads\/2023\/03\/20230215documentocarreiraSINASEFE-1.pdf\">PROPOSTAREESTRUTURA\u00c7\u00c3O<\/a><a href=\"https:\/\/sinasefesm.com\/wp-content\/uploads\/2023\/03\/20230215documentocarreiraSINASEFE-1.pdf\" class=\"wp-block-file__button wp-element-button\" download aria-describedby=\"wp-block-file--media-919d2811-dbde-4c56-bf1e-2e41587c3ed9\">Baixar<\/a><\/div>\n\n\n\n<p><strong>A import\u00e2ncia de um sindicato unificado<\/strong><\/p>\n\n\n\n<p>O mediador da reuni\u00e3o, o Coordenador Geral Ab\u00edlio de Freitas, aproveitou o evento para lembrar da import\u00e2ncia de que as bases se manterem atualizadas em rela\u00e7\u00e3o \u00e0s pautas umas das outras, a fim de fortalecer a coes\u00e3o do sindicato. Ao encontro disso, Lucr\u00e9cia recordou do hist\u00f3rico de conquistas do Sinasefe, para elucidar a relev\u00e2ncia de novos filiados se somarem \u00e0 luta. Nesse sentido, enfatizou-se a necessidade de formar Grupos de Trabalho para discutir carreira.<\/p>\n\n\n\n<figure class=\"wp-block-image size-full\"><img decoding=\"async\" src=\"https:\/\/sinasefesm.com\/wp-content\/uploads\/2023\/03\/f86b86cc-50ca-4b8a-a9d8-65623a7d3f1c.jpg\" alt=\"\" class=\"wp-image-5735\"\/><figcaption class=\"wp-element-caption\">Diretoria do Sinasefe Santa Maria e representante da Assufsm, Eloiz Guimar\u00e3es<\/figcaption><\/figure>\n\n\n\n<p>Se voc\u00ea n\u00e3o conseguiu acompanhar o encontro presencialmente e deseja assistir a reuni\u00e3o na \u00edntegra, em breve estar\u00e1 dispon\u00edvel um v\u00eddeo com as principais s\u00ednteses da reuni\u00e3o.<\/p>\n\n\n\n<hr class=\"wp-block-separator has-alpha-channel-opacity\"\/>\n\n\n\n<p><em>Texto: Laurent Keller<\/em><\/p>\n\n\n\n<p><em>Imagens: Xain\u00e3 Pitaguary<\/em> <em>e Laurent Keller<\/em><\/p>\n\n\n\n<p><em>Edi\u00e7\u00e3o: Bruna Homrich<\/em><\/p>\n","protected":false},"excerpt":{"rendered":"<p>Na \u00faltima sexta-feira, dia 17, aconteceu, no audit\u00f3rio do Col\u00e9gio Polit\u00e9cnico, uma reuni\u00e3o com os t\u00e9cnico-administrativos em educa\u00e7\u00e3o vinculados ao pr\u00f3prio Polit\u00e9cnico, ao Col\u00e9gio T\u00e9cnico Industrial de Santa Maria (CTISM) e ao Instituto Federal (IFFar), campus Jaguari. Para contribuir com a discuss\u00e3o, foram convidados a participar virtualmente: a Diretora Nacional do Sinasefe e integrante da<\/p>\n","protected":false},"author":5,"featured_media":5734,"comment_status":"closed","ping_status":"closed","sticky":false,"template":"","format":"standard","meta":{"footnotes":""},"categories":[37,39],"tags":[76],"class_list":{"0":"post-5731","1":"post","2":"type-post","3":"status-publish","4":"format-standard","5":"has-post-thumbnail","7":"category-destaque","8":"category-eventos","9":"tag-carreira-pcctae"},"_links":{"self":[{"href":"https:\/\/sinasefesm.com\/index.php\/wp-json\/wp\/v2\/posts\/5731","targetHints":{"allow":["GET"]}}],"collection":[{"href":"https:\/\/sinasefesm.com\/index.php\/wp-json\/wp\/v2\/posts"}],"about":[{"href":"https:\/\/sinasefesm.com\/index.php\/wp-json\/wp\/v2\/types\/post"}],"author":[{"embeddable":true,"href":"https:\/\/sinasefesm.com\/index.php\/wp-json\/wp\/v2\/users\/5"}],"replies":[{"embeddable":true,"href":"https:\/\/sinasefesm.com\/index.php\/wp-json\/wp\/v2\/comments?post=5731"}],"version-history":[{"count":0,"href":"https:\/\/sinasefesm.com\/index.php\/wp-json\/wp\/v2\/posts\/5731\/revisions"}],"wp:featuredmedia":[{"embeddable":true,"href":"https:\/\/sinasefesm.com\/index.php\/wp-json\/wp\/v2\/media\/5734"}],"wp:attachment":[{"href":"https:\/\/sinasefesm.com\/index.php\/wp-json\/wp\/v2\/media?parent=5731"}],"wp:term":[{"taxonomy":"category","embeddable":true,"href":"https:\/\/sinasefesm.com\/index.php\/wp-json\/wp\/v2\/categories?post=5731"},{"taxonomy":"post_tag","embeddable":true,"href":"https:\/\/sinasefesm.com\/index.php\/wp-json\/wp\/v2\/tags?post=5731"}],"curies":[{"name":"wp","href":"https:\/\/api.w.org\/{rel}","templated":true}]}}