{"id":5739,"date":"2023-03-22T14:14:51","date_gmt":"2023-03-22T14:14:51","guid":{"rendered":"https:\/\/sinasefesm.com\/?p=5739"},"modified":"2023-03-22T14:14:51","modified_gmt":"2023-03-22T14:14:51","slug":"assembleia-nesta-sexta-avalia-proposta-de-reajuste-do-governo","status":"publish","type":"post","link":"https:\/\/sinasefesm.com\/index.php\/2023\/03\/22\/assembleia-nesta-sexta-avalia-proposta-de-reajuste-do-governo\/","title":{"rendered":"Assembleia nesta sexta avalia proposta de reajuste do governo"},"content":{"rendered":"\n<p>Com primeira chamada \u00e0s 14h, e segunda chamada \u00e0s 14h15, o Sinasefe Santa Maria promove, nesta sexta-feira, 24 de mar\u00e7o, na sede do sindicato (Avenida Rio Branco, 601, sala 02), uma assembleia geral para discutir dois pontos principais.<\/p>\n\n\n\n<p>O primeiro \u00e9 referente \u00e0 proposta de reajuste salarial apresentada pelo governo no \u00faltimo dia 14 e que acena para um percentual de 9% de reajuste na remunera\u00e7\u00e3o total atual, a partir de 1\u00ba de maio. Al\u00e9m disso, o Executivo tamb\u00e9m prop\u00f5e um aumento no valor do aux\u00edlio alimenta\u00e7\u00e3o, que passaria dos atuais R$ 458 para R$ 658. Embora o Sinasefe Nacional j\u00e1 tenha enviado of\u00edcio ao governo aceitando a proposta \u2013 conforme deliberado na 179\u00aa Plena -, a se\u00e7\u00e3o sindical de Santa Maria quer ouvir a opini\u00e3o de sua base, a fim de construir a mobiliza\u00e7\u00e3o por valoriza\u00e7\u00e3o salarial tamb\u00e9m a m\u00e9dio e longo prazo, acolhendo o que docentes e t\u00e9cnico-administrativos em educa\u00e7\u00e3o t\u00eam a dizer sobre os pr\u00f3ximos passos a serem dados.<\/p>\n\n\n\n<p>J\u00e1 o segundo ponto de pauta da assembleia desta sexta \u00e9 a inaugura\u00e7\u00e3o do Grupo de Trabalho (GT) Carreira do Sinasefe Santa Maria, articulado para reunir t\u00e9cnicos(as) e docentes interessados em discutir quest\u00f5es relacionadas \u00e0 carreira e sintetiza-las, de modo a que contribuam com os debates nacionais sobre a tem\u00e1tica. Na data ser\u00e3o indicados os primeiros nomes que compor\u00e3o o GT e definida a periodicidade dos encontros. Cabe lembrar que, na \u00faltima sexta-feira, 17 de mar\u00e7o, o sindicato promoveu uma <a href=\"https:\/\/sinasefesm.com\/reuniao-promovida-pelo-sinasefe-santa-maria-discute-pcctae\/\" data-type=\"URL\" data-id=\"https:\/\/sinasefesm.com\/reuniao-promovida-pelo-sinasefe-santa-maria-discute-pcctae\/\" target=\"_blank\" rel=\"noreferrer noopener\">reuni\u00e3o no audit\u00f3rio do Col\u00e9gio Polit\u00e9cnico<\/a> para apresentar as propostas de racionaliza\u00e7\u00e3o dos cargos e reestrutura\u00e7\u00e3o de carreira do Plano de Carreira dos Cargos T\u00e9cnico-Administrativos em Educa\u00e7\u00e3o (PCCTAE).<\/p>\n","protected":false},"excerpt":{"rendered":"<p>Com primeira chamada \u00e0s 14h, e segunda chamada \u00e0s 14h15, o Sinasefe Santa Maria promove, nesta sexta-feira, 24 de mar\u00e7o, na sede do sindicato (Avenida Rio Branco, 601, sala 02), uma assembleia geral para discutir dois pontos principais. O primeiro \u00e9 referente \u00e0 proposta de reajuste salarial apresentada pelo governo no \u00faltimo dia 14 e<\/p>\n","protected":false},"author":3,"featured_media":5744,"comment_status":"closed","ping_status":"closed","sticky":false,"template":"","format":"standard","meta":{"footnotes":""},"categories":[37,39,42,45],"tags":[],"class_list":{"0":"post-5739","1":"post","2":"type-post","3":"status-publish","4":"format-standard","5":"has-post-thumbnail","7":"category-destaque","8":"category-eventos","9":"category-noticia","10":"category-sindicato"},"_links":{"self":[{"href":"https:\/\/sinasefesm.com\/index.php\/wp-json\/wp\/v2\/posts\/5739","targetHints":{"allow":["GET"]}}],"collection":[{"href":"https:\/\/sinasefesm.com\/index.php\/wp-json\/wp\/v2\/posts"}],"about":[{"href":"https:\/\/sinasefesm.com\/index.php\/wp-json\/wp\/v2\/types\/post"}],"author":[{"embeddable":true,"href":"https:\/\/sinasefesm.com\/index.php\/wp-json\/wp\/v2\/users\/3"}],"replies":[{"embeddable":true,"href":"https:\/\/sinasefesm.com\/index.php\/wp-json\/wp\/v2\/comments?post=5739"}],"version-history":[{"count":0,"href":"https:\/\/sinasefesm.com\/index.php\/wp-json\/wp\/v2\/posts\/5739\/revisions"}],"wp:featuredmedia":[{"embeddable":true,"href":"https:\/\/sinasefesm.com\/index.php\/wp-json\/wp\/v2\/media\/5744"}],"wp:attachment":[{"href":"https:\/\/sinasefesm.com\/index.php\/wp-json\/wp\/v2\/media?parent=5739"}],"wp:term":[{"taxonomy":"category","embeddable":true,"href":"https:\/\/sinasefesm.com\/index.php\/wp-json\/wp\/v2\/categories?post=5739"},{"taxonomy":"post_tag","embeddable":true,"href":"https:\/\/sinasefesm.com\/index.php\/wp-json\/wp\/v2\/tags?post=5739"}],"curies":[{"name":"wp","href":"https:\/\/api.w.org\/{rel}","templated":true}]}}