{"id":5768,"date":"2023-03-27T01:41:37","date_gmt":"2023-03-27T01:41:37","guid":{"rendered":"https:\/\/sinasefesm.com\/?p=5768"},"modified":"2023-03-27T01:41:37","modified_gmt":"2023-03-27T01:41:37","slug":"participantes-do-2o-enniq-viajam-rumo-a-suas-ancestralidades","status":"publish","type":"post","link":"https:\/\/sinasefesm.com\/index.php\/2023\/03\/27\/participantes-do-2o-enniq-viajam-rumo-a-suas-ancestralidades\/","title":{"rendered":"Participantes do 2\u00ba ENNIQ viajam rumo a suas ancestralidades"},"content":{"rendered":"\n<p>Na \u00faltima sexta-feira, 24 de mar\u00e7o, os integrantes do 2\u00b0 Encontro de Negros, Negras, Ind\u00edgenas e Quilombolas (ENNIQ) foram convidados a sair da cidade sede do evento, Macei\u00f3-AL, para entrar em contato com destinos que expressam ancestralidades negras, quilombolas e ind\u00edgenas. As duas op\u00e7\u00f5es de passeio foram: a Aldeia Mata da Cafurna, localizada em Palmeira dos \u00cdndios-AL, e o Parque Memorial do Quilombo dos Palmares, em Uni\u00e3o dos Palmares-AL.<\/p>\n\n\n\n<p>Al\u00e9m de proporcionar diferentes viv\u00eancias aos participantes, o objetivo do Sinasefe com tais viagens foi de refor\u00e7ar as bandeiras do combate ao racismo e da import\u00e2ncia de se construir um sindicato plural, diversificado e ancestral.<\/p>\n\n\n\n<p>Confira abaixo, como foram as duas viagens:&nbsp;<\/p>\n\n\n\n<figure class=\"wp-block-gallery has-nested-images columns-default is-cropped wp-block-gallery-1 is-layout-flex wp-block-gallery-is-layout-flex\">\n<figure class=\"wp-block-image size-large\"><img decoding=\"async\" data-id=\"5790\" src=\"https:\/\/sinasefesm.com\/wp-content\/uploads\/2023\/03\/IMG_3147.jpg\" alt=\"\" class=\"wp-image-5790\"\/><\/figure>\n\n\n\n<figure class=\"wp-block-image size-large\"><img decoding=\"async\" data-id=\"5791\" src=\"https:\/\/sinasefesm.com\/wp-content\/uploads\/2023\/03\/IMG_3092.jpg\" alt=\"\" class=\"wp-image-5791\"\/><\/figure>\n\n\n\n<figure class=\"wp-block-image size-large\"><img decoding=\"async\" data-id=\"5792\" src=\"https:\/\/sinasefesm.com\/wp-content\/uploads\/2023\/03\/IMG_3086.jpg\" alt=\"\" class=\"wp-image-5792\"\/><\/figure>\n\n\n\n<figure class=\"wp-block-image size-large\"><img decoding=\"async\" data-id=\"5793\" src=\"https:\/\/sinasefesm.com\/wp-content\/uploads\/2023\/03\/IMG_3081.jpg\" alt=\"\" class=\"wp-image-5793\"\/><\/figure>\n\n\n\n<figure class=\"wp-block-image size-large\"><img decoding=\"async\" data-id=\"5794\" src=\"https:\/\/sinasefesm.com\/wp-content\/uploads\/2023\/03\/IMG_3128.jpg\" alt=\"\" class=\"wp-image-5794\"\/><\/figure>\n\n\n\n<figure class=\"wp-block-image size-large\"><img decoding=\"async\" data-id=\"5795\" src=\"https:\/\/sinasefesm.com\/wp-content\/uploads\/2023\/03\/IMG_3054.jpg\" alt=\"\" class=\"wp-image-5795\"\/><\/figure>\n\n\n\n<figure class=\"wp-block-image size-large\"><img decoding=\"async\" data-id=\"5796\" src=\"https:\/\/sinasefesm.com\/wp-content\/uploads\/2023\/03\/IMG_3071.jpg\" alt=\"\" class=\"wp-image-5796\"\/><\/figure>\n\n\n\n<figure class=\"wp-block-image size-large\"><img decoding=\"async\" data-id=\"5797\" src=\"https:\/\/sinasefesm.com\/wp-content\/uploads\/2023\/03\/IMG_3075.jpg\" alt=\"\" class=\"wp-image-5797\"\/><\/figure>\n<figcaption class=\"blocks-gallery-caption wp-element-caption\">Visita \u00e0 Aldeia Mata da Cafurna.<\/figcaption><\/figure>\n\n\n\n<hr class=\"wp-block-separator has-alpha-channel-opacity is-style-wide\"\/>\n\n\n\n<figure class=\"wp-block-gallery has-nested-images columns-default is-cropped wp-block-gallery-2 is-layout-flex wp-block-gallery-is-layout-flex\">\n<figure class=\"wp-block-image size-large\"><img decoding=\"async\" data-id=\"5783\" src=\"https:\/\/sinasefesm.com\/wp-content\/uploads\/2023\/03\/Quilombo109.jpeg\" alt=\"\" class=\"wp-image-5783\"\/><\/figure>\n\n\n\n<figure class=\"wp-block-image size-large\"><img decoding=\"async\" data-id=\"5784\" src=\"https:\/\/sinasefesm.com\/wp-content\/uploads\/2023\/03\/Quilombo088.jpeg\" alt=\"\" class=\"wp-image-5784\"\/><\/figure>\n\n\n\n<figure class=\"wp-block-image size-large\"><img decoding=\"async\" data-id=\"5785\" src=\"https:\/\/sinasefesm.com\/wp-content\/uploads\/2023\/03\/Quilombo020.jpeg\" alt=\"\" class=\"wp-image-5785\"\/><\/figure>\n\n\n\n<figure class=\"wp-block-image size-large\"><img decoding=\"async\" data-id=\"5786\" src=\"https:\/\/sinasefesm.com\/wp-content\/uploads\/2023\/03\/Quilombo099.jpeg\" alt=\"\" class=\"wp-image-5786\"\/><\/figure>\n\n\n\n<figure class=\"wp-block-image size-large\"><img decoding=\"async\" data-id=\"5787\" src=\"https:\/\/sinasefesm.com\/wp-content\/uploads\/2023\/03\/Quilombo070.jpeg\" alt=\"\" class=\"wp-image-5787\"\/><\/figure>\n\n\n\n<figure class=\"wp-block-image size-large\"><img decoding=\"async\" data-id=\"5788\" src=\"https:\/\/sinasefesm.com\/wp-content\/uploads\/2023\/03\/Quilombo072.jpeg\" alt=\"\" class=\"wp-image-5788\"\/><\/figure>\n\n\n\n<figure class=\"wp-block-image size-large\"><img decoding=\"async\" data-id=\"5789\" src=\"https:\/\/sinasefesm.com\/wp-content\/uploads\/2023\/03\/Quilombo031.jpeg\" alt=\"\" class=\"wp-image-5789\"\/><\/figure>\n<figcaption class=\"blocks-gallery-caption wp-element-caption\">Visita ao Parque Memorial do Quilombo dos Palmares.<\/figcaption><\/figure>\n\n\n\n<hr class=\"wp-block-separator has-alpha-channel-opacity\"\/>\n\n\n\n<p><em>Texto: Laurent Keller<\/em><\/p>\n\n\n\n<p><em>Imagens: Sinasefe Nacional<\/em><\/p>\n\n\n\n<p><em>Edi\u00e7\u00e3o: Bruna Homrich<\/em><\/p>\n","protected":false},"excerpt":{"rendered":"<p>Na \u00faltima sexta-feira, 24 de mar\u00e7o, os integrantes do 2\u00b0 Encontro de Negros, Negras, Ind\u00edgenas e Quilombolas (ENNIQ) foram convidados a sair da cidade sede do evento, Macei\u00f3-AL, para entrar em contato com destinos que expressam ancestralidades negras, quilombolas e ind\u00edgenas. As duas op\u00e7\u00f5es de passeio foram: a Aldeia Mata da Cafurna, localizada em Palmeira<\/p>\n","protected":false},"author":5,"featured_media":5799,"comment_status":"closed","ping_status":"closed","sticky":false,"template":"","format":"standard","meta":{"footnotes":""},"categories":[37,39,42],"tags":[122],"class_list":{"0":"post-5768","1":"post","2":"type-post","3":"status-publish","4":"format-standard","5":"has-post-thumbnail","7":"category-destaque","8":"category-eventos","9":"category-noticia","10":"tag-enniq"},"_links":{"self":[{"href":"https:\/\/sinasefesm.com\/index.php\/wp-json\/wp\/v2\/posts\/5768","targetHints":{"allow":["GET"]}}],"collection":[{"href":"https:\/\/sinasefesm.com\/index.php\/wp-json\/wp\/v2\/posts"}],"about":[{"href":"https:\/\/sinasefesm.com\/index.php\/wp-json\/wp\/v2\/types\/post"}],"author":[{"embeddable":true,"href":"https:\/\/sinasefesm.com\/index.php\/wp-json\/wp\/v2\/users\/5"}],"replies":[{"embeddable":true,"href":"https:\/\/sinasefesm.com\/index.php\/wp-json\/wp\/v2\/comments?post=5768"}],"version-history":[{"count":0,"href":"https:\/\/sinasefesm.com\/index.php\/wp-json\/wp\/v2\/posts\/5768\/revisions"}],"wp:featuredmedia":[{"embeddable":true,"href":"https:\/\/sinasefesm.com\/index.php\/wp-json\/wp\/v2\/media\/5799"}],"wp:attachment":[{"href":"https:\/\/sinasefesm.com\/index.php\/wp-json\/wp\/v2\/media?parent=5768"}],"wp:term":[{"taxonomy":"category","embeddable":true,"href":"https:\/\/sinasefesm.com\/index.php\/wp-json\/wp\/v2\/categories?post=5768"},{"taxonomy":"post_tag","embeddable":true,"href":"https:\/\/sinasefesm.com\/index.php\/wp-json\/wp\/v2\/tags?post=5768"}],"curies":[{"name":"wp","href":"https:\/\/api.w.org\/{rel}","templated":true}]}}