{"id":5801,"date":"2023-03-27T23:37:35","date_gmt":"2023-03-27T23:37:35","guid":{"rendered":"https:\/\/sinasefesm.com\/?p=5801"},"modified":"2023-03-27T23:37:35","modified_gmt":"2023-03-27T23:37:35","slug":"sinasefe-assina-termo-de-acordo-para-reajuste-de-9","status":"publish","type":"post","link":"https:\/\/sinasefesm.com\/index.php\/2023\/03\/27\/sinasefe-assina-termo-de-acordo-para-reajuste-de-9\/","title":{"rendered":"Sinasefe assina termo de acordo para reajuste de 9%"},"content":{"rendered":"\n<p>Na \u00faltima sexta-feira, 24 de mar\u00e7o, o Sinasefe, junto \u00e0s outras entidades representativas de categorias do funcionalismo p\u00fablico, assinou o Termo de Acordo n\u00b0 1\/2023, que prev\u00ea:<\/p>\n\n\n\n<p>&#8211; O reajuste emergencial linear de 9% (a ser remetido ao Congresso Nacional);<\/p>\n\n\n\n<p>&#8211; O aumento de R$ 200 no aux\u00edlio alimenta\u00e7\u00e3o (a ser pago no sal\u00e1rio de maio);<\/p>\n\n\n\n<p>&#8211; Itens n\u00e3o remunerat\u00f3rios, como a instala\u00e7\u00e3o das mesas setoriais de negocia\u00e7\u00e3o.<\/p>\n\n\n\n<p>Milton Ferrari, coordenador geral do Sinasefe Santa Maria, explica que os \u00edndices de reajuste e aumento para 2023 n\u00e3o puderam ser excedidos pois o valor total destinado a essas quest\u00f5es j\u00e1 estava definido na Lei Or\u00e7ament\u00e1ria Anual (LOA).<\/p>\n\n\n\n<p>\u201cO que nos cabe agora \u00e9 preparar a base para boas discuss\u00f5es tendo em vista a LOA do ano que vem &#8211; nessa sim a gente pode interferir e propor aumentos maiores, ou inclusive a reestrutura\u00e7\u00e3o de carreira\u201d, disse o dirigente.<\/p>\n\n\n\n<p>Leia abaixo o Termo de Acordo n\u00ba 1 na \u00edntegra:<\/p>\n\n\n\n<div data-wp-interactive=\"core\/file\" class=\"wp-block-file\"><object data-wp-bind--hidden=\"!state.hasPdfPreview\" hidden class=\"wp-block-file__embed\" data=\"https:\/\/sinasefesm.com\/wp-content\/uploads\/2023\/03\/TermodeAcordo12023.pdf\" type=\"application\/pdf\" style=\"width:100%;height:600px\" aria-label=\"Incorporado de TermodeAcordo12023.\"><\/object><a id=\"wp-block-file--media-1029e716-0f8b-4c95-a0a4-ff2af1e595ff\" href=\"https:\/\/sinasefesm.com\/wp-content\/uploads\/2023\/03\/TermodeAcordo12023.pdf\">TermodeAcordo12023<\/a><a href=\"https:\/\/sinasefesm.com\/wp-content\/uploads\/2023\/03\/TermodeAcordo12023.pdf\" class=\"wp-block-file__button wp-element-button\" download aria-describedby=\"wp-block-file--media-1029e716-0f8b-4c95-a0a4-ff2af1e595ff\">Baixar<\/a><\/div>\n","protected":false},"excerpt":{"rendered":"<p>Na \u00faltima sexta-feira, 24 de mar\u00e7o, o Sinasefe, junto \u00e0s outras entidades representativas de categorias do funcionalismo p\u00fablico, assinou o Termo de Acordo n\u00b0 1\/2023, que prev\u00ea: &#8211; O reajuste emergencial linear de 9% (a ser remetido ao Congresso Nacional); &#8211; O aumento de R$ 200 no aux\u00edlio alimenta\u00e7\u00e3o (a ser pago no sal\u00e1rio de<\/p>\n","protected":false},"author":3,"featured_media":5803,"comment_status":"closed","ping_status":"closed","sticky":false,"template":"","format":"standard","meta":{"footnotes":""},"categories":[37,42,45],"tags":[],"class_list":{"0":"post-5801","1":"post","2":"type-post","3":"status-publish","4":"format-standard","5":"has-post-thumbnail","7":"category-destaque","8":"category-noticia","9":"category-sindicato"},"_links":{"self":[{"href":"https:\/\/sinasefesm.com\/index.php\/wp-json\/wp\/v2\/posts\/5801","targetHints":{"allow":["GET"]}}],"collection":[{"href":"https:\/\/sinasefesm.com\/index.php\/wp-json\/wp\/v2\/posts"}],"about":[{"href":"https:\/\/sinasefesm.com\/index.php\/wp-json\/wp\/v2\/types\/post"}],"author":[{"embeddable":true,"href":"https:\/\/sinasefesm.com\/index.php\/wp-json\/wp\/v2\/users\/3"}],"replies":[{"embeddable":true,"href":"https:\/\/sinasefesm.com\/index.php\/wp-json\/wp\/v2\/comments?post=5801"}],"version-history":[{"count":0,"href":"https:\/\/sinasefesm.com\/index.php\/wp-json\/wp\/v2\/posts\/5801\/revisions"}],"wp:featuredmedia":[{"embeddable":true,"href":"https:\/\/sinasefesm.com\/index.php\/wp-json\/wp\/v2\/media\/5803"}],"wp:attachment":[{"href":"https:\/\/sinasefesm.com\/index.php\/wp-json\/wp\/v2\/media?parent=5801"}],"wp:term":[{"taxonomy":"category","embeddable":true,"href":"https:\/\/sinasefesm.com\/index.php\/wp-json\/wp\/v2\/categories?post=5801"},{"taxonomy":"post_tag","embeddable":true,"href":"https:\/\/sinasefesm.com\/index.php\/wp-json\/wp\/v2\/tags?post=5801"}],"curies":[{"name":"wp","href":"https:\/\/api.w.org\/{rel}","templated":true}]}}