{"id":5805,"date":"2023-03-28T00:16:38","date_gmt":"2023-03-28T00:16:38","guid":{"rendered":"https:\/\/sinasefesm.com\/?p=5805"},"modified":"2023-03-28T00:16:38","modified_gmt":"2023-03-28T00:16:38","slug":"2o-enniq-tem-plenaria-virtual-de-encerramento-neste-sabado-1","status":"publish","type":"post","link":"https:\/\/sinasefesm.com\/index.php\/2023\/03\/28\/2o-enniq-tem-plenaria-virtual-de-encerramento-neste-sabado-1\/","title":{"rendered":"2\u00ba ENNIQ tem plen\u00e1ria virtual de encerramento neste s\u00e1bado, 1\u00b0"},"content":{"rendered":"\n<p>Neste s\u00e1bado, 1\u00b0 de abril, a partir das 9h, ocorre, de forma virtual, a plen\u00e1ria de encerramento do 2\u00ba Encontro de Negras, Negros, Ind\u00edgenas e Quilombolas (ENNIQ), realizado entre os \u00faltimos dias 22 e 26 de mar\u00e7o, em Macei\u00f3-AL.<\/p>\n\n\n\n<p>O evento, que teve como tema \u201cMalungas, Malungos e Parentes na terra de Palmares! Nossa luta, nosso sindicato!\u201d, contou com a participa\u00e7\u00e3o de Cassiana Marques, t\u00e9cnica-administrativa da Ufsm e filiada ao Sinasefe Santa Maria, eleita em assembleia da categoria para representar a se\u00e7\u00e3o sindical na atividade. Ao todo, o Encontro reuniu 301 sindicalizados e sindicalizadas.<\/p>\n\n\n\n<p>Devido ao grande volume de proposi\u00e7\u00f5es nos&nbsp;<a rel=\"noreferrer noopener\" href=\"https:\/\/sinasefe.org.br\/site\/grupos-de-trabalho-do-2o-enniq\/\" target=\"_blank\">Grupos de Trabalho<\/a>&nbsp;(GTs) realizados em 25 de mar\u00e7o (<a rel=\"noreferrer noopener\" href=\"https:\/\/sinasefe.org.br\/site\/2o-enniq-resumo-do-4o-dia\/\" target=\"_blank\">quarto dia do evento<\/a>), a Plen\u00e1ria Final Presencial do dia 26 (<a rel=\"noreferrer noopener\" href=\"https:\/\/sinasefe.org.br\/site\/2o-enniq-resumo-do-5o-dia\/\" target=\"_blank\">quinto dia do evento<\/a>) n\u00e3o conseguiu encaminhar todas as delibera\u00e7\u00f5es necess\u00e1rias dentro do tempo previsto.<\/p>\n\n\n\n<p>Assim, ficou encaminhado que a Plen\u00e1ria teria uma continua\u00e7\u00e3o virtual, que acontecer\u00e1 neste s\u00e1bado, 1\u00b0, a partir das 9 horas, via Zoom.<\/p>\n\n\n\n<p><strong>\u00c9 importante frisar que, em respeito \u00e0 primeira delibera\u00e7\u00e3o da Plen\u00e1ria Final Presencial,&nbsp;apenas pessoas negras, ind\u00edgenas e quilombolas poder\u00e3o votar na Plen\u00e1ria Final Virtual.<\/strong><\/p>\n\n\n\n<h2 class=\"wp-block-heading\"><strong>Encaminhamentos dos GTs:<\/strong><\/h2>\n\n\n\n<div data-wp-interactive=\"core\/file\" class=\"wp-block-file\"><object data-wp-bind--hidden=\"!state.hasPdfPreview\" hidden class=\"wp-block-file__embed\" data=\"https:\/\/sinasefesm.com\/wp-content\/uploads\/2023\/03\/enniqsistematizacao26032023.pdf\" type=\"application\/pdf\" style=\"width:100%;height:600px\" aria-label=\"Incorporado de enniqsistematizacao26032023.\"><\/object><a id=\"wp-block-file--media-446ca68a-d299-4753-936b-3bcdecdbf9e3\" href=\"https:\/\/sinasefesm.com\/wp-content\/uploads\/2023\/03\/enniqsistematizacao26032023.pdf\">enniqsistematizacao26032023<\/a><a href=\"https:\/\/sinasefesm.com\/wp-content\/uploads\/2023\/03\/enniqsistematizacao26032023.pdf\" class=\"wp-block-file__button wp-element-button\" download aria-describedby=\"wp-block-file--media-446ca68a-d299-4753-936b-3bcdecdbf9e3\">Baixar<\/a><\/div>\n\n\n\n<h2 class=\"wp-block-heading\">Vota\u00e7\u00e3o conclu\u00edda na Plen\u00e1ria Final Presencial de 26\/03<\/h2>\n\n\n\n<p>Grupo de Trabalho 1 \u2013 Interseccionalidades, g\u00eanero, ra\u00e7a, classe e etnia: e a luta dos povos por um Brasil antirracista (p\u00e1ginas 1, 2 e 3)<\/p>\n\n\n\n<p>Grupo de Trabalho 2 \u2013 Pol\u00edticas e a\u00e7\u00f5es afirmativas: 10 anos da lei de cotas, 20 anos da Lei n\u00b0 10.639\/2003, Lei n\u00ba 11.645\/2008 e a educa\u00e7\u00e3o antirracista no Brasil (p\u00e1ginas 4, 5 e 6)<\/p>\n\n\n\n<h2 class=\"wp-block-heading\">Vota\u00e7\u00e3o a ser realizada na Plen\u00e1ria Final Virtual de 01\/04<\/h2>\n\n\n\n<p>Grupo de Trabalho 3 \u2013 Necropol\u00edtica e etnoc\u00eddio: povos perif\u00e9ricos e a luta pelo direito \u00e0 vida (p\u00e1ginas 7, 8, 9 e 10)<\/p>\n\n\n\n<p>Grupo de Trabalho 4 \u2013 Pol\u00edtica e poder: o papel do sindicato na luta antirracista e na Rede Federal de Educa\u00e7\u00e3o (p\u00e1ginas 11, 12, 13, 14, 15 e 16)<\/p>\n\n\n\n<h2 class=\"wp-block-heading\">Confira nossa cobertura do 2\u00ba ENNIQ:<\/h2>\n\n\n\n<p><a href=\"https:\/\/sinasefesm.com\/2-enniq-inicio-do-evento-e-marcado-por-debates-pertinentes-a-pautas-raciais\/\" data-type=\"URL\" data-id=\"https:\/\/sinasefesm.com\/2-enniq-inicio-do-evento-e-marcado-por-debates-pertinentes-a-pautas-raciais\/\" target=\"_blank\" rel=\"noreferrer noopener\">2\u00b0 ENNIQ: in\u00edcio do evento \u00e9 marcado por debates pertinentes a pautas raciais<\/a><\/p>\n\n\n\n<p><a href=\"https:\/\/sinasefesm.com\/participantes-do-2o-enniq-viajam-rumo-a-suas-ancestralidades\/\" data-type=\"URL\" data-id=\"https:\/\/sinasefesm.com\/participantes-do-2o-enniq-viajam-rumo-a-suas-ancestralidades\/\" target=\"_blank\" rel=\"noreferrer noopener\">Participantes do 2\u00ba ENNIQ viajam rumo a suas ancestralidades<\/a><\/p>\n\n\n\n<p><\/p>\n\n\n\n<p><\/p>\n\n\n\n<p><\/p>\n","protected":false},"excerpt":{"rendered":"<p>Neste s\u00e1bado, 1\u00b0 de abril, a partir das 9h, ocorre, de forma virtual, a plen\u00e1ria de encerramento do 2\u00ba Encontro de Negras, Negros, Ind\u00edgenas e Quilombolas (ENNIQ), realizado entre os \u00faltimos dias 22 e 26 de mar\u00e7o, em Macei\u00f3-AL. O evento, que teve como tema \u201cMalungas, Malungos e Parentes na terra de Palmares! Nossa luta,<\/p>\n","protected":false},"author":3,"featured_media":5806,"comment_status":"closed","ping_status":"closed","sticky":false,"template":"","format":"standard","meta":{"footnotes":""},"categories":[37,39,42,45],"tags":[],"class_list":{"0":"post-5805","1":"post","2":"type-post","3":"status-publish","4":"format-standard","5":"has-post-thumbnail","7":"category-destaque","8":"category-eventos","9":"category-noticia","10":"category-sindicato"},"_links":{"self":[{"href":"https:\/\/sinasefesm.com\/index.php\/wp-json\/wp\/v2\/posts\/5805","targetHints":{"allow":["GET"]}}],"collection":[{"href":"https:\/\/sinasefesm.com\/index.php\/wp-json\/wp\/v2\/posts"}],"about":[{"href":"https:\/\/sinasefesm.com\/index.php\/wp-json\/wp\/v2\/types\/post"}],"author":[{"embeddable":true,"href":"https:\/\/sinasefesm.com\/index.php\/wp-json\/wp\/v2\/users\/3"}],"replies":[{"embeddable":true,"href":"https:\/\/sinasefesm.com\/index.php\/wp-json\/wp\/v2\/comments?post=5805"}],"version-history":[{"count":0,"href":"https:\/\/sinasefesm.com\/index.php\/wp-json\/wp\/v2\/posts\/5805\/revisions"}],"wp:featuredmedia":[{"embeddable":true,"href":"https:\/\/sinasefesm.com\/index.php\/wp-json\/wp\/v2\/media\/5806"}],"wp:attachment":[{"href":"https:\/\/sinasefesm.com\/index.php\/wp-json\/wp\/v2\/media?parent=5805"}],"wp:term":[{"taxonomy":"category","embeddable":true,"href":"https:\/\/sinasefesm.com\/index.php\/wp-json\/wp\/v2\/categories?post=5805"},{"taxonomy":"post_tag","embeddable":true,"href":"https:\/\/sinasefesm.com\/index.php\/wp-json\/wp\/v2\/tags?post=5805"}],"curies":[{"name":"wp","href":"https:\/\/api.w.org\/{rel}","templated":true}]}}