{"id":5855,"date":"2023-03-30T23:36:56","date_gmt":"2023-03-30T23:36:56","guid":{"rendered":"https:\/\/sinasefesm.com\/?p=5855"},"modified":"2023-03-30T23:36:56","modified_gmt":"2023-03-30T23:36:56","slug":"reitor-suspende-votacao-sobre-novas-formas-de-ingresso-na-ufsm","status":"publish","type":"post","link":"https:\/\/sinasefesm.com\/index.php\/2023\/03\/30\/reitor-suspende-votacao-sobre-novas-formas-de-ingresso-na-ufsm\/","title":{"rendered":"Reitor suspende vota\u00e7\u00e3o sobre novas formas de ingresso na UFSM"},"content":{"rendered":"\n<p>Gra\u00e7as \u00e0 mobiliza\u00e7\u00e3o do movimento estudantil, social e sindical, foi suspensa a vota\u00e7\u00e3o que definiria se a UFSM retoma o vestibular e o processo seletivo seriado, ou se segue 100% SiSU. Em princ\u00edpio, a <a href=\"https:\/\/portal.ufsm.br\/documentos\/publico\/processo\/documento.html?idDocumento=14473876\">resolu\u00e7\u00e3o que regulamenta as formas de ingresso nos cursos de gradua\u00e7\u00e3o da UFSM<\/a> deveria ser votada nesta quinta-feira, 30 de mar\u00e7o, em reuni\u00e3o do Conselho de Ensino, Pesquisa e Extens\u00e3o (CEPE), contudo, frente \u00e0 mobiliza\u00e7\u00e3o que adentrou a Sala dos Conselhos, o reitor Luciano Schuch adiou a sess\u00e3o.<\/p>\n\n\n\n<p>O documento em an\u00e1lise determina que, para al\u00e9m do Sistema de Sele\u00e7\u00e3o Unificado (SiSU), a Universidade adote como forma de ingresso o Processo Seletivo Seriado (PSS) e o vestibular presencial. A <a href=\"https:\/\/sinasefesm.com\/dce-pede-pelo-adiamento-da-votacao-sobre-novas-formas-de-ingresso-a-ufsm\/\">discuss\u00e3o<\/a> sobre o tema j\u00e1 havia sido adiada frente a um pedido de vista do DCE, e, at\u00e9 o momento, n\u00e3o h\u00e1 previs\u00e3o de nova data para retornar a discuss\u00e3o no CEPE. Contudo, frente \u00e0 mobiliza\u00e7\u00e3o, foi convocada para \u00e0s 15h30 da pr\u00f3xima segunda-feira, 3 de abril, no Gabinete do Reitor, uma reuni\u00e3o sobre a volta do vestibular. Devem participar do encontro estudantes, docentes e t\u00e9cnico-administrativos em educa\u00e7\u00e3o.<\/p>\n\n\n\n<p>Conforme j\u00e1 era indicado pelo <a href=\"https:\/\/www.ufsm.br\/app\/uploads\/sites\/344\/2023\/01\/Plano-de-Gestao-UFSM-2022-2025.pdf\">Plano de Gest\u00e3o<\/a> atual da UFSM, que prop\u00f5e a revis\u00e3o dos meios de ingresso e perman\u00eancia dos estudantes, o Reitor Luciano Schuch se mostrou favor\u00e1vel \u00e0 proposta, que em nenhum momento foi bem recebida pelos grupos de representa\u00e7\u00e3o dos estudantes e servidores. Como forma de demonstrar suas indigna\u00e7\u00f5es, os manifestantes gritavam em coro<em> \u201cn\u00e3o \u00e9 mole n\u00e3o, vestibular \u00e9 processo de exclus\u00e3o\u201d <\/em>e<em> \u201cquem diria, vestibular s\u00f3 agrada \u00e0 burguesia.&#8221;<\/em><\/p>\n\n\n\n<figure class=\"wp-block-gallery has-nested-images columns-default is-cropped wp-block-gallery-1 is-layout-flex wp-block-gallery-is-layout-flex\">\n<figure class=\"wp-block-image size-large\"><img decoding=\"async\" data-id=\"5859\" src=\"https:\/\/sinasefesm.com\/wp-content\/uploads\/2023\/03\/Lau-1-1-scaled.jpg\" alt=\"\" class=\"wp-image-5859\"\/><\/figure>\n\n\n\n<figure class=\"wp-block-image size-large\"><img decoding=\"async\" data-id=\"5858\" src=\"https:\/\/sinasefesm.com\/wp-content\/uploads\/2023\/03\/Lau-2-scaled.jpg\" alt=\"\" class=\"wp-image-5858\"\/><\/figure>\n<\/figure>\n\n\n\n<p>De acordo com Schuch, \u00e9 necess\u00e1rio alterar a forma de ingresso na Institui\u00e7\u00e3o para tentar amenizar a evas\u00e3o dos acad\u00eamicos ao longo do curso, que em 2019, \u00faltimo ano antes da pandemia do coronav\u00edrus, foi de 19,12%, segundo dados do <a href=\"https:\/\/www.ufsm.br\/orgaos-suplementares\/cpd\/observatorio-evasao\">Observat\u00f3rio de Evas\u00e3o &#8211; CPD<\/a>&nbsp; da UFSM.<\/p>\n\n\n<div class=\"wp-block-image is-style-default\">\n<figure class=\"aligncenter size-full is-resized\"><img fetchpriority=\"high\" decoding=\"async\" src=\"https:\/\/sinasefesm.com\/wp-content\/uploads\/2023\/03\/taxa-de-evasao-media.jpg\" alt=\"\" class=\"wp-image-5860\" width=\"666\" height=\"507\"\/><\/figure><\/div>\n\n\n<p>Contudo, para um dos l\u00edderes do Diret\u00f3rio Central dos Estudantes (DCE), Luiz Boneti, \u00e9 contradit\u00f3rio afirmar que o problema da perman\u00eancia estudantil decorre do tipo de ingresso na UFSM. Para ele, existe uma s\u00e9rie de motivos relacionados \u00e0 precariza\u00e7\u00e3o da assist\u00eancia estudantil que refletem nos n\u00fameros de evas\u00e3o, sendo que nenhum deles diz respeito ao momento de entrada dos calouros: \u201c<em>a evas\u00e3o n\u00e3o pode ser simplesmente justificada pela falta de identifica\u00e7\u00e3o com o curso, porque n\u00e3o \u00e9 um fator objetivo, j\u00e1 que depende de uma s\u00e9rie de condi\u00e7\u00f5es que atingem as e os estudantes de forma subjetiva. [&#8230;] Essa crise \u00e9 essencialmente econ\u00f4mica, os cortes nos or\u00e7amentos de bolsas de estudo e demais setores refletem na evas\u00e3o. Por isso sempre alertamos que a precariza\u00e7\u00e3o da educa\u00e7\u00e3o p\u00fablica \u00e9 um projeto. A precariza\u00e7\u00e3o no ENEM, aliada ao caos gerado no SISU em meio ao governo Bolsonaro, foi intencional, e visava justamente a enfraquecer esse Sistema dentro das Universidades, para que buscassem medidas internas, como Vestibular e Processo Seletivo Seriado (PSS)\u201d.<\/em><\/p>\n\n\n\n<p>Boneti tamb\u00e9m refor\u00e7a que, quando ainda existia o antigo vestibular da UFSM (at\u00e9 2015), tomou-se a decis\u00e3o de destinar 100% das vagas para o SiSU para que o acesso ao ensino superior fosse democratizado, permitindo que alunos de todo o Brasil tivessem direito a concorrer a uma vaga na Federal de Santa Maria. Tal medida, em conjunto com a implementa\u00e7\u00e3o da <a href=\"https:\/\/sinasefesm.com\/em-meio-a-atos-de-racismo-lei-de-cotas-completa-14-anos-de-implementacao-na-ufsm\/\">Lei de Cotas<\/a>, diversificou o perfil dos estudantes, acabando com a caracter\u00edstica elitizada da Institui\u00e7\u00e3o: <em>\u201cno vestibular, assim como no PSS, a Universidade voltava seus esfor\u00e7os a garantir um acesso restrito no que tange \u00e0 concorr\u00eancia, j\u00e1 que abarcava apenas estudantes da regi\u00e3o, contemplando, em especial, alunos mais ricos, com condi\u00e7\u00f5es de fazer cursinhos e, assim, atingir as maiores notas\u201d<\/em>, destaca o representante do DCE. Essa elitiza\u00e7\u00e3o faz com que a UFSM perca sua caracter\u00edstica de Universidade Federal, que deve se comprometer com o ingresso de estudantes n\u00e3o s\u00f3 da regi\u00e3o central do Rio Grande do Sul.<\/p>\n\n\n\n<p>Somado a isso, a Secret\u00e1ria Geral do Sinasefe, Cl\u00e1udia do Amaral, acredita que, com as mudan\u00e7as estabelecidas pelo <a href=\"https:\/\/sinasefesm.com\/como-vem-sendo-a-implementacao-do-novo-ensino-medio-nos-colegios-federais-de-santa-maria\/\">Novo Ensino M\u00e9dio<\/a>, estudantes de escolas p\u00fablicas ficam em desvantagem ainda maior em rela\u00e7\u00e3o aos alunos de col\u00e9gios particulares. Isso porque, atualmente, na maior parte das institui\u00e7\u00f5es de ensino p\u00fablicas, os estudantes est\u00e3o sendo direcionados para algum itiner\u00e1rio espec\u00edfico, deixando de receber conte\u00fados da base geral, especialmente em disciplinas como filosofia, hist\u00f3ria e geografia, enquanto col\u00e9gios mais estruturados conseguem ofertar adequadamente todas as \u00e1reas.<em> \u201cPortanto, fazer processo seriado n\u00e3o seria justo para esses estudantes que n\u00e3o v\u00e3o ter acesso a todos os conte\u00fados da base. Ent\u00e3o, enquanto essa pol\u00edtica estiver vigorando, \u00e9 injusto processo seriado e at\u00e9 mesmo vestibular\u201d, <\/em>conclui Cl\u00e1udia.<\/p>\n\n\n\n<h2 class=\"wp-block-heading\">Entenda a proposta da reitoria<\/h2>\n\n\n\n<p>A Resolu\u00e7\u00e3o em discuss\u00e3o prop\u00f5e que uma parcela das vagas seja destinada para o SISU, outra para o PSS e outra para o vestibular, conforme indicado abaixo:<\/p>\n\n\n\n<ul class=\"wp-block-list\">\n<li>Ingresso para o segundo semestre de 2023 feito 70% pelo SiSU e 30% pelo vestibular (a ser realizado em julho de 2023);<\/li>\n\n\n\n<li>Ingresso para o primeiro semestre de 2024 feito 70% pelo SiSU e 30% pelo vestibular (a ser realizado em janeiro de 2024);<\/li>\n\n\n\n<li>Ingresso para o primeiro semestre de 2025 feito 70% pelo SiSU e 30% pelo vestibular (a ser realizado em janeiro de 2025);<\/li>\n\n\n\n<li>Ingresso a partir do primeiro semestre de 2026 feito 30% pelo SiSU, 30% pelo vestibular (a ser realizado em janeiro de 2026) e 40% pelo PSS (que ter\u00e1 a primeira etapa realizada em janeiro de 2024, a segunda em janeiro de 2025 e a terceira em janeiro de 2026).<\/li>\n<\/ul>\n\n\n\n<p>A medida determina tamb\u00e9m que haja processos seletivos espec\u00edficos para quilombolas, pessoas com mais de 60 anos e atletas de alto rendimento. Confira <a href=\"https:\/\/sinasefesm.com\/dce-pede-pelo-adiamento-da-votacao-sobre-novas-formas-de-ingresso-a-ufsm\/\">aqui<\/a> outras especifica\u00e7\u00f5es propostas pela Resolu\u00e7\u00e3o.<\/p>\n\n\n<div class=\"wp-block-image is-style-default\">\n<figure class=\"alignleft size-full is-resized\"><img decoding=\"async\" src=\"https:\/\/sinasefesm.com\/wp-content\/uploads\/2023\/03\/Lau-3.jpg\" alt=\"\" class=\"wp-image-5861\" width=\"521\" height=\"372\"\/><\/figure><\/div>\n\n\n<h2 class=\"wp-block-heading\"><strong>O que deve acontecer agora?<\/strong><\/h2>\n\n\n\n<p>Com a suspens\u00e3o da vota\u00e7\u00e3o, uma nova data para definir se a Resolu\u00e7\u00e3o ser\u00e1 ou n\u00e3o aprovada deve ser divulgada pela Gest\u00e3o da UFSM. O Sinasefe, bem como as demais entidades representativas da UFSM, seguir\u00e1 lutando por melhores condi\u00e7\u00f5es de perman\u00eancia estudantil, pela democratiza\u00e7\u00e3o do acesso ao ensino superior e para que seja ampliado o debate com a comunidade sobre a pauta.<\/p>\n\n\n\n<p><em>Texto e imagens: Laurent Keller<\/em><\/p>\n\n\n\n<p><em>Edi\u00e7\u00e3o: Bruna Homrich<\/em><\/p>\n","protected":false},"excerpt":{"rendered":"<p>Gra\u00e7as \u00e0 mobiliza\u00e7\u00e3o do movimento estudantil, social e sindical, foi suspensa a vota\u00e7\u00e3o que definiria se a UFSM retoma o vestibular e o processo seletivo seriado, ou se segue 100% SiSU. Em princ\u00edpio, a resolu\u00e7\u00e3o que regulamenta as formas de ingresso nos cursos de gradua\u00e7\u00e3o da UFSM deveria ser votada nesta quinta-feira, 30 de mar\u00e7o,<\/p>\n","protected":false},"author":5,"featured_media":5856,"comment_status":"closed","ping_status":"closed","sticky":false,"template":"","format":"standard","meta":{"footnotes":""},"categories":[37,41,42],"tags":[],"class_list":{"0":"post-5855","1":"post","2":"type-post","3":"status-publish","4":"format-standard","5":"has-post-thumbnail","7":"category-destaque","8":"category-movimento","9":"category-noticia"},"_links":{"self":[{"href":"https:\/\/sinasefesm.com\/index.php\/wp-json\/wp\/v2\/posts\/5855","targetHints":{"allow":["GET"]}}],"collection":[{"href":"https:\/\/sinasefesm.com\/index.php\/wp-json\/wp\/v2\/posts"}],"about":[{"href":"https:\/\/sinasefesm.com\/index.php\/wp-json\/wp\/v2\/types\/post"}],"author":[{"embeddable":true,"href":"https:\/\/sinasefesm.com\/index.php\/wp-json\/wp\/v2\/users\/5"}],"replies":[{"embeddable":true,"href":"https:\/\/sinasefesm.com\/index.php\/wp-json\/wp\/v2\/comments?post=5855"}],"version-history":[{"count":0,"href":"https:\/\/sinasefesm.com\/index.php\/wp-json\/wp\/v2\/posts\/5855\/revisions"}],"wp:featuredmedia":[{"embeddable":true,"href":"https:\/\/sinasefesm.com\/index.php\/wp-json\/wp\/v2\/media\/5856"}],"wp:attachment":[{"href":"https:\/\/sinasefesm.com\/index.php\/wp-json\/wp\/v2\/media?parent=5855"}],"wp:term":[{"taxonomy":"category","embeddable":true,"href":"https:\/\/sinasefesm.com\/index.php\/wp-json\/wp\/v2\/categories?post=5855"},{"taxonomy":"post_tag","embeddable":true,"href":"https:\/\/sinasefesm.com\/index.php\/wp-json\/wp\/v2\/tags?post=5855"}],"curies":[{"name":"wp","href":"https:\/\/api.w.org\/{rel}","templated":true}]}}