{"id":5873,"date":"2023-04-03T16:54:16","date_gmt":"2023-04-03T16:54:16","guid":{"rendered":"https:\/\/sinasefesm.com\/?p=5873"},"modified":"2023-04-03T16:54:16","modified_gmt":"2023-04-03T16:54:16","slug":"sindicato-convoca-assembleia-para-indicar-representantes-a-180a-plena-e-a-reuniao-do-gt-carreira","status":"publish","type":"post","link":"https:\/\/sinasefesm.com\/index.php\/2023\/04\/03\/sindicato-convoca-assembleia-para-indicar-representantes-a-180a-plena-e-a-reuniao-do-gt-carreira\/","title":{"rendered":"Sindicato convoca assembleia para indicar representantes \u00e0 180\u00aa Plena e reuni\u00e3o do GT Carreira"},"content":{"rendered":"\n<p>Com primeira chamada \u00e0s 16h e segunda chamada \u00e0s 16h15, o Sinasefe Santa Maria promove, nesta quarta-feira, 5 de abril, uma assembleia geral na sede do sindicato \u2013 Avenida Rio Branco, 601, sala 01\/02. Na pauta, al\u00e9m dos tradicionais informes, est\u00e1 a elei\u00e7\u00e3o de delegados e delegadas para representarem a se\u00e7\u00e3o sindical em dois eventos de \u00e2mbito nacional: a 180\u00aa Plen\u00e1ria Nacional, marcada para ocorrer nos pr\u00f3ximos dias 6 e 7 de maio, em Bras\u00edlia (DF); e a reuni\u00e3o do Grupo de Trabalho (GT) Carreira, nos dias 3, 4 e 5 do mesmo m\u00eas, tamb\u00e9m na capital federal.<\/p>\n\n\n\n<h2 class=\"wp-block-heading\">Confira, abaixo, a pauta completa da 180\u00aa Plena:<\/h2>\n\n\n\n<p>&#8211; Informes da Dire\u00e7\u00e3o Nacional (DN) e das se\u00e7\u00f5es sindicais;<\/p>\n\n\n\n<p>&#8211; Relat\u00f3rio conclusivo do Conselho de \u00c9tica;<\/p>\n\n\n\n<p>&#8211; Relat\u00f3rio conclusivo da Comiss\u00e3o de Apura\u00e7\u00e3o de responsabilidades e autoria dos fatos ocorridos no 34\u00ba CONSINASEFE (Congresso do Sinasefe);<\/p>\n\n\n\n<p>&#8211; Contribui\u00e7\u00f5es financeiras da DN para: Auditoria Cidad\u00e3 da D\u00edvida, Fenet (Federa\u00e7\u00e3o Nacional dos Estudantes em Ensino T\u00e9cnico) e MTST (Movimento dos Trabalhadores Sem-Teto);<\/p>\n\n\n\n<p>&#8211; An\u00e1lise de conjuntura e campanha salarial.<\/p>\n\n\n\n<h2 class=\"wp-block-heading\">E, abaixo, a programa\u00e7\u00e3o completa da 180\u00aa Plena:<\/h2>\n\n\n\n<p><strong>S\u00e1bado (6 de maio)<\/strong><\/p>\n\n\n\n<p>8h: abertura do credenciamento;<\/p>\n\n\n\n<p>8h: informes da DN e das se\u00e7\u00f5es sindicais;<\/p>\n\n\n\n<p>12h: almo\u00e7o;<\/p>\n\n\n\n<p>13h30: relat\u00f3rio conclusivo do <a href=\"https:\/\/sinasefe.org.br\/site\/comissoes\/conselho-de-etica\/\" data-type=\"URL\" data-id=\"https:\/\/sinasefe.org.br\/site\/comissoes\/conselho-de-etica\/\" target=\"_blank\" rel=\"noreferrer noopener\">Conselho de \u00c9tica<\/a>;<\/p>\n\n\n\n<p>14h: encerramento do credenciamento;<\/p>\n\n\n\n<p>14h30: relat\u00f3rio conclusivo da <a href=\"https:\/\/sinasefe.org.br\/site\/reuniao-da-comissao-formada-no-34o-consinasefe\/\" data-type=\"URL\" data-id=\"https:\/\/sinasefe.org.br\/site\/reuniao-da-comissao-formada-no-34o-consinasefe\/\" target=\"_blank\" rel=\"noreferrer noopener\">Comiss\u00e3o de Apura\u00e7\u00e3o<\/a> de responsabilidades e autoria dos fatos ocorridos no 34\u00ba CONSINASEFE;<\/p>\n\n\n\n<p>15h30: an\u00e1lise de conjuntura e campanha salarial 2023 e 2024: <a rel=\"noreferrer noopener\" href=\"https:\/\/sinasefe.org.br\/site\/comissoes\/cns\/\" data-type=\"URL\" data-id=\"https:\/\/sinasefe.org.br\/site\/comissoes\/cns\/\" target=\"_blank\">CNS \u2013 Carreira do PCCTAE<\/a>; <a href=\"https:\/\/sinasefe.org.br\/site\/comissoes\/cns\/\" data-type=\"URL\" data-id=\"https:\/\/sinasefe.org.br\/site\/comissoes\/cns\/\" target=\"_blank\" rel=\"noreferrer noopener\">CND: Carreira do EBTT<\/a>;<\/p>\n\n\n\n<p>18h: coffee break;<\/p>\n\n\n\n<p>18h30: continua\u00e7\u00e3o do ponto de pauta anterior;<\/p>\n\n\n\n<p>20h30: encerramento do primeiro dia.<\/p>\n\n\n\n<p><strong>Domingo (7 de maio)<\/strong><\/p>\n\n\n\n<p>9h: contribui\u00e7\u00f5es financeiras da DN para: Auditoria Cidad\u00e3 da D\u00edvida, Fenet e MTST;<\/p>\n\n\n\n<p>10h: encaminhamentos: campanha salarial 2023 e 2024, carreiras do PCCTAE e EBTT;<\/p>\n\n\n\n<p>12h: encerramento da 180\u00aa Plena.<\/p>\n\n\n\n<h2 class=\"wp-block-heading\">Reuni\u00e3o do GT Carreira<\/h2>\n\n\n\n<p>Antecedendo a 180\u00aa Plena, ocorre, nos dias 3, 4 e 5 de maio, no Hotel San Marco, em Bras\u00edlia (DF), reuni\u00e3o do GT Carreira. Na pauta est\u00e3o os seguintes itens:<\/p>\n\n\n\n<ol class=\"wp-block-list\" type=\"1\">\n<li>Informes da Coordena\u00e7\u00e3o de Pessoal; 2. Hist\u00f3rico sobre as reestrutura\u00e7\u00f5es de carreiras ocorridas com o PCCTAE e EBTT, Escolas Civis Militares e Ex-Territ\u00f3rios; 3. Debate sobre Assuntos de Aposentadoria; 4. Racionaliza\u00e7\u00e3o; 5. Apresenta\u00e7\u00e3o das propostas PCCTAE\/CNS e carreira Docente\/CND; 6. Apresenta\u00e7\u00e3o das demais propostas dos GTs de Base para o PCCTAE e carreira Docente; 7. Debate da proposta do SINASEFE 2024 para o PCCTAE e carreira Docente; 8. Encaminhamentos do GT para a 180\u00aa Plen\u00e1ria Nacional do SINASEFE.<\/li>\n<\/ol>\n\n\n\n<h2 class=\"wp-block-heading\">Sinasefinho<\/h2>\n\n\n\n<p>A 6\u00aa edi\u00e7\u00e3o do Projeto Sinasefinho, iniciativa do conjunto de mulheres do SINASEFE que maternam e almejam a constru\u00e7\u00e3o de uma proposta de educa\u00e7\u00e3o n\u00e3o-formal, ser\u00e1 realizada de maneira comum \u00e0 180\u00aa Plen\u00e1ria Nacional e ao GT Carreira, entre os dias 3 e 7 de maio de 2023.<\/p>\n\n\n\n<p>As solicita\u00e7\u00f5es de vagas no Sinasefinho para crian\u00e7as de 0 at\u00e9 12 anos devem ser feitas para o e-mail administrativo@sinasefe.org.br, at\u00e9 a data limite de 30 de abril de 2023.<\/p>\n","protected":false},"excerpt":{"rendered":"<p>Com primeira chamada \u00e0s 16h e segunda chamada \u00e0s 16h15, o Sinasefe Santa Maria promove, nesta quarta-feira, 5 de abril, uma assembleia geral na sede do sindicato \u2013 Avenida Rio Branco, 601, sala 01\/02. Na pauta, al\u00e9m dos tradicionais informes, est\u00e1 a elei\u00e7\u00e3o de delegados e delegadas para representarem a se\u00e7\u00e3o sindical em dois eventos<\/p>\n","protected":false},"author":3,"featured_media":5874,"comment_status":"closed","ping_status":"closed","sticky":false,"template":"","format":"standard","meta":{"footnotes":""},"categories":[37,42,45],"tags":[],"class_list":{"0":"post-5873","1":"post","2":"type-post","3":"status-publish","4":"format-standard","5":"has-post-thumbnail","7":"category-destaque","8":"category-noticia","9":"category-sindicato"},"_links":{"self":[{"href":"https:\/\/sinasefesm.com\/index.php\/wp-json\/wp\/v2\/posts\/5873","targetHints":{"allow":["GET"]}}],"collection":[{"href":"https:\/\/sinasefesm.com\/index.php\/wp-json\/wp\/v2\/posts"}],"about":[{"href":"https:\/\/sinasefesm.com\/index.php\/wp-json\/wp\/v2\/types\/post"}],"author":[{"embeddable":true,"href":"https:\/\/sinasefesm.com\/index.php\/wp-json\/wp\/v2\/users\/3"}],"replies":[{"embeddable":true,"href":"https:\/\/sinasefesm.com\/index.php\/wp-json\/wp\/v2\/comments?post=5873"}],"version-history":[{"count":0,"href":"https:\/\/sinasefesm.com\/index.php\/wp-json\/wp\/v2\/posts\/5873\/revisions"}],"wp:featuredmedia":[{"embeddable":true,"href":"https:\/\/sinasefesm.com\/index.php\/wp-json\/wp\/v2\/media\/5874"}],"wp:attachment":[{"href":"https:\/\/sinasefesm.com\/index.php\/wp-json\/wp\/v2\/media?parent=5873"}],"wp:term":[{"taxonomy":"category","embeddable":true,"href":"https:\/\/sinasefesm.com\/index.php\/wp-json\/wp\/v2\/categories?post=5873"},{"taxonomy":"post_tag","embeddable":true,"href":"https:\/\/sinasefesm.com\/index.php\/wp-json\/wp\/v2\/tags?post=5873"}],"curies":[{"name":"wp","href":"https:\/\/api.w.org\/{rel}","templated":true}]}}