{"id":5896,"date":"2023-04-05T20:03:50","date_gmt":"2023-04-05T20:03:50","guid":{"rendered":"https:\/\/sinasefesm.com\/?p=5896"},"modified":"2023-04-05T20:03:50","modified_gmt":"2023-04-05T20:03:50","slug":"com-cerco-policial-cepe-aprova-novas-formas-de-ingresso-na-ufsm","status":"publish","type":"post","link":"https:\/\/sinasefesm.com\/index.php\/2023\/04\/05\/com-cerco-policial-cepe-aprova-novas-formas-de-ingresso-na-ufsm\/","title":{"rendered":"Com cerco policial, CEPE aprova novas formas de ingresso na UFSM"},"content":{"rendered":"\n<p>Nesta quarta-feira, 5 de abril, a 984\u00b0 sess\u00e3o do Conselho de Ensino, Pesquisa e Extens\u00e3o (CEPE) da UFSM votou favoravelmente, incluindo o Reitor Luciano Schuch e a Vice-Reitora Martha Adaime, \u00e0 <a href=\"https:\/\/portal.ufsm.br\/documentos\/publico\/processo\/documento.html?idDocumento=14473876\">Resolu\u00e7\u00e3o <\/a>que regulamenta a volta do vestibular e do Processo Seletivo Seriado (PSS) na Institui\u00e7\u00e3o. A vota\u00e7\u00e3o contabilizou 32 votos favor\u00e1veis a 23 contr\u00e1rios. Para garantir que a sess\u00e3o acontecesse sem di\u00e1logo com a comunidade universit\u00e1ria, a gest\u00e3o da UFSM acionou Brigada Militar e Pol\u00edcia Federal, que restringiram a entrada no Instituto Nacional de Pesquisas Espaciais (INPE), local da reuni\u00e3o.<\/p>\n\n\n\n<figure class=\"wp-block-image size-full\"><img decoding=\"async\" src=\"https:\/\/sinasefesm.com\/wp-content\/uploads\/2023\/04\/IMG-1610-scaled.jpg\" alt=\"\" class=\"wp-image-5898\"\/><\/figure>\n\n\n\n<p>Como justificativa para essa determina\u00e7\u00e3o, o Reitor alegou que o refor\u00e7o da seguran\u00e7a seria necess\u00e1rio para proteger os Conselheiros dos estudantes que v\u00eam marcando<a href=\"https:\/\/sinasefesm.com\/comunidade-universitaria-segue-em-protesto-contra-novas-formas-de-ingresso-na-ufsm\/\"> presen\u00e7a na Reitoria desde a \u00faltima segunda-feira<\/a>, 3.<\/p>\n\n\n\n<figure class=\"wp-block-image size-full\"><img decoding=\"async\" src=\"https:\/\/sinasefesm.com\/wp-content\/uploads\/2023\/04\/IMG-1552-scaled.jpg\" alt=\"\" class=\"wp-image-5899\"\/><\/figure>\n\n\n\n<p>Al\u00e9m disso, outra medida tomada pelo Reitor foi a altera\u00e7\u00e3o do local de vota\u00e7\u00e3o com menos de uma hora de anteced\u00eancia. Inicialmente, a sess\u00e3o deveria ser feita na pr\u00f3pria Reitoria, por\u00e9m houve a modifica\u00e7\u00e3o para o INPE. Nessa mesma l\u00f3gica de pouca abertura para o di\u00e1logo, Schuch n\u00e3o acatou o pedido do conselheiro Daniel Ballin de que a pauta ganhasse mais tempo de discuss\u00e3o na sess\u00e3o de hoje, a fim de que Conselheiros que n\u00e3o participaram do di\u00e1logo no dia 30 de mar\u00e7o, data da <a href=\"https:\/\/sinasefesm.com\/reitor-suspende-votacao-sobre-novas-formas-de-ingresso-na-ufsm\/\">\u00faltima sess\u00e3o do CEPE<\/a>, pudessem compreender os argumentos contr\u00e1rios \u00e0 implementa\u00e7\u00e3o do vestibular e do PSS. Alegando que o debate j\u00e1 havia sido feito na \u00faltima semana, o reitor encaminhou o tema diretamente para vota\u00e7\u00e3o.<\/p>\n\n\n\n\n\n<p>A Coordenadora Geral do Sinasefe, Miriane Fonseca, lamenta o resultado da vota\u00e7\u00e3o: <em>\u201ca Universidade tinha uma grande oportunidade de proporcionar um debate e se mostrar no cen\u00e1rio como uma Institui\u00e7\u00e3o democr\u00e1tica. Eu sinto muito que os Conselheiros e as Conselheiras n\u00e3o tenham tido a sensibilidade de dar mais um tempo para refletir e ouvir toda a comunidade da UFSM. \u00c9 um dia bastante triste, um dia que vai servir de reflex\u00e3o e para a gente aprender e crescer na democracia. \u00c9 lament\u00e1vel ver dentro e na frente do pr\u00e9dio do INPE a Pol\u00edcia Federal e a Brigada Militar, com armas. A UFSM perde ao legitimar dessa forma uma decis\u00e3o que deveria ser coletiva.\u201d <\/em>Miriane participou do ato dos movimentos estudantis e sindicais em frente ao INPE, que ocorreu ao longo de toda a vota\u00e7\u00e3o do CEPE.<\/p>\n\n\n\n<p>O representante do Diret\u00f3rio Central dos e das Estudantes (DCE) destacou que, apesar do resultado da vota\u00e7\u00e3o, o movimento estudantil seguir\u00e1 na luta para tentar barrar a medida.<\/p>\n\n\n\n<figure class=\"wp-block-image size-full\"><img decoding=\"async\" src=\"https:\/\/sinasefesm.com\/wp-content\/uploads\/2023\/04\/IMG-1669-scaled.jpg\" alt=\"\" class=\"wp-image-5900\"\/><\/figure>\n\n\n\n<p class=\"has-medium-font-size\"><strong>O que deve acontecer agora?<\/strong><br>Com a aprova\u00e7\u00e3o da Resolu\u00e7\u00e3o, as novas formas de ingresso devem come\u00e7ar a ser implementadas j\u00e1 nos processos de ingresso do segundo semestre de 2023. Confira abaixo, como isso deve funcionar:<\/p>\n\n\n\n<p>\u25cf Ingresso para o segundo semestre de 2023 feito 70% pelo SiSU e 30% pelo vestibular (a ser realizado em julho de 2023);<br>\u25cf Ingresso para o primeiro semestre de 2024 feito 70% pelo SiSU e 30% pelo vestibular (a ser realizado em janeiro de 2024);<br>\u25cf Ingresso para o primeiro semestre de 2025 feito 70% pelo SiSU e 30% pelo vestibular (a ser realizado em janeiro de 2025);<br>\u25cf Ingresso a partir do primeiro semestre de 2026 feito 30% pelo SiSU, 30% pelo vestibular (a ser realizado em janeiro de 2026) e 40% pelo PSS (que ter\u00e1 a primeira etapa realizada em janeiro de 2024, a segunda em janeiro de 2025 e a terceira em janeiro de 2026).<\/p>\n\n\n\n<p>Entenda <a href=\"https:\/\/www.ufsm.br\/2023\/04\/05\/cepe-aprova-novas-formas-de-ingresso-aos-cursos-de-graduacao-da-ufsm\">aqui<\/a> outras especifica\u00e7\u00f5es da Resolu\u00e7\u00e3o.<\/p>\n\n\n\n<p>A pedido do DCE, a vota\u00e7\u00e3o foi nominal, portanto os votos dos Conselheiros ficar\u00e3o registrados em ata. Caso voc\u00ea queira ver como foi a vota\u00e7\u00e3o na \u00edntegra, acesse <a href=\"https:\/\/youtube.com\/@universidadefederaldesanta2691\">aqui<\/a>.<\/p>\n\n\n\n<hr class=\"wp-block-separator has-alpha-channel-opacity\"\/>\n\n\n\n<p><em>Texto e imagens: Laurent Keller<br>Edi\u00e7\u00e3o: Bruna Homrich<\/em><\/p>\n","protected":false},"excerpt":{"rendered":"<p>Nesta quarta-feira, 5 de abril, a 984\u00b0 sess\u00e3o do Conselho de Ensino, Pesquisa e Extens\u00e3o (CEPE) da UFSM votou favoravelmente, incluindo o Reitor Luciano Schuch e a Vice-Reitora Martha Adaime, \u00e0 Resolu\u00e7\u00e3o que regulamenta a volta do vestibular e do Processo Seletivo Seriado (PSS) na Institui\u00e7\u00e3o. A vota\u00e7\u00e3o contabilizou 32 votos favor\u00e1veis a 23 contr\u00e1rios.<\/p>\n","protected":false},"author":5,"featured_media":5897,"comment_status":"closed","ping_status":"closed","sticky":false,"template":"","format":"standard","meta":{"footnotes":""},"categories":[37,41,42],"tags":[197,225,229],"class_list":{"0":"post-5896","1":"post","2":"type-post","3":"status-publish","4":"format-standard","5":"has-post-thumbnail","7":"category-destaque","8":"category-movimento","9":"category-noticia","10":"tag-pss","11":"tag-ufsm","12":"tag-vestibular"},"_links":{"self":[{"href":"https:\/\/sinasefesm.com\/index.php\/wp-json\/wp\/v2\/posts\/5896","targetHints":{"allow":["GET"]}}],"collection":[{"href":"https:\/\/sinasefesm.com\/index.php\/wp-json\/wp\/v2\/posts"}],"about":[{"href":"https:\/\/sinasefesm.com\/index.php\/wp-json\/wp\/v2\/types\/post"}],"author":[{"embeddable":true,"href":"https:\/\/sinasefesm.com\/index.php\/wp-json\/wp\/v2\/users\/5"}],"replies":[{"embeddable":true,"href":"https:\/\/sinasefesm.com\/index.php\/wp-json\/wp\/v2\/comments?post=5896"}],"version-history":[{"count":0,"href":"https:\/\/sinasefesm.com\/index.php\/wp-json\/wp\/v2\/posts\/5896\/revisions"}],"wp:featuredmedia":[{"embeddable":true,"href":"https:\/\/sinasefesm.com\/index.php\/wp-json\/wp\/v2\/media\/5897"}],"wp:attachment":[{"href":"https:\/\/sinasefesm.com\/index.php\/wp-json\/wp\/v2\/media?parent=5896"}],"wp:term":[{"taxonomy":"category","embeddable":true,"href":"https:\/\/sinasefesm.com\/index.php\/wp-json\/wp\/v2\/categories?post=5896"},{"taxonomy":"post_tag","embeddable":true,"href":"https:\/\/sinasefesm.com\/index.php\/wp-json\/wp\/v2\/tags?post=5896"}],"curies":[{"name":"wp","href":"https:\/\/api.w.org\/{rel}","templated":true}]}}