{"id":5911,"date":"2023-04-13T21:57:49","date_gmt":"2023-04-13T21:57:49","guid":{"rendered":"https:\/\/sinasefesm.com\/?p=5911"},"modified":"2023-04-13T21:57:49","modified_gmt":"2023-04-13T21:57:49","slug":"sinasefe-promove-live-no-dia-de-luta-pela-revogacao-do-novo-ensino-medio","status":"publish","type":"post","link":"https:\/\/sinasefesm.com\/index.php\/2023\/04\/13\/sinasefe-promove-live-no-dia-de-luta-pela-revogacao-do-novo-ensino-medio\/","title":{"rendered":"Sinasefe promove live no Dia de Luta pela Revoga\u00e7\u00e3o do Novo Ensino M\u00e9dio"},"content":{"rendered":"\n<p> A pr\u00f3xima quarta-feira, 19 de abril, ser\u00e1 reservada ao Dia de Luta pela Revoga\u00e7\u00e3o do Novo Ensino M\u00e9dio (NEM). O Sinasefe, como vem fazendo desde que o tema come\u00e7ou a tramitar no Congresso Nacional, ainda no ano de 2016, participar\u00e1 das mobiliza\u00e7\u00f5es e promover\u00e1, tamb\u00e9m, uma live na data. Com transmiss\u00e3o ao vivo pelo <a href=\"https:\/\/www.youtube.com\/watch?v=_YgZ8OnfdD8\" data-type=\"URL\" data-id=\"https:\/\/www.youtube.com\/watch?v=_YgZ8OnfdD8\" target=\"_blank\" rel=\"noreferrer noopener\">Canal do Sinasefe no Youtube<\/a> e pela <a href=\"https:\/\/www.facebook.com\/events\/477126431214766\" data-type=\"URL\" data-id=\"https:\/\/www.facebook.com\/events\/477126431214766\" target=\"_blank\" rel=\"noreferrer noopener\">P\u00e1gina de Facebook da entidade<\/a>, o debate virtual iniciar\u00e1 \u00e0s 19h, trazendo o tema \u201cRevoga o NEM j\u00e1! O Ensino M\u00e9dio Integrado como refer\u00eancia para o pa\u00eds\u201d.<\/p>\n\n\n\n<p>Com participa\u00e7\u00e3o de dois integrantes da Coordena\u00e7\u00e3o de Pol\u00edticas Educacionais e Culturais do Sinasefe, Jo\u00e3o Cichaczewski e Manoel Porto Junior, o evento tamb\u00e9m contar\u00e1 com dois debatedores\/as convidados\/as: Alessandro Paix\u00e3o e Amanda da Silva. Conhe\u00e7a, abaixo, um pouco mais sobre cada um\/a:<\/p>\n\n\n\n<p><strong>Alessandro Paix\u00e3o&nbsp;<\/strong>\u00e9 professor EBTT no Instituto Federal Catarinense (IFC), campus Araquari, doutor em Educa\u00e7\u00e3o pela UFPR e estuda as implica\u00e7\u00f5es da reforma do Ensino M\u00e9dio nos Institutos Federais. Atualmente \u00e9 um dos coordenadores da Se\u00e7\u00e3o Sindical Sinasefe Litoral-SC.<\/p>\n\n\n\n<p><strong>Amanda Moreira da Silva<\/strong>&nbsp;atua como professora&nbsp;junto ao Instituto de Aplica\u00e7\u00e3o Fernando Rodrigues da Silveira (CAp-UERJ) e \u00e9 doutora em Educa\u00e7\u00e3o pela UFRJ. Atualmente realiza o p\u00f3s-doutorado em Sociologia do Trabalho, na UNICAMP. Autora dos livros: \u201c<em>Tempo e Doc\u00eancia\u201d<\/em>&nbsp;(2017),&nbsp;<em>\u201cFormas e tend\u00eancias de precariza\u00e7\u00e3o do trabalho docente\u201d<\/em>&nbsp;(2020) e&nbsp;<em>\u201cTrabalho docente sob a l\u00f3gica privatista empresarial\u201d<\/em>&nbsp;(2021).<\/p>\n\n\n\n<h2 class=\"wp-block-heading\"><strong>Marque em sua agenda e participe!<\/strong><\/h2>\n\n\n\n<ul class=\"wp-block-list\">\n<li>Evento:&nbsp;<strong>Live do SINASEFE<\/strong><\/li>\n\n\n\n<li>Tema:&nbsp;<strong><em>Revoga o NEM j\u00e1! O Ensino M\u00e9dio Integrado como refer\u00eancia para o pa\u00eds<\/em><\/strong><\/li>\n\n\n\n<li>Data e hor\u00e1rio:\u00a0<strong>19\/04, \u00e0s 19h<\/strong><\/li>\n\n\n\n<li>Onde? Canal&nbsp;<a href=\"https:\/\/www.youtube.com\/watch?v=_YgZ8OnfdD8\" target=\"_blank\" rel=\"noreferrer noopener\">SINASEFE no YouTube<\/a>&nbsp;e&nbsp;<em>fanpage<\/em>&nbsp;do&nbsp;<a href=\"https:\/\/www.facebook.com\/events\/477126431214766\" target=\"_blank\" rel=\"noreferrer noopener\">Facebook<\/a><\/li>\n<\/ul>\n\n\n\n<p>Cabe lembrar que, no \u00faltimo dia 5 de abril, o Minist\u00e9rio da Educa\u00e7\u00e3o publicou, no Di\u00e1rio Oficial da Uni\u00e3o, a <a href=\"https:\/\/pesquisa.in.gov.br\/imprensa\/jsp\/visualiza\/index.jsp?data=05\/04\/2023&amp;jornal=515&amp;pagina=18&amp;totalArquivos=80\" data-type=\"URL\" data-id=\"https:\/\/pesquisa.in.gov.br\/imprensa\/jsp\/visualiza\/index.jsp?data=05\/04\/2023&amp;jornal=515&amp;pagina=18&amp;totalArquivos=80\">Portaria n\u00b0 627\/2023<\/a>, respons\u00e1vel por suspender, pelos pr\u00f3ximos 60 dias, a implementa\u00e7\u00e3o do NEM.<\/p>\n\n\n\n<p>Para o Sinasefe, embora a suspens\u00e3o seja um avan\u00e7o, \u00e9 preciso garantir a revoga\u00e7\u00e3o completa do NEM.<\/p>\n\n\n\n<p><em>\u201cO NEM \u00e9 a destrui\u00e7\u00e3o da estrutura do Ensino M\u00e9dio que permitia aos estudantes, adolescentes e jovens se apropriarem do conhecimento cient\u00edfico; esses itiner\u00e1rios formativos que ensinam a fazer brigadeiro e a ilus\u00e3o de como ser um milion\u00e1rio n\u00e3o nos servem\u201d<\/em>, afirmou Elenira Vilela, <a rel=\"noreferrer noopener\" href=\"https:\/\/sinasefe.org.br\/site\/documentos\/direcao-nacional\/coordenacao-geral\/\" target=\"_blank\">coordenadora geral<\/a>\u00a0do sindicato.<\/p>\n\n\n\n<p>Assista, abaixo, a avalia\u00e7\u00e3o de dirigentes nacionais:<\/p>\n\n\n\n<figure class=\"wp-block-embed is-type-video is-provider-youtube wp-block-embed-youtube wp-embed-aspect-16-9 wp-has-aspect-ratio\"><div class=\"wp-block-embed__wrapper\">\n<iframe title=\"SINASEFE na luta pela Revoga\u00e7\u00e3o do Novo Ensino M\u00e9dio\" width=\"768\" height=\"432\" src=\"https:\/\/www.youtube.com\/embed\/kB5zrxmKJmM?feature=oembed\" frameborder=\"0\" allow=\"accelerometer; autoplay; clipboard-write; encrypted-media; gyroscope; picture-in-picture; web-share\" referrerpolicy=\"strict-origin-when-cross-origin\" allowfullscreen><\/iframe>\n<\/div><\/figure>\n","protected":false},"excerpt":{"rendered":"<p>A pr\u00f3xima quarta-feira, 19 de abril, ser\u00e1 reservada ao Dia de Luta pela Revoga\u00e7\u00e3o do Novo Ensino M\u00e9dio (NEM). O Sinasefe, como vem fazendo desde que o tema come\u00e7ou a tramitar no Congresso Nacional, ainda no ano de 2016, participar\u00e1 das mobiliza\u00e7\u00f5es e promover\u00e1, tamb\u00e9m, uma live na data. Com transmiss\u00e3o ao vivo pelo Canal<\/p>\n","protected":false},"author":3,"featured_media":5912,"comment_status":"closed","ping_status":"closed","sticky":false,"template":"","format":"standard","meta":{"footnotes":""},"categories":[37,39,40,42,45],"tags":[],"class_list":{"0":"post-5911","1":"post","2":"type-post","3":"status-publish","4":"format-standard","5":"has-post-thumbnail","7":"category-destaque","8":"category-eventos","9":"category-live","10":"category-noticia","11":"category-sindicato"},"_links":{"self":[{"href":"https:\/\/sinasefesm.com\/index.php\/wp-json\/wp\/v2\/posts\/5911","targetHints":{"allow":["GET"]}}],"collection":[{"href":"https:\/\/sinasefesm.com\/index.php\/wp-json\/wp\/v2\/posts"}],"about":[{"href":"https:\/\/sinasefesm.com\/index.php\/wp-json\/wp\/v2\/types\/post"}],"author":[{"embeddable":true,"href":"https:\/\/sinasefesm.com\/index.php\/wp-json\/wp\/v2\/users\/3"}],"replies":[{"embeddable":true,"href":"https:\/\/sinasefesm.com\/index.php\/wp-json\/wp\/v2\/comments?post=5911"}],"version-history":[{"count":0,"href":"https:\/\/sinasefesm.com\/index.php\/wp-json\/wp\/v2\/posts\/5911\/revisions"}],"wp:featuredmedia":[{"embeddable":true,"href":"https:\/\/sinasefesm.com\/index.php\/wp-json\/wp\/v2\/media\/5912"}],"wp:attachment":[{"href":"https:\/\/sinasefesm.com\/index.php\/wp-json\/wp\/v2\/media?parent=5911"}],"wp:term":[{"taxonomy":"category","embeddable":true,"href":"https:\/\/sinasefesm.com\/index.php\/wp-json\/wp\/v2\/categories?post=5911"},{"taxonomy":"post_tag","embeddable":true,"href":"https:\/\/sinasefesm.com\/index.php\/wp-json\/wp\/v2\/tags?post=5911"}],"curies":[{"name":"wp","href":"https:\/\/api.w.org\/{rel}","templated":true}]}}