{"id":5917,"date":"2023-04-14T19:56:35","date_gmt":"2023-04-14T19:56:35","guid":{"rendered":"https:\/\/sinasefesm.com\/?p=5917"},"modified":"2023-04-14T19:56:35","modified_gmt":"2023-04-14T19:56:35","slug":"reajuste-salarial-esta-em-tramitacao-no-congresso-nacional","status":"publish","type":"post","link":"https:\/\/sinasefesm.com\/index.php\/2023\/04\/14\/reajuste-salarial-esta-em-tramitacao-no-congresso-nacional\/","title":{"rendered":"Reajuste salarial est\u00e1 em tramita\u00e7\u00e3o no Congresso Nacional"},"content":{"rendered":"\n<p>A partir de 1\u00b0 de maio (com pagamento em junho), servidores e servidoras do funcionalismo p\u00fablico devem come\u00e7ar a receber seus sal\u00e1rios com o reajuste linear de 9%, n\u00famero estabelecido em acordo entre o governo e as entidades sindicais. Contudo, para que isso se efetive definitivamente, ainda \u00e9 preciso que o Termo de Acordo n\u00b0 1\/2023 tenha sua tramita\u00e7\u00e3o no Congresso Nacional conclu\u00edda, o que est\u00e1 marcado para ocorrer at\u00e9 a pr\u00f3xima ter\u00e7a-feira, 18 de abril.<\/p>\n\n\n\n<p>Confira abaixo (ou a<a href=\"https:\/\/sinasefe.org.br\/site\/download\/termo-de-acordo-no-1-2023-reajuste-emergencial\/\">qui<\/a>), o Termo de Acordo na \u00edntegra:\u00a0<\/p>\n\n\n\n<div data-wp-interactive=\"core\/file\" class=\"wp-block-file\"><object data-wp-bind--hidden=\"!state.hasPdfPreview\" hidden class=\"wp-block-file__embed\" data=\"https:\/\/sinasefesm.com\/wp-content\/uploads\/2023\/04\/TermodeAcordo12023-1.pdf\" type=\"application\/pdf\" style=\"width:100%;height:600px\" aria-label=\"Incorporado de TermodeAcordo12023-1.\"><\/object><a id=\"wp-block-file--media-7ed020ae-80d7-4735-b21b-5cce4f2a0b7c\" href=\"https:\/\/sinasefesm.com\/wp-content\/uploads\/2023\/04\/TermodeAcordo12023-1.pdf\">TermodeAcordo12023-1<\/a><a href=\"https:\/\/sinasefesm.com\/wp-content\/uploads\/2023\/04\/TermodeAcordo12023-1.pdf\" class=\"wp-block-file__button wp-element-button\" download aria-describedby=\"wp-block-file--media-7ed020ae-80d7-4735-b21b-5cce4f2a0b7c\">Baixar<\/a><\/div>\n\n\n\n<p>De acordo com o <a href=\"https:\/\/legis.senado.leg.br\/sdleg-getter\/documento?dm=9314748&amp;ts=1681360312289&amp;disposition=inline\">calend\u00e1rio de tramita\u00e7\u00e3o<\/a> do projeto, entre os dias 13 e 18 de abril, a Comiss\u00e3o Mista de Planos, Or\u00e7amentos e Fiscaliza\u00e7\u00e3o (CMO) deve votar o relat\u00f3rio e encaminhar um parecer quanto ao projeto de lei de cr\u00e9dito \u00e0 Mesa do Congresso Nacional.<\/p>\n\n\n\n<p>Al\u00e9m do reajuste salarial, o Termo de Acordo <a href=\"https:\/\/sinasefe.org.br\/site\/sinasefe-assina-termo-de-acordo-no-1-2023-leia-na-integra\/\">solicitava um aumento de 43% no Aux\u00edlio Alimenta\u00e7\u00e3o<\/a>, que foi concedido dia 31 de mar\u00e7o pelo Estado. O valor saiu de R$458,00 para R$658,00.<\/p>\n\n\n\n<p>Apesar dos avan\u00e7os, o Sinasefe refor\u00e7a que \u00e9 preciso continuar na luta pela recupera\u00e7\u00e3o do restante das perdas salariais acumuladas pelo setor p\u00fablico nos \u00faltimos anos e pela reestrutura\u00e7\u00e3o de carreiras. Pensando nisso, est\u00e3o agendados para o m\u00eas de maio dois eventos importantes para avan\u00e7ar na organiza\u00e7\u00e3o da categoria: o <a href=\"https:\/\/sinasefe.org.br\/site\/gt-carreira-docentes-e-tecnico-administrativos-03-a-05-05-em-brasilia-df\/\">GT Carreira<\/a>, do dia 3 ao dia 5, e a <a href=\"https:\/\/sinasefe.org.br\/site\/180a-plenaria-nacional-06-e-07-05-em-brasilia-df\/\">180\u00aa Plen\u00e1ria Nacional<\/a>, nos dias 6 e 7.<\/p>\n\n\n\n<hr class=\"wp-block-separator has-alpha-channel-opacity\"\/>\n\n\n\n<p><em>Texto: Laurent Keller<\/em><\/p>\n\n\n\n<p><em>Imagem: Sinasefe Nacional<\/em><\/p>\n\n\n\n<p><em>Edi\u00e7\u00e3o: Bruna Homrich<\/em><\/p>\n","protected":false},"excerpt":{"rendered":"<p>A partir de 1\u00b0 de maio (com pagamento em junho), servidores e servidoras do funcionalismo p\u00fablico devem come\u00e7ar a receber seus sal\u00e1rios com o reajuste linear de 9%, n\u00famero estabelecido em acordo entre o governo e as entidades sindicais. Contudo, para que isso se efetive definitivamente, ainda \u00e9 preciso que o Termo de Acordo n\u00b0<\/p>\n","protected":false},"author":5,"featured_media":5919,"comment_status":"closed","ping_status":"closed","sticky":false,"template":"","format":"standard","meta":{"footnotes":""},"categories":[37,42],"tags":[201],"class_list":{"0":"post-5917","1":"post","2":"type-post","3":"status-publish","4":"format-standard","5":"has-post-thumbnail","7":"category-destaque","8":"category-noticia","9":"tag-reajuste-salarial"},"_links":{"self":[{"href":"https:\/\/sinasefesm.com\/index.php\/wp-json\/wp\/v2\/posts\/5917","targetHints":{"allow":["GET"]}}],"collection":[{"href":"https:\/\/sinasefesm.com\/index.php\/wp-json\/wp\/v2\/posts"}],"about":[{"href":"https:\/\/sinasefesm.com\/index.php\/wp-json\/wp\/v2\/types\/post"}],"author":[{"embeddable":true,"href":"https:\/\/sinasefesm.com\/index.php\/wp-json\/wp\/v2\/users\/5"}],"replies":[{"embeddable":true,"href":"https:\/\/sinasefesm.com\/index.php\/wp-json\/wp\/v2\/comments?post=5917"}],"version-history":[{"count":0,"href":"https:\/\/sinasefesm.com\/index.php\/wp-json\/wp\/v2\/posts\/5917\/revisions"}],"wp:featuredmedia":[{"embeddable":true,"href":"https:\/\/sinasefesm.com\/index.php\/wp-json\/wp\/v2\/media\/5919"}],"wp:attachment":[{"href":"https:\/\/sinasefesm.com\/index.php\/wp-json\/wp\/v2\/media?parent=5917"}],"wp:term":[{"taxonomy":"category","embeddable":true,"href":"https:\/\/sinasefesm.com\/index.php\/wp-json\/wp\/v2\/categories?post=5917"},{"taxonomy":"post_tag","embeddable":true,"href":"https:\/\/sinasefesm.com\/index.php\/wp-json\/wp\/v2\/tags?post=5917"}],"curies":[{"name":"wp","href":"https:\/\/api.w.org\/{rel}","templated":true}]}}