{"id":5921,"date":"2023-04-15T00:10:09","date_gmt":"2023-04-15T00:10:09","guid":{"rendered":"https:\/\/sinasefesm.com\/?p=5921"},"modified":"2023-04-15T00:10:09","modified_gmt":"2023-04-15T00:10:09","slug":"comissao-eleitoral-divulga-regimento-e-calendario-do-pleito-a-direcao-do-sinasefe-santa-maria","status":"publish","type":"post","link":"https:\/\/sinasefesm.com\/index.php\/2023\/04\/15\/comissao-eleitoral-divulga-regimento-e-calendario-do-pleito-a-direcao-do-sinasefe-santa-maria\/","title":{"rendered":"Comiss\u00e3o Eleitoral divulga regimento do pleito \u00e0 dire\u00e7\u00e3o do Sinasefe Santa Maria"},"content":{"rendered":"\n<p>No dia 5 de maio, das 9h \u00e0s 16h, ocorre, na sede do Sinasefe Santa Maria, a elei\u00e7\u00e3o que definir\u00e1 a pr\u00f3xima diretoria da se\u00e7\u00e3o sindical, respons\u00e1vel por coordenar a entidade no bi\u00eanio 2023-2025. O regimento eleitoral, que estabelece qual deve ser a composi\u00e7\u00e3o da diretoria, os crit\u00e9rios para servidores\/as que queiram integrar uma chapa e as datas do calend\u00e1rio eleitoral, foi aprovado no \u00faltimo dia 12 de abril pela Comiss\u00e3o Eleitoral Local (CEL).<\/p>\n\n\n\n<p>Presidida pelo professor Marco Aur\u00e9lio Bandeira, a comiss\u00e3o \u00e9 composta, tamb\u00e9m, pelos professores Leandro Silveira Ferreira e Lurdes Maria Laporta.<\/p>\n\n\n\n<p>Segundo o calend\u00e1rio definido, as chapas devem ser inscritas na sede do sindicato (Avenida Rio Branco, 601, sala 01\/02) no dia 3 de maio, das 14h \u00e0s 17h. J\u00e1 o dia para pedidos de impugna\u00e7\u00e3o \u00e9 5 de maio, das 14h \u00e0s 16h, tamb\u00e9m na sede.<\/p>\n\n\n\n<h2 class=\"wp-block-heading\">Sobre a vota\u00e7\u00e3o<\/h2>\n\n\n\n<p>Podem votar nas elei\u00e7\u00f5es \u00e0 dire\u00e7\u00e3o do Sinasefe Santa Maria docentes e t\u00e9cnico-administrativos em educa\u00e7\u00e3o filiados \u00e0 entidade e em dia com suas contribui\u00e7\u00f5es e obriga\u00e7\u00f5es estatut\u00e1rias. Das 9h \u00e0s 16h do dia 9 de maio, na sede do sindicato, as e os servidores aptos a votar devem apresentar documento de identifica\u00e7\u00e3o com foto e registrar seu voto em uma c\u00e9dula, n\u00e3o sendo permitido o voto por procura\u00e7\u00e3o. No momento de votar, muita aten\u00e7\u00e3o: ser\u00e3o anuladas as c\u00e9dulas que registrem votos em mais de uma chapa, apresentem rasuras ou anota\u00e7\u00f5es e n\u00e3o estiverem devidamente rubricadas.<\/p>\n\n\n\n<p>A apura\u00e7\u00e3o ocorrer\u00e1 no mesmo dia e ser\u00e1 realizada pela CEL, permitindo a presen\u00e7a de um fiscal de cada chapa. O resultado ser\u00e1 divulgado imediatamente no site e redes sociais do sindicato, bem como via email e na sede da entidade.<\/p>\n\n\n\n<p>A chapa eleita ser\u00e1 empossada no dia 12 de maio, na sede sindical, \u00e0s 15h.<\/p>\n\n\n\n<p>Leia, abaixo, o regimento completo e os documentos necess\u00e1rios \u00e0s inscri\u00e7\u00f5es de chapas. Cabe lembrar que o pleito tamb\u00e9m eleger\u00e1 o novo Conselho Fiscal da entidade. Quaisquer d\u00favidas, escreva para sinasefesm@gmail.com.<\/p>\n\n\n\n<div data-wp-interactive=\"core\/file\" class=\"wp-block-file\"><object data-wp-bind--hidden=\"!state.hasPdfPreview\" hidden class=\"wp-block-file__embed\" data=\"https:\/\/sinasefesm.com\/wp-content\/uploads\/2023\/04\/Regimento-Eleitoral-2023-1.pdf\" type=\"application\/pdf\" style=\"width:100%;height:600px\" aria-label=\"Incorporado de Regimento-Eleitoral-2023-1.\"><\/object><a id=\"wp-block-file--media-f3fe6a91-42cc-4fc6-976c-88e033f4607a\" href=\"https:\/\/sinasefesm.com\/wp-content\/uploads\/2023\/04\/Regimento-Eleitoral-2023-1.pdf\">Regimento-Eleitoral-2023-1<\/a><a href=\"https:\/\/sinasefesm.com\/wp-content\/uploads\/2023\/04\/Regimento-Eleitoral-2023-1.pdf\" class=\"wp-block-file__button wp-element-button\" download aria-describedby=\"wp-block-file--media-f3fe6a91-42cc-4fc6-976c-88e033f4607a\">Baixar<\/a><\/div>\n","protected":false},"excerpt":{"rendered":"<p>No dia 5 de maio, das 9h \u00e0s 16h, ocorre, na sede do Sinasefe Santa Maria, a elei\u00e7\u00e3o que definir\u00e1 a pr\u00f3xima diretoria da se\u00e7\u00e3o sindical, respons\u00e1vel por coordenar a entidade no bi\u00eanio 2023-2025. O regimento eleitoral, que estabelece qual deve ser a composi\u00e7\u00e3o da diretoria, os crit\u00e9rios para servidores\/as que queiram integrar uma chapa<\/p>\n","protected":false},"author":3,"featured_media":5923,"comment_status":"closed","ping_status":"closed","sticky":false,"template":"","format":"standard","meta":{"footnotes":""},"categories":[37,42,45],"tags":[],"class_list":{"0":"post-5921","1":"post","2":"type-post","3":"status-publish","4":"format-standard","5":"has-post-thumbnail","7":"category-destaque","8":"category-noticia","9":"category-sindicato"},"_links":{"self":[{"href":"https:\/\/sinasefesm.com\/index.php\/wp-json\/wp\/v2\/posts\/5921","targetHints":{"allow":["GET"]}}],"collection":[{"href":"https:\/\/sinasefesm.com\/index.php\/wp-json\/wp\/v2\/posts"}],"about":[{"href":"https:\/\/sinasefesm.com\/index.php\/wp-json\/wp\/v2\/types\/post"}],"author":[{"embeddable":true,"href":"https:\/\/sinasefesm.com\/index.php\/wp-json\/wp\/v2\/users\/3"}],"replies":[{"embeddable":true,"href":"https:\/\/sinasefesm.com\/index.php\/wp-json\/wp\/v2\/comments?post=5921"}],"version-history":[{"count":0,"href":"https:\/\/sinasefesm.com\/index.php\/wp-json\/wp\/v2\/posts\/5921\/revisions"}],"wp:featuredmedia":[{"embeddable":true,"href":"https:\/\/sinasefesm.com\/index.php\/wp-json\/wp\/v2\/media\/5923"}],"wp:attachment":[{"href":"https:\/\/sinasefesm.com\/index.php\/wp-json\/wp\/v2\/media?parent=5921"}],"wp:term":[{"taxonomy":"category","embeddable":true,"href":"https:\/\/sinasefesm.com\/index.php\/wp-json\/wp\/v2\/categories?post=5921"},{"taxonomy":"post_tag","embeddable":true,"href":"https:\/\/sinasefesm.com\/index.php\/wp-json\/wp\/v2\/tags?post=5921"}],"curies":[{"name":"wp","href":"https:\/\/api.w.org\/{rel}","templated":true}]}}