{"id":5931,"date":"2023-04-25T22:53:01","date_gmt":"2023-04-25T22:53:01","guid":{"rendered":"https:\/\/sinasefesm.com\/?p=5931"},"modified":"2023-04-25T22:53:01","modified_gmt":"2023-04-25T22:53:01","slug":"sinasefe-santa-maria-participara-do-1o-encontro-de-formacao-de-dirigentes-financeiros","status":"publish","type":"post","link":"https:\/\/sinasefesm.com\/index.php\/2023\/04\/25\/sinasefe-santa-maria-participara-do-1o-encontro-de-formacao-de-dirigentes-financeiros\/","title":{"rendered":"Sinasefe Santa Maria participar\u00e1 do 1\u00ba Encontro de Forma\u00e7\u00e3o de Dirigentes Financeiros"},"content":{"rendered":"\n<p>Nos dias 29 e 30 de abril, o Sinasefe Nacional promover\u00e1 o 1\u00b0 Encontro de Forma\u00e7\u00e3o de Dirigentes Financeiros(as), em formato h\u00edbrido: via aplicativo Zoom e presencialmente em Bras\u00edlia-DF, no Hotel San Marco. Como tem\u00e1tica, o evento abordar\u00e1 os \u201cdesafios presentes na gest\u00e3o para a boa utiliza\u00e7\u00e3o dos recursos dos sindicatos\u201d, contando com o Departamento Intersindical de Estat\u00edsticas e Estudos Socioecon\u00f4micos (DIEESE) para ministrar a pauta. Em nome da se\u00e7\u00e3o sindical santa-mariense, o Tesoureiro Geral, Cl\u00e1udio Kelling, participar\u00e1 do Encontro de modo remoto.<\/p>\n\n\n\n<p>Quem ministrar\u00e1 a forma\u00e7\u00e3o ser\u00e1 o economista catarinense e doutor em Ci\u00eancias Humanas pela UFSC, Jos\u00e9 \u00c1lvaro de Lima Cardoso. Ele tamb\u00e9m trabalha no DIEESE, institui\u00e7\u00e3o que presta servi\u00e7os de assessoria, pesquisa e educa\u00e7\u00e3o para os sindicatos brasileiros, desde 1989. Somado a isso, \u00e9 autor de in\u00fameros artigos sobre reestrutura\u00e7\u00e3o produtiva e tecnol\u00f3gica, mercado de trabalho, jornada de trabalho, conjuntura econ\u00f4mica, blocos econ\u00f4micos, desindustrializa\u00e7\u00e3o e outros temas de interesse dos trabalhadores e da sociedade brasileira em geral.&nbsp;<\/p>\n\n\n\n<p>Publicou, em 2004, o livro \u201cReestrutura\u00e7\u00e3o Produtiva e Mudan\u00e7as no Mundo do Trabalho: um olhar sobre os setores t\u00eaxtil e aliment\u00edcio\u201d. Entre 2018 e 2022 publicou cinco livros sobre o golpe de 2016, sendo que, em mar\u00e7o de 2022, lan\u00e7ou a obra mais recente, \u201cSaldo do Golpe de 2016: explos\u00e3o da mis\u00e9ria e a espolia\u00e7\u00e3o do Brasil\u201d. Atualmente est\u00e1 realizando p\u00f3s-doutorado na UFSC, no curso de Servi\u00e7o Social, na \u00c1rea de Conhecimento: Ci\u00eancias Sociais e Mundo do Trabalho.<\/p>\n\n\n\n<p class=\"has-large-font-size\"><strong>Inscri\u00e7\u00e3o<\/strong><\/p>\n\n\n\n<p>Aos interessados em acompanhar o evento \u00e0 dist\u00e2ncia, ainda \u00e9 poss\u00edvel realizar inscri\u00e7\u00e3o por meio do e-mail <a href=\"mailto:administrativo@sinasefe.org.br\">administrativo@sinasefe.org.br<\/a>, at\u00e9 quinta-feira, dia 27. Para validar a inscri\u00e7\u00e3o, \u00e9 preciso informar: nome completo, se\u00e7\u00e3o sindical, sexo, data de nascimento, CPF, e-mail pessoal, telefone e endere\u00e7o com CEP. Tais informa\u00e7\u00f5es devem estar completas para que os certificados de Curso de Extens\u00e3o sejam emitidos pela Escola DIESSE de Ci\u00eancias do Trabalho. Os documentos ser\u00e3o enviados por e-mail e correspondentes \u00e0 carga hor\u00e1ria que o aluno participou.&nbsp;<\/p>\n\n\n\n<p>Caso queira participar de forma presencial, ainda \u00e9 necess\u00e1rio preencher o <a href=\"https:\/\/sinasefe.org.br\/site\/download\/formulario-de-eventos-do-sinasefe-2023\/\">formul\u00e1rio de eventos<\/a> do Sinasefe.<\/p>\n\n\n\n<p class=\"has-large-font-size\"><strong>Programa\u00e7\u00e3o<\/strong><\/p>\n\n\n\n<p><strong>29\/04 (S\u00e1bado)<\/strong><\/p>\n\n\n\n<p>9h \u2013 Acolhimento e apresenta\u00e7\u00e3o;<\/p>\n\n\n\n<p>10h \u00e0s 11h \u2013 Apresenta\u00e7\u00e3o da Coordena\u00e7\u00e3o de Administra\u00e7\u00e3o e Finan\u00e7as (CAF) e do setor financeiro da Dire\u00e7\u00e3o Nacional (Diego Rodolfo, Denilza Frade, Rita Gil), Elisabeth Barros (contadora), Clebivan e L\u00facia (funcion\u00e1rios);<\/p>\n\n\n\n<p>11h \u00e0s 12h \u2013 Debate para perguntas, esclarecimentos de d\u00favidas e elucida\u00e7\u00f5es;<\/p>\n\n\n\n<p>12h \u00e0s 13h30 \u2013&nbsp; Almo\u00e7o;<\/p>\n\n\n\n<p>13h30 \u00e0s 15h \u2013 Levantamento da situa\u00e7\u00e3o financeira das se\u00e7\u00f5es sindicais (divis\u00e3o em cinco grupos), apresentar no final os principais gargalos (crises geradoras), impactos para a luta sindical;<\/p>\n\n\n\n<p>15h \u00e0s 15h30 \u2013 Lanche;<\/p>\n\n\n\n<p>15h30 \u00e0s 17h \u2013 Apresenta\u00e7\u00e3o e compartilhamento para o grup\u00e3o. Cada representante do grupo vai eleger uma das crises geradoras levantadas na discuss\u00e3o para apresentar sa\u00eddas exequ\u00edveis.<\/p>\n\n\n\n<p><strong>30\/0 &#8211; (Domingo)<\/strong><\/p>\n\n\n\n<p>9h \u00e0s 9h30 \u2013 An\u00e1lise de conjuntura e cen\u00e1rio futuro;<\/p>\n\n\n\n<p>9h30 \u00e0s 10h30 \u2013 Levantamento de perspectivas tra\u00e7adas no dia anterior e o Sindicato do Futuro;<\/p>\n\n\n\n<p>10h30 \u00e0s 11h30 \u2013 A rela\u00e7\u00e3o com a categoria\/Financiamento\/ Arrecada\u00e7\u00e3o, Rela\u00e7\u00f5es pol\u00edticas\/institucionais, Administra\u00e7\u00e3o sindical\/Rela\u00e7\u00f5es de trabalho;<\/p>\n\n\n\n<p>11h30 \u00e0s 12h30 \u2013 Gest\u00e3o financeira e a capacita\u00e7\u00e3o da dire\u00e7\u00e3o;<\/p>\n\n\n\n<p>12h30 \u00e0s 13h \u2013 Leitura da Carta para compor as principais diretrizes financeiras do SINASEFE.<\/p>\n\n\n\n<hr class=\"wp-block-separator has-alpha-channel-opacity\"\/>\n\n\n\n<p><em>Texto: Laurent Keller<\/em><\/p>\n\n\n\n<p><em>Imagem: Sinasefe Nacional<\/em><\/p>\n\n\n\n<p><em>Edi\u00e7\u00e3o: Bruna Homrich<\/em><\/p>\n","protected":false},"excerpt":{"rendered":"<p>Nos dias 29 e 30 de abril, o Sinasefe Nacional promover\u00e1 o 1\u00b0 Encontro de Forma\u00e7\u00e3o de Dirigentes Financeiros(as), em formato h\u00edbrido: via aplicativo Zoom e presencialmente em Bras\u00edlia-DF, no Hotel San Marco. Como tem\u00e1tica, o evento abordar\u00e1 os \u201cdesafios presentes na gest\u00e3o para a boa utiliza\u00e7\u00e3o dos recursos dos sindicatos\u201d, contando com o Departamento<\/p>\n","protected":false},"author":5,"featured_media":5932,"comment_status":"closed","ping_status":"closed","sticky":false,"template":"","format":"standard","meta":{"footnotes":""},"categories":[37,39,42],"tags":[121],"class_list":{"0":"post-5931","1":"post","2":"type-post","3":"status-publish","4":"format-standard","5":"has-post-thumbnail","7":"category-destaque","8":"category-eventos","9":"category-noticia","10":"tag-encontro-de-formacao-de-dirigentes-financeiros"},"_links":{"self":[{"href":"https:\/\/sinasefesm.com\/index.php\/wp-json\/wp\/v2\/posts\/5931","targetHints":{"allow":["GET"]}}],"collection":[{"href":"https:\/\/sinasefesm.com\/index.php\/wp-json\/wp\/v2\/posts"}],"about":[{"href":"https:\/\/sinasefesm.com\/index.php\/wp-json\/wp\/v2\/types\/post"}],"author":[{"embeddable":true,"href":"https:\/\/sinasefesm.com\/index.php\/wp-json\/wp\/v2\/users\/5"}],"replies":[{"embeddable":true,"href":"https:\/\/sinasefesm.com\/index.php\/wp-json\/wp\/v2\/comments?post=5931"}],"version-history":[{"count":0,"href":"https:\/\/sinasefesm.com\/index.php\/wp-json\/wp\/v2\/posts\/5931\/revisions"}],"wp:featuredmedia":[{"embeddable":true,"href":"https:\/\/sinasefesm.com\/index.php\/wp-json\/wp\/v2\/media\/5932"}],"wp:attachment":[{"href":"https:\/\/sinasefesm.com\/index.php\/wp-json\/wp\/v2\/media?parent=5931"}],"wp:term":[{"taxonomy":"category","embeddable":true,"href":"https:\/\/sinasefesm.com\/index.php\/wp-json\/wp\/v2\/categories?post=5931"},{"taxonomy":"post_tag","embeddable":true,"href":"https:\/\/sinasefesm.com\/index.php\/wp-json\/wp\/v2\/tags?post=5931"}],"curies":[{"name":"wp","href":"https:\/\/api.w.org\/{rel}","templated":true}]}}