{"id":5949,"date":"2023-04-28T20:47:31","date_gmt":"2023-04-28T20:47:31","guid":{"rendered":"https:\/\/sinasefesm.com\/?p=5949"},"modified":"2023-04-28T20:47:31","modified_gmt":"2023-04-28T20:47:31","slug":"governo-sanciona-reajuste-do-funcionalismo-publico","status":"publish","type":"post","link":"https:\/\/sinasefesm.com\/index.php\/2023\/04\/28\/governo-sanciona-reajuste-do-funcionalismo-publico\/","title":{"rendered":"Governo sanciona reajuste do funcionalismo p\u00fablico"},"content":{"rendered":"\n<p> Uma importante vit\u00f3ria foi conquistada nesta sexta-feira, 28 de abril. Em cerim\u00f4nia realizada no Pal\u00e1cio do Planalto, o governo sancionou o PLN n\u00ba 2\/2023, que permite a implementa\u00e7\u00e3o do reajuste emergencial de 9% \u00e0s servidoras e servidores p\u00fablicos federais. O novo valor passar\u00e1 a integrar a folha de pagamento a partir deste 1\u00ba maio, de forma que o funcionalismo receber\u00e1 os sal\u00e1rios reajustados em junho.<\/p>\n\n\n\n<p>A coordenadora geral do SINASEFE, Elenira Vilela, representou as mulheres sindicalistas na mesa da cerim\u00f4nia. &#8220;Nossa vit\u00f3ria est\u00e1 lavrada, assinada e documentada: vamos ter o reajuste no dia 1\u00ba de junho. Ainda h\u00e1 muito o que se conquistar, mas hoje tivemos uma grande vit\u00f3ria&#8221;, destaca Elenira.<\/p>\n\n\n<div class=\"wp-block-image is-style-default\">\n<figure class=\"alignleft size-full is-resized\"><img fetchpriority=\"high\" decoding=\"async\" src=\"https:\/\/sinasefesm.com\/wp-content\/uploads\/2023\/04\/343654347_259974176460737_8231022770932162690_n.jpg\" alt=\"\" class=\"wp-image-5952\" width=\"568\" height=\"365\"\/><\/figure><\/div>\n\n\n<p>O PLN foi aprovado por deputados e senadores em uma sess\u00e3o conjunta do Congresso Nacional na \u00faltima quarta-feira, 26, ap\u00f3s dois dias de intensa press\u00e3o das entidades representativas de classe. Nas \u00faltimas semanas, o Sinasefe e os demais sindicatos integrantes do Fonasefe (F\u00f3rum das Entidades Nacionais de Servidores P\u00fablicos Federais) conversaram com deputados federais, senadores e assessorias parlamentares visando a conseguir apoio e votos para o PLN do reajuste.<\/p>\n\n\n\n<p>Tanto o reajuste salarial quanto o aumento de R$ 200 no aux\u00edlio alimenta\u00e7\u00e3o foram acordados em mesa de negocia\u00e7\u00e3o entre as e os servidores p\u00fablicos e o governo federal. Cabe destacar que, h\u00e1 anos, o funcionalismo p\u00fablico luta por reajuste, e que durante os quatro anos de governo Bolsonaro n\u00e3o foi implementada sequer uma mesa de negocia\u00e7\u00e3o.<\/p>\n\n\n\n<p>A mobiliza\u00e7\u00e3o, agora, \u00e9 para garantir mais espa\u00e7o na Lei Or\u00e7ament\u00e1ria Anual (LOA) de 2024, a fim de viabilizar um \u00edndice maior de reajuste no pr\u00f3ximo ano, uma vez que a infla\u00e7\u00e3o corroeu de forma contundente os sal\u00e1rios.<\/p>\n","protected":false},"excerpt":{"rendered":"<p>Uma importante vit\u00f3ria foi conquistada nesta sexta-feira, 28 de abril. Em cerim\u00f4nia realizada no Pal\u00e1cio do Planalto, o governo sancionou o PLN n\u00ba 2\/2023, que permite a implementa\u00e7\u00e3o do reajuste emergencial de 9% \u00e0s servidoras e servidores p\u00fablicos federais. O novo valor passar\u00e1 a integrar a folha de pagamento a partir deste 1\u00ba maio, de<\/p>\n","protected":false},"author":3,"featured_media":5950,"comment_status":"closed","ping_status":"closed","sticky":false,"template":"","format":"standard","meta":{"footnotes":""},"categories":[37,42,45],"tags":[],"class_list":{"0":"post-5949","1":"post","2":"type-post","3":"status-publish","4":"format-standard","5":"has-post-thumbnail","7":"category-destaque","8":"category-noticia","9":"category-sindicato"},"_links":{"self":[{"href":"https:\/\/sinasefesm.com\/index.php\/wp-json\/wp\/v2\/posts\/5949","targetHints":{"allow":["GET"]}}],"collection":[{"href":"https:\/\/sinasefesm.com\/index.php\/wp-json\/wp\/v2\/posts"}],"about":[{"href":"https:\/\/sinasefesm.com\/index.php\/wp-json\/wp\/v2\/types\/post"}],"author":[{"embeddable":true,"href":"https:\/\/sinasefesm.com\/index.php\/wp-json\/wp\/v2\/users\/3"}],"replies":[{"embeddable":true,"href":"https:\/\/sinasefesm.com\/index.php\/wp-json\/wp\/v2\/comments?post=5949"}],"version-history":[{"count":0,"href":"https:\/\/sinasefesm.com\/index.php\/wp-json\/wp\/v2\/posts\/5949\/revisions"}],"wp:featuredmedia":[{"embeddable":true,"href":"https:\/\/sinasefesm.com\/index.php\/wp-json\/wp\/v2\/media\/5950"}],"wp:attachment":[{"href":"https:\/\/sinasefesm.com\/index.php\/wp-json\/wp\/v2\/media?parent=5949"}],"wp:term":[{"taxonomy":"category","embeddable":true,"href":"https:\/\/sinasefesm.com\/index.php\/wp-json\/wp\/v2\/categories?post=5949"},{"taxonomy":"post_tag","embeddable":true,"href":"https:\/\/sinasefesm.com\/index.php\/wp-json\/wp\/v2\/tags?post=5949"}],"curies":[{"name":"wp","href":"https:\/\/api.w.org\/{rel}","templated":true}]}}