{"id":5955,"date":"2023-05-02T22:45:31","date_gmt":"2023-05-02T22:45:31","guid":{"rendered":"https:\/\/sinasefesm.com\/?p=5955"},"modified":"2023-05-02T22:45:31","modified_gmt":"2023-05-02T22:45:31","slug":"comunidade-celebra-dia-dos-trabalhadores-e-das-trabalhadoras-com-manifestacao","status":"publish","type":"post","link":"https:\/\/sinasefesm.com\/index.php\/2023\/05\/02\/comunidade-celebra-dia-dos-trabalhadores-e-das-trabalhadoras-com-manifestacao\/","title":{"rendered":"Comunidade celebra dia dos trabalhadores e das trabalhadoras com manifesta\u00e7\u00e3o"},"content":{"rendered":"\n<p>Na manh\u00e3 desta segunda-feira, 1\u00b0 de maio, entidades sindicais e estudantis se juntaram \u00e0 comunidade da Esta\u00e7\u00e3o dos Ventos, no KM3, para celebrar o dia dos trabalhadores e das trabalhadoras. Durante o ato, que ocorreu na Cozinha Comunit\u00e1ria da regi\u00e3o, houve interven\u00e7\u00f5es art\u00edsticas, falas de representantes de movimentos sociais e almo\u00e7o comunit\u00e1rio.<\/p>\n\n\n\n<p>Originalmente, o 1\u00ba de maio surgiu a partir de uma greve oper\u00e1ria, ocorrida em 1886 nos Estados Unidos, que tinha como objetivo alcan\u00e7ar melhores condi\u00e7\u00f5es de trabalho. O movimento ganhou for\u00e7a rapidamente, resultando em milh\u00f5es de cidad\u00e3os protestando nas ruas. Contudo, o que come\u00e7ou de forma pac\u00edfica logo se transformou em uma situa\u00e7\u00e3o ca\u00f3tica, com repress\u00e3o policial contra os manifestantes, que apenas estavam lutando por melhorias no trabalho.&nbsp;<\/p>\n\n\n\n<p>Anos depois, a data de in\u00edcio da greve tornou-se s\u00edmbolo da luta por direitos trabalhistas em todo o mundo e, ainda hoje, deve ser relembrada, como comenta o Presidente da Sedufsm, Asc\u00edsio Pereira: <em>\u2018\u2019a grande m\u00eddia sempre trabalha com a perspectiva de dia do trabalho, mas a gente tem que desconstruir essa ideia e insistir em dizer que hoje \u00e9 o dia dos trabalhadores e das trabalhadoras, porque somos n\u00f3s que constru\u00edmos a estrutura e a riqueza do nosso pa\u00eds e do mundo. Por isso, hoje o dia \u00e9 de luta, de comemora\u00e7\u00e3o da nossa hist\u00f3ria e da nossa presen\u00e7a no mundo, da nossa resist\u00eancia enquanto classe trabalhadora.\u2019\u2019<\/em><\/p>\n\n\n\n<figure class=\"wp-block-image size-full\"><img decoding=\"async\" src=\"https:\/\/sinasefesm.com\/wp-content\/uploads\/2023\/05\/image-2.png\" alt=\"\" class=\"wp-image-5958\"\/><\/figure>\n\n\n\n<p>No mesmo sentido, falaram representantes da Assufsm, do Diret\u00f3rio Central dos e das Estudantes (DCE), do Coletivo Juntos, dentre outros. Somado a estas falas, o artista Pitto Foliatti fez uma apresenta\u00e7\u00e3o musical durante o ato, e o Levante Popular da Juventude realizou uma batucada. Ao final das atividades, o churrasco de galeto foi servido \u00e0 comunidade local.<\/p>\n\n\n\n<figure class=\"wp-block-image size-full\"><img decoding=\"async\" src=\"https:\/\/sinasefesm.com\/wp-content\/uploads\/2023\/05\/image-1.png\" alt=\"\" class=\"wp-image-5957\"\/><\/figure>\n\n\n\n<figure class=\"wp-block-image size-full\"><img decoding=\"async\" src=\"https:\/\/sinasefesm.com\/wp-content\/uploads\/2023\/05\/image.png\" alt=\"\" class=\"wp-image-5956\"\/><\/figure>\n\n\n\n<p>Para al\u00e9m do 1\u00ba de maio, o Sinasefe refor\u00e7a a import\u00e2ncia de se somar \u00e0s lutas trabalhistas ao longo de todo o ano, pois \u00e9 somente por meio do movimento popular que conquistaremos e manteremos nossos direitos.<\/p>\n\n\n\n<hr class=\"wp-block-separator has-alpha-channel-opacity\"\/>\n\n\n\n<p><em>Texto e imagens: Laurent Keller<\/em><\/p>\n\n\n\n<p><em>Edi\u00e7\u00e3o: Bruna Homrich<\/em><\/p>\n","protected":false},"excerpt":{"rendered":"<p>Na manh\u00e3 desta segunda-feira, 1\u00b0 de maio, entidades sindicais e estudantis se juntaram \u00e0 comunidade da Esta\u00e7\u00e3o dos Ventos, no KM3, para celebrar o dia dos trabalhadores e das trabalhadoras. Durante o ato, que ocorreu na Cozinha Comunit\u00e1ria da regi\u00e3o, houve interven\u00e7\u00f5es art\u00edsticas, falas de representantes de movimentos sociais e almo\u00e7o comunit\u00e1rio. Originalmente, o 1\u00ba<\/p>\n","protected":false},"author":5,"featured_media":5959,"comment_status":"closed","ping_status":"closed","sticky":false,"template":"","format":"standard","meta":{"footnotes":""},"categories":[37,39,42],"tags":[104,160],"class_list":{"0":"post-5955","1":"post","2":"type-post","3":"status-publish","4":"format-standard","5":"has-post-thumbnail","7":"category-destaque","8":"category-eventos","9":"category-noticia","10":"tag-dia-do-trabalhador","11":"tag-km3"},"_links":{"self":[{"href":"https:\/\/sinasefesm.com\/index.php\/wp-json\/wp\/v2\/posts\/5955","targetHints":{"allow":["GET"]}}],"collection":[{"href":"https:\/\/sinasefesm.com\/index.php\/wp-json\/wp\/v2\/posts"}],"about":[{"href":"https:\/\/sinasefesm.com\/index.php\/wp-json\/wp\/v2\/types\/post"}],"author":[{"embeddable":true,"href":"https:\/\/sinasefesm.com\/index.php\/wp-json\/wp\/v2\/users\/5"}],"replies":[{"embeddable":true,"href":"https:\/\/sinasefesm.com\/index.php\/wp-json\/wp\/v2\/comments?post=5955"}],"version-history":[{"count":0,"href":"https:\/\/sinasefesm.com\/index.php\/wp-json\/wp\/v2\/posts\/5955\/revisions"}],"wp:featuredmedia":[{"embeddable":true,"href":"https:\/\/sinasefesm.com\/index.php\/wp-json\/wp\/v2\/media\/5959"}],"wp:attachment":[{"href":"https:\/\/sinasefesm.com\/index.php\/wp-json\/wp\/v2\/media?parent=5955"}],"wp:term":[{"taxonomy":"category","embeddable":true,"href":"https:\/\/sinasefesm.com\/index.php\/wp-json\/wp\/v2\/categories?post=5955"},{"taxonomy":"post_tag","embeddable":true,"href":"https:\/\/sinasefesm.com\/index.php\/wp-json\/wp\/v2\/tags?post=5955"}],"curies":[{"name":"wp","href":"https:\/\/api.w.org\/{rel}","templated":true}]}}