{"id":5962,"date":"2023-05-03T23:40:24","date_gmt":"2023-05-03T23:40:24","guid":{"rendered":"https:\/\/sinasefesm.com\/?p=5962"},"modified":"2023-05-03T23:40:24","modified_gmt":"2023-05-03T23:40:24","slug":"pleito-a-direcao-do-sinasefe-sm-tera-chapa-unica","status":"publish","type":"post","link":"https:\/\/sinasefesm.com\/index.php\/2023\/05\/03\/pleito-a-direcao-do-sinasefe-sm-tera-chapa-unica\/","title":{"rendered":"Pleito \u00e0 dire\u00e7\u00e3o do Sinasefe SM ter\u00e1 chapa \u00fanica"},"content":{"rendered":"\n<p>Na tarde desta quarta-feira, 3 de maio, uma chapa se inscreveu para as elei\u00e7\u00f5es que definir\u00e3o a diretoria do Sinasefe Santa Maria no bi\u00eanio 2023-2025. Intitulada &#8220;Unidade e Luta&#8221;, a chapa \u00e9 composta pelos(as) seguintes integrantes:<\/p>\n\n\n\n<p>Jos\u00e9 Ab\u00edlio Lima de Freitas (Coordenador Geral)<br>Adriana Bonum\u00e1 Bortolini (Coordenadora Geral)<br>Hazael Soranzo de Almeida (Coordenador Geral)<br>Ad\u00e3o Antonio Pillar Damasceno (Secret\u00e1rio de Carreira e Rela\u00e7\u00e3o de Trabalho)<br>Adriana Roso Lorenzoni (Secret\u00e1ria de Carreira e Rela\u00e7\u00e3o de Trabalho)<br>Deise Redin Mack (Secret\u00e1ria Geral)<br>Claudio Renato Kelling (Tesoureiro Geral)<br>M\u00f4nica Brucker Kelling (Primeira Tesoureira)<br>Mariglei Severo Maraschin (Secret\u00e1ria de Administra\u00e7\u00e3o)<br>Claudio Rodrigues do Nascimento (Secret\u00e1rio de Aposentados)<br>Miriane Costa Fonseca (Secret\u00e1ria de Comunica\u00e7\u00e3o e Forma\u00e7\u00e3o Pol\u00edtica Sindical)<br>Milton M\u00e1ximo Ferrari (Secret\u00e1rio de Assuntos Legislativos e Jur\u00eddicos)<br>Cl\u00e1udia Let\u00edcia do Amaral (Secret\u00e1ria de Pessoal)<\/p>\n\n\n\n<p>Nesta sexta-feira, 5 de maio, at\u00e9 \u00e0s 16h, poder\u00e3o ser apresentados, na sede do sindicato (Avenida Rio Branco, 601, sala 01\/02), pedidos de impugna\u00e7\u00e3o para a chapa. Na aus\u00eancia de tais solicita\u00e7\u00f5es, a chapa ser\u00e1 homologada.<\/p>\n\n\n\n<p>Lembrando que o pleito ocorre no dia <strong>9 de maio<\/strong>, das <strong>9h \u00e0s 16h<\/strong>, na <strong>sede do Sinasefe<\/strong>. Podem votar docentes e t\u00e9cnico-administrativos em educa\u00e7\u00e3o filiados \u00e0 entidade e em dia com suas atribui\u00e7\u00f5es regimentais e estatut\u00e1rias. No momento da vota\u00e7\u00e3o, basta apresentar documento de identifica\u00e7\u00e3o com foto.<\/p>\n\n\n\n<h2 class=\"wp-block-heading\">As elei\u00e7\u00f5es ainda definir\u00e3o a nova composi\u00e7\u00e3o do Conselho Fiscal, tamb\u00e9m inscrito nesta quarta, 3, e cujos candidatos s\u00e3o:<\/h2>\n\n\n\n<p>Alejandro Javier Lezcano (Conselheiro)<br>Eduardo Alves Oliveira (Conselheiro)<br>Kelly Christine Pandolfo (Conselheira)<br>Karine Noal (Suplente).<\/p>\n\n\n\n<p>Fique atento(a) \u00e0s pr\u00f3ximas informa\u00e7\u00f5es sobre as elei\u00e7\u00f5es do Sinasefe Santa Maria. Participe e fortale\u00e7a a democracia em seu sindicato.<\/p>\n","protected":false},"excerpt":{"rendered":"<p>Na tarde desta quarta-feira, 3 de maio, uma chapa se inscreveu para as elei\u00e7\u00f5es que definir\u00e3o a diretoria do Sinasefe Santa Maria no bi\u00eanio 2023-2025. Intitulada &#8220;Unidade e Luta&#8221;, a chapa \u00e9 composta pelos(as) seguintes integrantes: Jos\u00e9 Ab\u00edlio Lima de Freitas (Coordenador Geral)Adriana Bonum\u00e1 Bortolini (Coordenadora Geral)Hazael Soranzo de Almeida (Coordenador Geral)Ad\u00e3o Antonio Pillar Damasceno<\/p>\n","protected":false},"author":3,"featured_media":5969,"comment_status":"closed","ping_status":"closed","sticky":false,"template":"","format":"standard","meta":{"footnotes":""},"categories":[37,42,45],"tags":[],"class_list":{"0":"post-5962","1":"post","2":"type-post","3":"status-publish","4":"format-standard","5":"has-post-thumbnail","7":"category-destaque","8":"category-noticia","9":"category-sindicato"},"_links":{"self":[{"href":"https:\/\/sinasefesm.com\/index.php\/wp-json\/wp\/v2\/posts\/5962","targetHints":{"allow":["GET"]}}],"collection":[{"href":"https:\/\/sinasefesm.com\/index.php\/wp-json\/wp\/v2\/posts"}],"about":[{"href":"https:\/\/sinasefesm.com\/index.php\/wp-json\/wp\/v2\/types\/post"}],"author":[{"embeddable":true,"href":"https:\/\/sinasefesm.com\/index.php\/wp-json\/wp\/v2\/users\/3"}],"replies":[{"embeddable":true,"href":"https:\/\/sinasefesm.com\/index.php\/wp-json\/wp\/v2\/comments?post=5962"}],"version-history":[{"count":0,"href":"https:\/\/sinasefesm.com\/index.php\/wp-json\/wp\/v2\/posts\/5962\/revisions"}],"wp:featuredmedia":[{"embeddable":true,"href":"https:\/\/sinasefesm.com\/index.php\/wp-json\/wp\/v2\/media\/5969"}],"wp:attachment":[{"href":"https:\/\/sinasefesm.com\/index.php\/wp-json\/wp\/v2\/media?parent=5962"}],"wp:term":[{"taxonomy":"category","embeddable":true,"href":"https:\/\/sinasefesm.com\/index.php\/wp-json\/wp\/v2\/categories?post=5962"},{"taxonomy":"post_tag","embeddable":true,"href":"https:\/\/sinasefesm.com\/index.php\/wp-json\/wp\/v2\/tags?post=5962"}],"curies":[{"name":"wp","href":"https:\/\/api.w.org\/{rel}","templated":true}]}}