{"id":5977,"date":"2023-05-04T23:31:26","date_gmt":"2023-05-04T23:31:26","guid":{"rendered":"https:\/\/sinasefesm.com\/?p=5977"},"modified":"2023-05-04T23:31:26","modified_gmt":"2023-05-04T23:31:26","slug":"gt-carreira-inicia-com-discussoes-sobre-aposentadoria-e-racionalizacao-de-cargos","status":"publish","type":"post","link":"https:\/\/sinasefesm.com\/index.php\/2023\/05\/04\/gt-carreira-inicia-com-discussoes-sobre-aposentadoria-e-racionalizacao-de-cargos\/","title":{"rendered":"GT Carreira inicia com discuss\u00f5es sobre aposentadoria e racionaliza\u00e7\u00e3o de cargos"},"content":{"rendered":"\n<p>Na \u00faltima quarta-feira, 3 de maio, teve in\u00edcio, em Bras\u00edlia-DF, o GT Carreira do Sinasefe, voltado a debater quest\u00f5es relacionadas \u00e0s carreiras de docente e de t\u00e9cnico-administrativo em educa\u00e7\u00e3o, al\u00e9m de outras carreiras como PGPE e PUCRCE. O evento, que conta com atividades at\u00e9 esta sexta, 5, no San Marco Hotel, tamb\u00e9m pretende discutir acerca da situa\u00e7\u00e3o atual dos aposentados da base do Sinasefe.&nbsp;<\/p>\n\n\n\n<p>Em nome da se\u00e7\u00e3o s<a href=\"https:\/\/www.casamexicanabellevue.com\/best-human-hair-wigs-online\/\"><strong>wig stores<\/strong><\/a> <a href=\"https:\/\/wmcateringandevents.com\/\"><strong>nike air jordan black<\/strong><\/a> <a href=\"https:\/\/www.wigsoutletonline.com\/where-to-buy-good-wigs-online\/\"><strong>wig stores<\/strong><\/a> <a href=\"https:\/\/www.gluelesswigsshop.com\/\"><strong>women&#8217;s human hair wigs<\/strong><\/a> <a href=\"https:\/\/www.nikeairmax270sale.com\/nike-air-max-270-sale\/\"><strong>womens nike air max 270<\/strong><\/a> <a href=\"http:\/\/bellacocinasa.com\/jordan-1-low\/\"><strong>nike air jordan 1<\/strong><\/a> <a href=\"https:\/\/www.customjerseysbest.com\/custom-football-jerseys\/\"><strong>custom basketball jerseys<\/strong><\/a> <a href=\"https:\/\/www.iairjordansneakers.com\/nike-air-jordan-1-lost-and-found\/\"><strong>nike air jordan 1s<\/strong><\/a> <a href=\"https:\/\/www.wigsoutletonline.com\/where-to-buy-good-wigs-online\/\"><strong>wig stores<\/strong><\/a> <a href=\"https:\/\/www.fiitgonline.com\/\"><strong>custom basketball jerseys<\/strong><\/a> <a href=\"https:\/\/www.iairjordansneakers.com\/nike-air-jordan-1-lost-and-found\/\"><strong>nike air jordan 1s<\/strong><\/a> <a href=\"https:\/\/www.adidaspromocodeonline.com\/adidas-online-shop\/\"><strong>adidas ultraboost 20 sneakers stores<\/strong><\/a> <a href=\"https:\/\/www.toysadultforsale.com\/lovense-sex-toy\/\"><strong>sex toys online<\/strong><\/a> <a href=\"http:\/\/superswingsets.com\/adidas-yeezy-boost\/\"><strong>adidas yeezy boost 700<\/strong><\/a> <a href=\"https:\/\/www.cheaphumanhairwigsoutlet.com\/cheap-lace-front-wigs\/\"><strong>best human hair wigs<\/strong><\/a>indical de Santa Maria, os Coordenadores Gerais, Ab\u00edlio de Freitas e Miriane Fonseca, foram \u00e0 capital brasileira participar do encontro. Ao todo, o GT Carreira est\u00e1 reunindo 175 participantes de 51 se\u00e7\u00f5es diferentes, n\u00famero que reflete o intuito das bases de se qualificarem no debate sobre carreiras dos trabalhadores da educa\u00e7\u00e3o federal.<\/p>\n\n\n\n<figure class=\"wp-block-gallery has-nested-images columns-default is-cropped wp-block-gallery-1 is-layout-flex wp-block-gallery-is-layout-flex\">\n<figure class=\"wp-block-image size-large\"><img decoding=\"async\" data-id=\"5981\" src=\"https:\/\/sinasefesm.com\/wp-content\/uploads\/2023\/05\/e99eaf17-5aa4-4953-83a9-1fccbaa3dcea.jpg\" alt=\"\" class=\"wp-image-5981\"\/><\/figure>\n\n\n\n<figure class=\"wp-block-image size-large\"><img decoding=\"async\" data-id=\"5982\" src=\"https:\/\/sinasefesm.com\/wp-content\/uploads\/2023\/05\/a7a7f7b9-0aee-4e68-a115-862db78bd6ef.jpg\" alt=\"\" class=\"wp-image-5982\"\/><\/figure>\n<\/figure>\n\n\n\n<p class=\"has-medium-font-size\"><strong>Abertura do evento<\/strong>&nbsp;<\/p>\n\n\n\n<p>Para dar in\u00edcio \u00e0s atividades, houve uma mesa de abertura oficial do GT, em que o Coordenador Geral do Sinasefe, David Lob\u00e3o, esteve presente, em conjunto com a Coordena\u00e7\u00e3o de Pessoal, composta por: Antonildo Pereira (docentes), Lucr\u00e9cia Iacovini (t\u00e9cnico-administrativos) e Odemir Vieira (aposentados).<\/p>\n\n\n\n<p>Lob\u00e3o comentou sobre o hist\u00f3rico de luta dos servidores federais em defesa do reajuste emergencial de 9%, <a href=\"https:\/\/sinasefesm.com\/governo-sanciona-reajuste-do-funcionalismo-publico\/\">sancionado pelo governo no \u00faltimo dia 28<\/a>. Somado a isso, o Coordenador exp\u00f4s que a pr\u00f3xima grande luta do Sinasefe ser\u00e1 em torno da reestrutura\u00e7\u00e3o de carreiras, haja vista que ainda n\u00e3o houve por parte do governo a abertura da Mesa de Negocia\u00e7\u00f5es Setoriais, contadas pelo Fonasefe. Tamb\u00e9m pensando em medidas futuras, a Coordenadora de Pessoal T\u00e9cnico-Administrativo, Lucr\u00e9cia Lacovino, enfatizou a necessidade de defesa de uma Carreira \u00danica, visando a constru\u00e7\u00e3o de um plano de carreira que atenda t\u00e9cnicos, professores e servidores aposentados, pois \u201c<em>uma carreira bem sedimentada n\u00e3o precisa andar de pires na m\u00e3o<\/em>.\u201d&nbsp;<\/p>\n\n\n\n<p>J\u00e1 o Coordenador de Pessoal Aposentado, Odemir Vieira, ressaltou as dificuldades ligadas \u00e0s lutas dos aposentados e relembrou uma das a\u00e7\u00f5es recentes da coordena\u00e7\u00e3o, que foi a publica\u00e7\u00e3o da <a href=\"https:\/\/sinasefesm.com\/wagner-advogados-lanca-cartilha-sobre-aposentadoria-e-pensao-para-servidores-publicos\/\">Cartilha de Regras para Aposentadoria e Pens\u00e3o no Servi\u00e7o P\u00fablico<\/a>, produzida pela Assessoria Jur\u00eddica Nacional (AJN), por solicita\u00e7\u00e3o do sindicato.&nbsp;<\/p>\n\n\n\n<figure class=\"wp-block-gallery has-nested-images columns-default is-cropped wp-block-gallery-2 is-layout-flex wp-block-gallery-is-layout-flex\">\n<figure class=\"wp-block-image size-large\"><img decoding=\"async\" data-id=\"5980\" src=\"https:\/\/sinasefesm.com\/wp-content\/uploads\/2023\/05\/IMG_3808-600x400-1.jpg\" alt=\"\" class=\"wp-image-5980\"\/><figcaption class=\"wp-element-caption\">David Lob\u00e3o<\/figcaption><\/figure>\n\n\n\n<figure class=\"wp-block-image size-large\"><img decoding=\"async\" data-id=\"5979\" src=\"https:\/\/sinasefesm.com\/wp-content\/uploads\/2023\/05\/IMG_3825-600x400-1.jpg\" alt=\"\" class=\"wp-image-5979\"\/><figcaption class=\"wp-element-caption\">Odemir Vieira<\/figcaption><\/figure>\n<\/figure>\n\n\n\n<p class=\"has-medium-font-size\"><strong>Primeira mesa: hist\u00f3rico sobre as reestrutura\u00e7\u00f5es das carreiras<\/strong><\/p>\n\n\n\n<p>O foco da primeira mesa do GT Carreira foi dialogar sobre o hist\u00f3rico das reestrutura\u00e7\u00f5es de carreira, ocorridas com o PCCTAE e EBTT, as escolas vinculadas ao Minist\u00e9rio da Defesa e os ex-Territ\u00f3rios. Contribuindo com essa conversa, estavam presentes: Amauri Garcia (Sinasefe CMRJ), Euza Raquel (CND), Fl\u00e1via Takahashi (2\u00aa suplente da DN e CND), Fl\u00e1vio Barbosa (CNS), Raimundo da Concei\u00e7\u00e3o (CNS) e William Carvalho (CNS).&nbsp;<\/p>\n\n\n\n<p>Nesse sentido, William Carvalho exp\u00f4s todo o processo de luta do Sinasefe em prol de uma carreira digna para os servidores, trazendo informa\u00e7\u00f5es de a\u00e7\u00f5es feitas desde 1988 at\u00e9 os dias atuais, com o objetivo de demonstrar que as atuais conquistas dos t\u00e9cnicos e docentes s\u00e3o fruto de todo um hist\u00f3rico de movimenta\u00e7\u00f5es protagonizadas pelo sindicado.<\/p>\n\n\n\n<p>Em seguida, o membro da CNS, Fl\u00e1vio Barbosa, e a Diretora Suplente da DN e membro da CND, Fl\u00e1via Takahashi, destacaram os desservi\u00e7os feitos pelos \u00faltimos governos de Temer e Bolsonaro em rela\u00e7\u00e3o tanto \u00e0 transposi\u00e7\u00e3o dos TAEs vinculados ao Minist\u00e9rio da Defesa da carreira PGPE para a carreira PCCTAE; quanto ao descaso do governo com os servidores dos ex-Territ\u00f3rios Federais (Roraima, Amap\u00e1 e Fernando de Noronha).&nbsp;<\/p>\n\n\n\n<figure class=\"wp-block-gallery has-nested-images columns-default is-cropped wp-block-gallery-3 is-layout-flex wp-block-gallery-is-layout-flex\">\n<figure class=\"wp-block-image size-large\"><img decoding=\"async\" data-id=\"5983\" src=\"https:\/\/sinasefesm.com\/wp-content\/uploads\/2023\/05\/IMG-3786.jpg\" alt=\"\" class=\"wp-image-5983\"\/><figcaption class=\"wp-element-caption\">William Carvalho<\/figcaption><\/figure>\n\n\n\n<figure class=\"wp-block-image size-large\"><img decoding=\"async\" data-id=\"5984\" src=\"https:\/\/sinasefesm.com\/wp-content\/uploads\/2023\/05\/IMG_3834-600x400-1.jpg\" alt=\"\" class=\"wp-image-5984\"\/><figcaption class=\"wp-element-caption\">Fl\u00e1vio Barbosa<\/figcaption><\/figure>\n\n\n\n<figure class=\"wp-block-image size-large\"><img decoding=\"async\" data-id=\"5985\" src=\"https:\/\/sinasefesm.com\/wp-content\/uploads\/2023\/05\/IMG_3850-600x400-1.jpg\" alt=\"\" class=\"wp-image-5985\"\/><figcaption class=\"wp-element-caption\">Fl\u00e1via Takahashi<\/figcaption><\/figure>\n<\/figure>\n\n\n\n<p class=\"has-medium-font-size\"><strong>Segunda mesa: aposentadoria&nbsp;<\/strong><\/p>\n\n\n\n<p>Durante a tarde de quarta-feira, ocorreu a segunda mesa do GT, voltada a discutir assuntos relacionados \u00e0 aposentadoria, como explica\u00e7\u00f5es acerca das regras de aposentadoria atuais, feitas pelo Advogado do escrit\u00f3rio Wagner Advogados Associados e respons\u00e1vel pela AJN do Sinasefe, Valmir Vieira. A atividade contou tamb\u00e9m com a presen\u00e7a de Odemira Vieira, do Secret\u00e1rio da Coordena\u00e7\u00e3o Jur\u00eddica e Rela\u00e7\u00e3o de Trabalho, Ivo da Silva, e do Advogado do Escrit\u00f3rio SLPG Advogados Associados, Lu\u00eds Fernando Silva.&nbsp;<\/p>\n\n\n\n<p>Este \u00faltimo fez um alerta em sua fala:<em> \u201cqualquer que seja a matiz ideol\u00f3gica, quando um governo prop\u00f5e Reforma da Previd\u00eancia, ele prop\u00f5e isso para restringir direitos<\/em>.\u201d Ainda em sua&nbsp; an\u00e1lise, o Advogado tra\u00e7ou uma linha do tempo das Emendas Constitucionais (ECs), que retiram direitos previdenci\u00e1rios da classe trabalhadora, conforme exposto a seguir:&nbsp;<\/p>\n\n\n\n<ul class=\"wp-block-list\">\n<li>a EC 20\/1998 do Governo FHC, que objetivou rebaixar o valor dos benef\u00edcios;&nbsp;<\/li>\n\n\n\n<li>a EC 41\/2003 do Governo Lula, que objetivou alongar o tempo para alcance das aposentadorias;<\/li>\n\n\n\n<li>e a EC 103\/2019 do Governo Bolsonaro, a mais perversa de todas, que visou a rebaixar o valor dos benef\u00edcios, alongar o tempo para alcance dos mesmos e tamb\u00e9m privatizar o Regime Previdenci\u00e1rio Brasileiro.<\/li>\n<\/ul>\n\n\n\n<figure class=\"wp-block-gallery has-nested-images columns-default is-cropped wp-block-gallery-4 is-layout-flex wp-block-gallery-is-layout-flex\">\n<figure class=\"wp-block-image size-large\"><img decoding=\"async\" data-id=\"5987\" src=\"https:\/\/sinasefesm.com\/wp-content\/uploads\/2023\/05\/IMG_3929-1536x1024-1.jpg\" alt=\"\" class=\"wp-image-5987\"\/><figcaption class=\"wp-element-caption\">Odemir Vieira e Ivo da Silva<\/figcaption><\/figure>\n\n\n\n<figure class=\"wp-block-image size-large\"><img decoding=\"async\" data-id=\"5986\" src=\"https:\/\/sinasefesm.com\/wp-content\/uploads\/2023\/05\/IMG_3863-600x400-1.jpg\" alt=\"\" class=\"wp-image-5986\"\/><figcaption class=\"wp-element-caption\">Luis Fernando Silva<\/figcaption><\/figure>\n\n\n\n<figure class=\"wp-block-image size-large\"><img decoding=\"async\" data-id=\"5988\" src=\"https:\/\/sinasefesm.com\/wp-content\/uploads\/2023\/05\/IMG_3907-600x400-1.jpg\" alt=\"\" class=\"wp-image-5988\"\/><figcaption class=\"wp-element-caption\">Valmir Vieira de Andrade<\/figcaption><\/figure>\n<\/figure>\n\n\n\n<p class=\"has-medium-font-size\"><strong>Terceira mesa: racionaliza\u00e7\u00e3o&nbsp;<\/strong><\/p>\n\n\n\n<p>Ao final do primeiro dia de evento, a terceira mesa tratou da racionaliza\u00e7\u00e3o dos cargos do PCCTAE, a partir da condu\u00e7\u00e3o e media\u00e7\u00e3o de sete membros da CNS: Dhieggo Nascimento, Francisco Dias, Grazielle Nayara, Lucr\u00e9cia Iacovino, Raimundo da Concei\u00e7\u00e3o, Teresa Bahia e William Carvalho.<\/p>\n\n\n<div class=\"wp-block-image\">\n<figure class=\"aligncenter size-full\"><img decoding=\"async\" src=\"https:\/\/sinasefesm.com\/wp-content\/uploads\/2023\/05\/IMG_4020-600x400-1.jpg\" alt=\"\" class=\"wp-image-5989\"\/><\/figure><\/div>\n\n\n<p>A proposta de racionaliza\u00e7\u00e3o, baseada no artigo 18 da lei 11.091\/2005, foi lida durante a mesa e recebeu destaques dos servidores que participavam da atividade. Somado a isso, houve um momento para as bases apresentarem suas ideias oriundas dos GTs Carreira das se\u00e7\u00f5es sindicais, realizados preliminarmente. Dessa discuss\u00f5es, tr\u00eas quest\u00f5es importantes foram levantadas nos trabalhos do GT Carreira sobre a racionaliza\u00e7\u00e3o:<\/p>\n\n\n\n<ul class=\"wp-block-list\">\n<li>a primeira quest\u00e3o \u00e9 que um decreto do Governo Bolsonaro deixou apenas 18% dos cargos do PCCTAE com provimento permitido, estando 82% do total dos cargos do PCCTAE extintos ou em extin\u00e7\u00e3o;<\/li>\n\n\n\n<li>a segunda \u00e9 que a maioria dos cargos do PCCTAE n\u00e3o est\u00e1 dentro da Rede Federal de Educa\u00e7\u00e3o Profissional, Cient\u00edfica e Tecnol\u00f3gica (base representada pelo SINASEFE), mas sim nas Universidades Federais (base representada pela Fasubra);<\/li>\n\n\n\n<li>e a terceira \u00e9 que o SINASEFE levar\u00e1 o que for encaminhado pelo GT Carreira e aprovado pela 180\u00aa PLENA (a ocorrer nos dias 6 e 7 de maio) para di\u00e1logo e consenso junto \u00e0 Fasubra, por conta da inten\u00e7\u00e3o do nosso sindicato ser apresentar um material unit\u00e1rio das duas entidades sindicais (SINASEFE e Fasubra) na negocia\u00e7\u00e3o com o Governo Federal.<\/li>\n<\/ul>\n\n\n\n<p>A proposta da CNS para racionaliza\u00e7\u00e3o dos cargos do PCCTAE que foi apresentada e debatida na tarde desta quarta-feira foi a seguinte:<\/p>\n\n\n\n<div data-wp-interactive=\"core\/file\" class=\"wp-block-file\"><object data-wp-bind--hidden=\"!state.hasPdfPreview\" hidden class=\"wp-block-file__embed\" data=\"https:\/\/sinasefesm.com\/wp-content\/uploads\/2023\/05\/TABELARACIONALIZACAOCOMALTERACOES-1.pdf\" type=\"application\/pdf\" style=\"width:100%;height:600px\" aria-label=\"Incorporado de TABELARACIONALIZACAOCOMALTERACOES-1.\"><\/object><a id=\"wp-block-file--media-5ba3a344-a9bd-4dfd-a28b-b55e4cecd4ac\" href=\"https:\/\/sinasefesm.com\/wp-content\/uploads\/2023\/05\/TABELARACIONALIZACAOCOMALTERACOES-1.pdf\">TABELARACIONALIZACAOCOMALTERACOES-1<\/a><a href=\"https:\/\/sinasefesm.com\/wp-content\/uploads\/2023\/05\/TABELARACIONALIZACAOCOMALTERACOES-1.pdf\" class=\"wp-block-file__button wp-element-button\" download aria-describedby=\"wp-block-file--media-5ba3a344-a9bd-4dfd-a28b-b55e4cecd4ac\">Baixar<\/a><\/div>\n\n\n\n<p>Para mais informa\u00e7\u00f5es sobre o GT Carreira, siga acompanhando nosso site e redes sociais.&nbsp;<\/p>\n\n\n\n<hr class=\"wp-block-separator has-alpha-channel-opacity\"\/>\n\n\n\n<p><em>Texto: Laurent Keller&nbsp;<\/em><\/p>\n\n\n\n<p><em>Imagens: Sinasefe Nacional e registros pessoais<\/em><\/p>\n\n\n\n<p><em>Edi\u00e7\u00e3o: Bruna Homrich<\/em><\/p>\n","protected":false},"excerpt":{"rendered":"<p>Na \u00faltima quarta-feira, 3 de maio, teve in\u00edcio, em Bras\u00edlia-DF, o GT Carreira do Sinasefe, voltado a debater quest\u00f5es relacionadas \u00e0s carreiras de docente e de t\u00e9cnico-administrativo em educa\u00e7\u00e3o, al\u00e9m de outras carreiras como PGPE e PUCRCE. O evento, que conta com atividades at\u00e9 esta sexta, 5, no San Marco Hotel, tamb\u00e9m pretende discutir acerca<\/p>\n","protected":false},"author":5,"featured_media":5978,"comment_status":"closed","ping_status":"closed","sticky":false,"template":"","format":"standard","meta":{"footnotes":""},"categories":[37,39,42],"tags":[57,144,199],"class_list":{"0":"post-5977","1":"post","2":"type-post","3":"status-publish","4":"format-standard","5":"has-post-thumbnail","7":"category-destaque","8":"category-eventos","9":"category-noticia","10":"tag-aposentadoria","11":"tag-gt-carreira","12":"tag-racionalizacao-de-cargos"},"_links":{"self":[{"href":"https:\/\/sinasefesm.com\/index.php\/wp-json\/wp\/v2\/posts\/5977","targetHints":{"allow":["GET"]}}],"collection":[{"href":"https:\/\/sinasefesm.com\/index.php\/wp-json\/wp\/v2\/posts"}],"about":[{"href":"https:\/\/sinasefesm.com\/index.php\/wp-json\/wp\/v2\/types\/post"}],"author":[{"embeddable":true,"href":"https:\/\/sinasefesm.com\/index.php\/wp-json\/wp\/v2\/users\/5"}],"replies":[{"embeddable":true,"href":"https:\/\/sinasefesm.com\/index.php\/wp-json\/wp\/v2\/comments?post=5977"}],"version-history":[{"count":0,"href":"https:\/\/sinasefesm.com\/index.php\/wp-json\/wp\/v2\/posts\/5977\/revisions"}],"wp:featuredmedia":[{"embeddable":true,"href":"https:\/\/sinasefesm.com\/index.php\/wp-json\/wp\/v2\/media\/5978"}],"wp:attachment":[{"href":"https:\/\/sinasefesm.com\/index.php\/wp-json\/wp\/v2\/media?parent=5977"}],"wp:term":[{"taxonomy":"category","embeddable":true,"href":"https:\/\/sinasefesm.com\/index.php\/wp-json\/wp\/v2\/categories?post=5977"},{"taxonomy":"post_tag","embeddable":true,"href":"https:\/\/sinasefesm.com\/index.php\/wp-json\/wp\/v2\/tags?post=5977"}],"curies":[{"name":"wp","href":"https:\/\/api.w.org\/{rel}","templated":true}]}}