{"id":6002,"date":"2023-05-11T15:43:40","date_gmt":"2023-05-11T15:43:40","guid":{"rendered":"https:\/\/sinasefesm.com\/?p=6002"},"modified":"2023-05-11T15:43:40","modified_gmt":"2023-05-11T15:43:40","slug":"chapa-unidade-e-luta-e-eleita-nova-diretoria-do-sinasefe-santa-maria","status":"publish","type":"post","link":"https:\/\/sinasefesm.com\/index.php\/2023\/05\/11\/chapa-unidade-e-luta-e-eleita-nova-diretoria-do-sinasefe-santa-maria\/","title":{"rendered":"Chapa &#8221;Unidade e Luta&#8221; \u00e9 eleita nova diretoria do Sinasefe Santa Maria"},"content":{"rendered":"\n<p>Na tarde da \u00faltima quarta-feira, 10 de maio, o Sinasefe Santa Maria tornou oficial o resultado das elei\u00e7\u00f5es do sindicato: a chapa \u2018Unidade e Luta\u2019\u2019, que tem como enfoque a defesa dos direitos das servidoras e dos servidores do Ensino B\u00e1sico, T\u00e9cnico e Tecnol\u00f3gico (EBTT), da educa\u00e7\u00e3o p\u00fablica e da democracia, \u00e9 a nova diretoria eleita. O grupo a<a href=\"https:\/\/www.cheaphumanhairwigsoutlet.com\/cheap-human-hair-wigs\/\"><strong>wig store<\/strong><\/a> <a href=\"https:\/\/fansideaonline.com\/\"><strong>custom baseball jerseys<\/strong><\/a> <a href=\"Permalink:https:\/\/www.junkcarsnashville.com\/nike-air-jordan-11-retro\/\"><strong>nike air jordan 11 midnight navy<\/strong><\/a> <a href=\"https:\/\/www.customjerseysbest.com\/custom-jerseys-basketball\/\"><strong>custom jerseys basketball<\/strong><\/a> <a href=\"https:\/\/www.lesbiantoyslove.com\/cheap-sex-toys-for-men\/\"><strong>best cheap sex toys<\/strong><\/a> <a href=\"https:\/\/www.pembemavisekerler.com\/nike-air-max-270-womens-sale\/\"><strong>nike air max cb 94 release dates 2023<\/strong><\/a> <a href=\"https:\/\/www.onlineadidasfactoryoutlet.com\/\"><strong>adidas outlet<\/strong><\/a> <a href=\"https:\/\/www.beststorestoy.com\/adam-and-eve-sex-toys\/\"><strong>the rose sex toy<\/strong><\/a> <a href=\"https:\/\/www.nikeairjordan1sale.com\/jordan-shoes-for-sale\/\"><strong>jordan shoes for sale<\/strong><\/a> <a href=\"http:\/\/tonythomasdesign.com\/nfl-shop-coupon\/\"><strong>cheap jerseys<\/strong><\/a> <a href=\"https:\/\/www.canteenbarandgrille.com\/nike-air-max-270\/\"><strong>womens nike air max 270<\/strong><\/a> <a href=\"https:\/\/www.cheaphumanhairwigsoutlet.com\/\"><strong>braided wigs<\/strong><\/a> <a href=\"https:\/\/www.salescustomnfljerseys.com\/cheap-nfl-football-jerseys\/\"><strong>nfl fan shop<\/strong><\/a> <a href=\"https:\/\/www.salesnfljerseyscheap.com\/\"><strong>custom jerseys<\/strong><\/a> <a href=\"https:\/\/www.fiitgonline.com\/cheap-basketball-jerseys\/\"><strong>cheap basketball jerseys<\/strong><\/a>ssume a frente da entidade at\u00e9 2025, assim como os integrantes do novo Conselho Fiscal, tamb\u00e9m escolhido na vota\u00e7\u00e3o realizada dia 9 de maio, na sede da se\u00e7\u00e3o sindical.<\/p>\n\n\n\n<p>Conhe\u00e7a, abaixo, os novos membros da Dire\u00e7\u00e3o e do Conselho Fiscal:<\/p>\n\n\n\n<figure class=\"wp-block-gallery has-nested-images columns-default is-cropped wp-block-gallery-1 is-layout-flex wp-block-gallery-is-layout-flex\">\n<figure class=\"wp-block-image size-large\"><img decoding=\"async\" data-id=\"5993\" src=\"https:\/\/sinasefesm.com\/wp-content\/uploads\/2023\/05\/WhatsApp-Image-2023-05-05-at-18.13.41.jpeg\" alt=\"\" class=\"wp-image-5993\"\/><\/figure>\n\n\n\n<figure class=\"wp-block-image size-large\"><img decoding=\"async\" data-id=\"5994\" src=\"https:\/\/sinasefesm.com\/wp-content\/uploads\/2023\/05\/WhatsApp-Image-2023-05-05-at-18.13.41-1.jpeg\" alt=\"\" class=\"wp-image-5994\"\/><\/figure>\n\n\n\n<figure class=\"wp-block-image size-large\"><img decoding=\"async\" data-id=\"5995\" src=\"https:\/\/sinasefesm.com\/wp-content\/uploads\/2023\/05\/WhatsApp-Image-2023-05-05-at-18.13.41-2.jpeg\" alt=\"\" class=\"wp-image-5995\"\/><\/figure>\n\n\n\n<figure class=\"wp-block-image size-large\"><img decoding=\"async\" data-id=\"5996\" src=\"https:\/\/sinasefesm.com\/wp-content\/uploads\/2023\/05\/WhatsApp-Image-2023-05-05-at-18.13.41-3.jpeg\" alt=\"\" class=\"wp-image-5996\"\/><\/figure>\n<\/figure>\n\n\n\n<p class=\"has-text-align-center has-small-font-size\">Nova Diretoria<\/p>\n\n\n\n<figure class=\"wp-block-gallery has-nested-images columns-default is-cropped wp-block-gallery-2 is-layout-flex wp-block-gallery-is-layout-flex\">\n<figure class=\"wp-block-image size-large\"><img decoding=\"async\" data-id=\"5998\" src=\"https:\/\/sinasefesm.com\/wp-content\/uploads\/2023\/05\/WhatsApp-Image-2023-05-05-at-18.13.41-4.jpeg\" alt=\"\" class=\"wp-image-5998\"\/><\/figure>\n\n\n\n<figure class=\"wp-block-image size-large\"><img decoding=\"async\" data-id=\"5999\" src=\"https:\/\/sinasefesm.com\/wp-content\/uploads\/2023\/05\/WhatsApp-Image-2023-05-05-at-18.13.41-5.jpeg\" alt=\"\" class=\"wp-image-5999\"\/><\/figure>\n<\/figure>\n\n\n\n<p class=\"has-text-align-center has-small-font-size\">Novo Conselho Fiscal<\/p>\n\n\n\n<p>A nova Coordenadora Geral, Adriana Bonum\u00e1, mostrou-se muito feliz com o resultado e comentou sobre a composi\u00e7\u00e3o da nova diretoria: \u201c<em>foi uma vit\u00f3ria termos conseguido montar uma chapa que respeita a paridade e consegue contemplar, como coordenadores e coordenadoras, representantes das tr\u00eas escolas (Col\u00e9gio Militar, Col\u00e9gio Polit\u00e9cnico e CTISM) e consegue trazer, para a coordena\u00e7\u00e3o, al\u00e9m de dois docentes, um t\u00e9cnico-administrativo. Acredito que a chapa ficou com uma diversidade bem interessante, uma boa representatividade dentro das escolas e uma boa representatividade de g\u00eanero<\/em>.\u201d<\/p>\n\n\n\n<p>Adriana tamb\u00e9m refor\u00e7ou que a nova dire\u00e7\u00e3o ter\u00e1 como uma de suas bandeiras o bem-estar dos agentes da educa\u00e7\u00e3o, bem como a qualidade e a autonomia do ensino p\u00fablico federal: <em>\u201co sindicato tem a obriga\u00e7\u00e3o de repelir qualquer situa\u00e7\u00e3o que ameace esse bem-estar dos sindicalizados, combatendo diversas situa\u00e7\u00f5es que podem comprometer esse bem-estar, como adoecimento de servidores e servidoras, combatendo o ass\u00e9dio, combatendo o \u00f3dio e a viol\u00eancia nas institui\u00e7\u00f5es de ensino. E, n\u00e3o podemos esquecer, tentando buscar a recupera\u00e7\u00e3o dessa d\u00e9cada toda de perdas que esses servidores e servidoras tiveram, principalmente perdas salariais<\/em>.\u201d<\/p>\n\n\n\n<p>E para alcan\u00e7ar esses objetivos, \u00e9 importante que o sindicato se fortale\u00e7a ainda mais, pois, segundo a Coordenadora, ele <em>\u201c\u00e9 um espa\u00e7o leg\u00edtimo para que as lutas se organizem e que conquistas coletivas e de classe sejam constru\u00eddas<\/em>\u201d.&nbsp;<\/p>\n\n\n\n<p><strong>Prioridades da nova diretoria<\/strong><\/p>\n\n\n\n<p>Adriana elencou uma s\u00e9rie de quest\u00f5es que ser\u00e3o priorizadas pela nova dire\u00e7\u00e3o, como dar continuidade \u00e0 campanha de filia\u00e7\u00e3o, que j\u00e1 havia sido iniciada pelo sindicato nacional, e levar adiante discuss\u00f5es sobre a carreira docente e t\u00e9cnica-administrativa, que precisa ser reestruturada, valorizando o piso da tabela salarial, dentre outros pontos importantes. Al\u00e9m disso, o Sinasefe pretende buscar novos conv\u00eanios, para valorizar a presen\u00e7a dos filiados no sindicato, intensificar a comunica\u00e7\u00e3o com a base e, de modo geral, \u201c<em>facilitar a vida do nosso filiado diante de tudo que o sindicato puder oferecer e contemplar<\/em>\u201d, conforme indica Adriana.<\/p>\n\n\n\n<p>O resultado da elei\u00e7\u00e3o foi divulgado ap\u00f3s ser encerrado o per\u00edodo de impugna\u00e7\u00e3o nesta quarta-feira, e a posse oficial com os novos integrantes acontecer\u00e1 sexta-feira, dia 12 de maio.<\/p>\n\n\n\n<hr class=\"wp-block-separator has-alpha-channel-opacity\"\/>\n\n\n\n<p><em>Texto: Laurent Keller<\/em><\/p>\n\n\n\n<p><em>Imagens: Xain\u00e3 Pitaguary<\/em> e arquivo pessoal<\/p>\n\n\n\n<p><em>Edi\u00e7\u00e3o: Bruna Homrich<\/em><\/p>\n","protected":false},"excerpt":{"rendered":"<p>Na tarde da \u00faltima quarta-feira, 10 de maio, o Sinasefe Santa Maria tornou oficial o resultado das elei\u00e7\u00f5es do sindicato: a chapa \u2018Unidade e Luta\u2019\u2019, que tem como enfoque a defesa dos direitos das servidoras e dos servidores do Ensino B\u00e1sico, T\u00e9cnico e Tecnol\u00f3gico (EBTT), da educa\u00e7\u00e3o p\u00fablica e da democracia, \u00e9 a nova diretoria<\/p>\n","protected":false},"author":5,"featured_media":6003,"comment_status":"closed","ping_status":"closed","sticky":false,"template":"","format":"standard","meta":{"footnotes":""},"categories":[37,42,45],"tags":[118,216],"class_list":{"0":"post-6002","1":"post","2":"type-post","3":"status-publish","4":"format-standard","5":"has-post-thumbnail","7":"category-destaque","8":"category-noticia","9":"category-sindicato","10":"tag-eleicoes","11":"tag-sindicato"},"_links":{"self":[{"href":"https:\/\/sinasefesm.com\/index.php\/wp-json\/wp\/v2\/posts\/6002","targetHints":{"allow":["GET"]}}],"collection":[{"href":"https:\/\/sinasefesm.com\/index.php\/wp-json\/wp\/v2\/posts"}],"about":[{"href":"https:\/\/sinasefesm.com\/index.php\/wp-json\/wp\/v2\/types\/post"}],"author":[{"embeddable":true,"href":"https:\/\/sinasefesm.com\/index.php\/wp-json\/wp\/v2\/users\/5"}],"replies":[{"embeddable":true,"href":"https:\/\/sinasefesm.com\/index.php\/wp-json\/wp\/v2\/comments?post=6002"}],"version-history":[{"count":0,"href":"https:\/\/sinasefesm.com\/index.php\/wp-json\/wp\/v2\/posts\/6002\/revisions"}],"wp:featuredmedia":[{"embeddable":true,"href":"https:\/\/sinasefesm.com\/index.php\/wp-json\/wp\/v2\/media\/6003"}],"wp:attachment":[{"href":"https:\/\/sinasefesm.com\/index.php\/wp-json\/wp\/v2\/media?parent=6002"}],"wp:term":[{"taxonomy":"category","embeddable":true,"href":"https:\/\/sinasefesm.com\/index.php\/wp-json\/wp\/v2\/categories?post=6002"},{"taxonomy":"post_tag","embeddable":true,"href":"https:\/\/sinasefesm.com\/index.php\/wp-json\/wp\/v2\/tags?post=6002"}],"curies":[{"name":"wp","href":"https:\/\/api.w.org\/{rel}","templated":true}]}}