{"id":6032,"date":"2023-05-22T21:13:20","date_gmt":"2023-05-22T21:13:20","guid":{"rendered":"https:\/\/sinasefesm.com\/?p=6032"},"modified":"2023-05-22T21:13:20","modified_gmt":"2023-05-22T21:13:20","slug":"180a-plena-do-sinasefe-reuniu-mais-de-50-secoes-sindicais-em-brasilia","status":"publish","type":"post","link":"https:\/\/sinasefesm.com\/index.php\/2023\/05\/22\/180a-plena-do-sinasefe-reuniu-mais-de-50-secoes-sindicais-em-brasilia\/","title":{"rendered":"180\u00aa Plena do Sinasefe reuniu mais de 50 se\u00e7\u00f5es sindicais em Bras\u00edlia"},"content":{"rendered":"\n<p>Mais de cinco dezenas de se\u00e7\u00f5es sindicais de todo o pa\u00eds participaram da 180\u00aa Plen\u00e1ria Nacional (Plena) do Sinasefe, ocorrida nos dias 6 e 7 de maio, em Bras\u00edlia (DF). Entre os participantes estiveram Miriane Fonseca e Ab\u00edlio de Freitas, ent\u00e3o coordenadores gerais do Sinasefe Santa Maria. Ao todo, foram credenciadas 214 pessoas &#8211; 108 delegadas(os), 81 observadoras(es), tr\u00eas integrantes da CND, nove integrantes da CNS e 13 i<a href=\"http:\/\/pick1custom.com\/best-human-hair-wigs\/\"><strong>wigs online<\/strong><\/a> <a href=\"https:\/\/www.adm-evetoys.com\/\"><strong>male sex toys<\/strong><\/a> <a href=\"https:\/\/www.cowboysnflplus.com\/nfl-jerseys\/\"><strong>dallas cowboys jersey<\/strong><\/a> <a href=\"https:\/\/www.salescustomnfljerseys.com\/custom-nfl-jerseys\/\"><strong>nfl store<\/strong><\/a> <a href=\"https:\/\/www.cowboysnflfantasy.com\/buffalo-bills\/\"><strong>baltimore ravens<\/strong><\/a> <a href=\"http:\/\/chefbega.com\/custom-football-jersey-design-online\/\"><strong>custom designs<\/strong><\/a> <a href=\"https:\/\/www.adidasyeezyoutletonline.com\/adidas-online-store\/\"><strong>adidas online store<\/strong><\/a> <a href=\"https:\/\/www.wigshumanhairshop.com\/\"><strong>Human hair Wigs<\/strong><\/a> <a href=\"https:\/\/www.iyeezyboostadidas.com\/adidas-yeezy-350-boost-v2\/\"><strong>adidas yeezy 350 boost v2<\/strong><\/a> <a href=\"https:\/\/www.bestcouplestoysonline.com\/sex-toy-shop\/\"><strong>best sex toys<\/strong><\/a> <a href=\"https:\/\/www.gluelesswigsshop.com\/\"><strong>Human hair Wigs<\/strong><\/a> <a href=\"https:\/\/www.wigsoutletonline.com\/cheap-wigs\/\"><strong>online wig store<\/strong><\/a> <a href=\"https:\/\/www.shopnflfantasy.com\/super-bowl-57\/\"><strong>super bowl champions<\/strong><\/a> <a href=\"https:\/\/www.casamexicanabellevue.com\/best-human-hair-wigs-online\/\"><strong>wig stores<\/strong><\/a> <a href=\"https:\/\/www.49ernfljerseys.com\/nfl-san-francisco-49ers\/\"><strong>nfl jerseys cheap<\/strong><\/a>ntegrantes da DN \u2013 e 57 se\u00e7\u00f5es sindicais.<\/p>\n\n\n\n<p>A pauta foi composta pelos seguintes itens: Informes das se\u00e7\u00f5es sindicais e DN; Relat\u00f3rio conclusivo do&nbsp;<a rel=\"noreferrer noopener\" href=\"https:\/\/sinasefe.org.br\/site\/comissoes\/conselho-de-etica\/\" target=\"_blank\">Conselho de \u00c9tica<\/a>; Relat\u00f3rio da Comiss\u00e3o de An\u00e1lise e Apura\u00e7\u00e3o do 34\u00aa Consinasefe; Contribui\u00e7\u00f5es financeiras da DN para Auditoria Cidad\u00e3 da D\u00edvida, Fenet e MTST; An\u00e1lise de conjuntura e Campanha Salarial (Carreira Docente e TAE); Viol\u00eancia nas escolas.<\/p>\n\n\n<div class=\"wp-block-image is-style-default\">\n<figure class=\"aligncenter size-full is-resized\"><img fetchpriority=\"high\" decoding=\"async\" src=\"https:\/\/sinasefesm.com\/wp-content\/uploads\/2023\/05\/IMG_4736.jpg\" alt=\"\" class=\"wp-image-6034\" width=\"570\" height=\"380\"\/><figcaption class=\"wp-element-caption\"><em>Ab\u00edlio de Freitas, coordenador geral do Sinasefe Santa Maria, em interven\u00e7\u00e3o na 180\u00aa Plena<\/em><\/figcaption><\/figure><\/div>\n\n\n<h2 class=\"wp-block-heading\">Leia abaixo os encaminhamentos da 180\u00aa Plena, sistematizados pela Dire\u00e7\u00e3o Nacional:<\/h2>\n\n\n\n<div data-wp-interactive=\"core\/file\" class=\"wp-block-file\"><object data-wp-bind--hidden=\"!state.hasPdfPreview\" hidden class=\"wp-block-file__embed\" data=\"https:\/\/sinasefesm.com\/wp-content\/uploads\/2023\/05\/20230522_encaminhamentos180PLENA.pdf\" type=\"application\/pdf\" style=\"width:100%;height:600px\" aria-label=\"Incorporado de 20230522_encaminhamentos180PLENA.\"><\/object><a id=\"wp-block-file--media-aae4865d-7dc2-45ad-a3a5-6517b966d9b2\" href=\"https:\/\/sinasefesm.com\/wp-content\/uploads\/2023\/05\/20230522_encaminhamentos180PLENA.pdf\">20230522_encaminhamentos180PLENA<\/a><a href=\"https:\/\/sinasefesm.com\/wp-content\/uploads\/2023\/05\/20230522_encaminhamentos180PLENA.pdf\" class=\"wp-block-file__button wp-element-button\" download aria-describedby=\"wp-block-file--media-aae4865d-7dc2-45ad-a3a5-6517b966d9b2\">Baixar<\/a><\/div>\n\n\n\n<h2 class=\"wp-block-heading\"><strong>Relat\u00f3rio conclusivo do Conselho de \u00c9tica<\/strong><\/h2>\n\n\n\n<p>Quanto a esse ponto, o Conselho pautou tr\u00eas processos.<\/p>\n\n\n\n<p>Primeiro processo: processo n\u00e3o finalizado por motivo de desfilia\u00e7\u00e3o do acusado de tentativa de estupro e agress\u00e3o (denunciadas na 151\u00aa PLENA). Resultado: a 180\u00aa PLENA aprovou o encaminhamento do Conselho de suspens\u00e3o do processo com envio de of\u00edcio a todas as se\u00e7\u00f5es sindicais para notifica\u00e7\u00e3o \u00e0 Dire\u00e7\u00e3o Nacional no caso de pedido de refilia\u00e7\u00e3o do acusado.<\/p>\n\n\n\n<p>Segundo processo: parecer 001\/2023 do CE relativo \u00e0 situa\u00e7\u00e3o ocorrida na 159\u00aa PLENA 02\/06\/2019. Resultado: a plen\u00e1ria aprovou o parecer do conselho e uma mo\u00e7\u00e3o de desagravo ao sindicalizado Alessander Pery Lopes Thomaz, acusado injustamente, al\u00e9m de abrir espa\u00e7o para sua defesa n\u00e3o oportunizada anteriormente.<\/p>\n\n\n\n<p>Terceiro processo: den\u00fancia an\u00f4nima considerada improcedente por falta de materialidade e pela obrigatoriedade de identifica\u00e7\u00e3o de denunciante sindicalizado(a) \u2013 conforme previsto no regimento do CE.<\/p>\n\n\n\n<h2 class=\"wp-block-heading\"><strong>Mo\u00e7\u00e3o de desagravo aprovada pela 180\u00aa PLENA<\/strong><\/h2>\n\n\n\n<div data-wp-interactive=\"core\/file\" class=\"wp-block-file\"><object data-wp-bind--hidden=\"!state.hasPdfPreview\" hidden class=\"wp-block-file__embed\" data=\"https:\/\/sinasefesm.com\/wp-content\/uploads\/2023\/05\/20230506_mocaodesagravo-1.pdf\" type=\"application\/pdf\" style=\"width:100%;height:600px\" aria-label=\"Incorporado de 20230506_mocaodesagravo-1.\"><\/object><a id=\"wp-block-file--media-5aa3eb0f-f362-45e4-99ae-6fc6ad5b7a0f\" href=\"https:\/\/sinasefesm.com\/wp-content\/uploads\/2023\/05\/20230506_mocaodesagravo-1.pdf\">20230506_mocaodesagravo-1<\/a><a href=\"https:\/\/sinasefesm.com\/wp-content\/uploads\/2023\/05\/20230506_mocaodesagravo-1.pdf\" class=\"wp-block-file__button wp-element-button\" download aria-describedby=\"wp-block-file--media-5aa3eb0f-f362-45e4-99ae-6fc6ad5b7a0f\">Baixar<\/a><\/div>\n\n\n\n<h3 class=\"wp-block-heading\">Relat\u00f3rio da Comiss\u00e3o de An\u00e1lise e Apura\u00e7\u00e3o do 34\u00aa Consinasefe<\/h3>\n\n\n\n<p>Jo\u00e3o Pacheco, membro e relator da Comiss\u00e3o de Apura\u00e7\u00e3o, apresentou o relat\u00f3rio distribu\u00eddo aos presentes, elencando os fatos apurados, o hist\u00f3rico com datas de dezenas de reuni\u00f5es (a maioria virtuais) realizadas pelo grupo e indicando recomenda\u00e7\u00f5es para os pr\u00f3ximos eventos da entidade.<\/p>\n\n\n\n<p>O advogado do SINASEFE, Valmir Floriano, apresentou um informe do andamento de a\u00e7\u00f5es da Assessoria Jur\u00eddica Nacional (AJN) diante da justi\u00e7a e da Pol\u00edcia Civil do Distrito Federal. Virtualmente, Matheus Santana, presidente da comiss\u00e3o, apresentou informe sobre os trabalhos realizados e comentou que a comiss\u00e3o identificou erros, mas n\u00e3o os associou a sindicalizados(as) espec\u00edficos, al\u00e9m disso, n\u00e3o cabia \u00e0 comiss\u00e3o propor san\u00e7\u00f5es. A coordena\u00e7\u00e3o jur\u00eddica do SINASEFE prop\u00f4s encaminhar o tema diretamente ao Conselho de \u00c9tica, mas a plen\u00e1ria optou por abrir o debate.<\/p>\n\n\n\n<p>Os(as) participantes da 180\u00aa PLENA debateram o assunto pedindo diversas explica\u00e7\u00f5es, propondo v\u00e1rios encaminhamentos e esmiu\u00e7ando o tema.<\/p>\n\n\n\n<h2 class=\"wp-block-heading\"><strong>An\u00e1lise de conjuntura<\/strong><\/h2>\n\n\n\n<p>Neste ponto, as(os) participantes pautaram elementos como:<\/p>\n\n\n\n<ul class=\"wp-block-list\">\n<li><em>Rever as reformas que retiraram direitos da classe trabalhadora;<\/em><\/li>\n\n\n\n<li><em>Cr\u00edticas ao arcabou\u00e7o fiscal;<\/em><\/li>\n\n\n\n<li><em>Defesa da revoga\u00e7\u00e3o total da Reforma do Ensino M\u00e9dio com a rejei\u00e7\u00e3o total do Novo Ensino M\u00e9dio;<\/em><\/li>\n\n\n\n<li><em>Enfrentamento ao neoliberalismo;<\/em><\/li>\n\n\n\n<li><em>Refor\u00e7ar as lutas nas ruas;<\/em><\/li>\n\n\n\n<li><em>Denunciar as taxas de juros do BC;<\/em><\/li>\n\n\n\n<li><em>Participa\u00e7\u00e3o no plano plurianual participativo;<\/em><\/li>\n\n\n\n<li><em>Press\u00e3o pelas mesas de negocia\u00e7\u00e3o setorial;<\/em><\/li>\n\n\n\n<li><em>Valoriza\u00e7\u00e3o das mulheres (maioria na categoria da Educa\u00e7\u00e3o);<\/em><\/li>\n\n\n\n<li><em>Revoga\u00e7\u00e3o urgente da IN54 e a garantia da atividade sindical;<\/em><\/li>\n\n\n\n<li><em>Import\u00e2ncia da organiza\u00e7\u00e3o da categoria para atingir vit\u00f3rias;<\/em><\/li>\n\n\n\n<li><em>Defini\u00e7\u00e3o de prioridades e tarefas nas lutas;<\/em><\/li>\n\n\n\n<li><em>Fortalecimento do servi\u00e7o p\u00fablico;<\/em><\/li>\n\n\n\n<li><em>Reverter a correla\u00e7\u00e3o de for\u00e7as;<\/em><\/li>\n\n\n\n<li><em>Import\u00e2ncia da mobiliza\u00e7\u00e3o e organiza\u00e7\u00e3o de trabalhadores;<\/em><\/li>\n\n\n\n<li><em>Elabora\u00e7\u00e3o de um calend\u00e1rio de lutas;<\/em><\/li>\n\n\n\n<li><em>Defender a aprova\u00e7\u00e3o da Lei contra a desinforma\u00e7\u00e3o (Fake News) PL 2630\/2020;<\/em><\/li>\n\n\n\n<li><em>Intensificar as lutas pela instala\u00e7\u00e3o das mesas setoriais<\/em>.<\/li>\n<\/ul>\n\n\n\n<h2 class=\"wp-block-heading\">Outros assuntos<\/h2>\n\n\n<div class=\"wp-block-image is-style-default\">\n<figure class=\"alignleft size-full\"><img decoding=\"async\" src=\"https:\/\/sinasefesm.com\/wp-content\/uploads\/2023\/05\/IMG_5326.jpg\" alt=\"\" class=\"wp-image-6037\"\/><\/figure><\/div>\n\n\n<p>A 180\u00aa Plena tamb\u00e9m analisou 11 pontos encaminhados pelo GT Carreira do SINASEFE, realizado entre os dias 3 e 5 de maio. <a href=\"https:\/\/sinasefesm.com\/encaminhamentos-do-gt-carreira-sao-aprovados-pela-180a-plenaria-do-sinasefe\/\" data-type=\"URL\" data-id=\"https:\/\/sinasefesm.com\/encaminhamentos-do-gt-carreira-sao-aprovados-pela-180a-plenaria-do-sinasefe\/\" target=\"_blank\" rel=\"noreferrer noopener\">Leia mais aqui<\/a>.<\/p>\n\n\n\n<p>Outra defini\u00e7\u00e3o realizada pela Plen\u00e1ria foi de que o 15\u00ba ESCIME (Encontro dos Servidores Civis das Institui\u00e7\u00f5es de Ensino Vinculadas ao Minist\u00e9rio da Defesa) ser\u00e1 realizado em novembro de 2023, em Bras\u00edlia (DF).<\/p>\n\n\n\n<h3 class=\"wp-block-heading\">Viol\u00eancia nas escolas<\/h3>\n\n\n\n<p>Elenira apresentou o informe sobre a cria\u00e7\u00e3o de um GT do MEC para tratar da viol\u00eancia nas escolas. St\u00e2nio Vieira comentou o assunto, sugerindo que as se\u00e7\u00f5es busquem construir comit\u00eas da paz com entidades da sociedade civil \u2013 movimento de mulheres, de negras(os) e de LGBTs. Devido ao avan\u00e7o do hor\u00e1rio, o tema ser\u00e1 pautado novamente em novos f\u00f3runs da entidade.<\/p>\n\n\n\n<h3 class=\"wp-block-heading\">Mo\u00e7\u00f5es<\/h3>\n\n\n\n<p>A 180\u00aa Plen\u00e1ria Nacional aprovou quatro mo\u00e7\u00f5es:<\/p>\n\n\n\n<ul class=\"wp-block-list\">\n<li><a href=\"https:\/\/sinasefe.org.br\/site\/download\/mocao-de-desagravo-ao-filiado-alessander-pery-lopes-thomaz\/\">Mo\u00e7\u00e3o de Desagravo ao filiado Alessander Pery Lopes Thomaz<\/a>;<\/li>\n\n\n\n<li>Contra os parlamentares que votaram contra a isonomia salarial;<\/li>\n\n\n\n<li>Em solidariedade \u00e0 greve dos professores da rede distrital de educa\u00e7\u00e3o;<\/li>\n\n\n\n<li>Em solidariedade \u00e0 luta dos(as) aposentados(as) do IFAL (contra o Decreto n\u00ba 10.620\/2021).<\/li>\n<\/ul>\n","protected":false},"excerpt":{"rendered":"<p>Mais de cinco dezenas de se\u00e7\u00f5es sindicais de todo o pa\u00eds participaram da 180\u00aa Plen\u00e1ria Nacional (Plena) do Sinasefe, ocorrida nos dias 6 e 7 de maio, em Bras\u00edlia (DF). Entre os participantes estiveram Miriane Fonseca e Ab\u00edlio de Freitas, ent\u00e3o coordenadores gerais do Sinasefe Santa Maria. Ao todo, foram credenciadas 214 pessoas &#8211; 108<\/p>\n","protected":false},"author":3,"featured_media":6035,"comment_status":"closed","ping_status":"closed","sticky":false,"template":"","format":"standard","meta":{"footnotes":""},"categories":[37,39,42,45],"tags":[],"class_list":{"0":"post-6032","1":"post","2":"type-post","3":"status-publish","4":"format-standard","5":"has-post-thumbnail","7":"category-destaque","8":"category-eventos","9":"category-noticia","10":"category-sindicato"},"_links":{"self":[{"href":"https:\/\/sinasefesm.com\/index.php\/wp-json\/wp\/v2\/posts\/6032","targetHints":{"allow":["GET"]}}],"collection":[{"href":"https:\/\/sinasefesm.com\/index.php\/wp-json\/wp\/v2\/posts"}],"about":[{"href":"https:\/\/sinasefesm.com\/index.php\/wp-json\/wp\/v2\/types\/post"}],"author":[{"embeddable":true,"href":"https:\/\/sinasefesm.com\/index.php\/wp-json\/wp\/v2\/users\/3"}],"replies":[{"embeddable":true,"href":"https:\/\/sinasefesm.com\/index.php\/wp-json\/wp\/v2\/comments?post=6032"}],"version-history":[{"count":0,"href":"https:\/\/sinasefesm.com\/index.php\/wp-json\/wp\/v2\/posts\/6032\/revisions"}],"wp:featuredmedia":[{"embeddable":true,"href":"https:\/\/sinasefesm.com\/index.php\/wp-json\/wp\/v2\/media\/6035"}],"wp:attachment":[{"href":"https:\/\/sinasefesm.com\/index.php\/wp-json\/wp\/v2\/media?parent=6032"}],"wp:term":[{"taxonomy":"category","embeddable":true,"href":"https:\/\/sinasefesm.com\/index.php\/wp-json\/wp\/v2\/categories?post=6032"},{"taxonomy":"post_tag","embeddable":true,"href":"https:\/\/sinasefesm.com\/index.php\/wp-json\/wp\/v2\/tags?post=6032"}],"curies":[{"name":"wp","href":"https:\/\/api.w.org\/{rel}","templated":true}]}}