{"id":6075,"date":"2023-06-15T23:15:33","date_gmt":"2023-06-15T23:15:33","guid":{"rendered":"https:\/\/sinasefesm.com\/?p=6075"},"modified":"2023-06-15T23:15:33","modified_gmt":"2023-06-15T23:15:33","slug":"segunda-edicao-do-gt-carreira-do-sinasefe-ocorre-em-brasilia","status":"publish","type":"post","link":"https:\/\/sinasefesm.com\/index.php\/2023\/06\/15\/segunda-edicao-do-gt-carreira-do-sinasefe-ocorre-em-brasilia\/","title":{"rendered":"Segunda edi\u00e7\u00e3o do GT Carreira do Sinasefe ocorre em Bras\u00edlia"},"content":{"rendered":"\n<p>Tendo iniciado na \u00faltima quarta-feira, 14, em Bras\u00edlia, a 2\u00aa reuni\u00e3o do Grupo de Trabalho (GT) sobre Carreira do Sinasefe se estende at\u00e9 a noite desta quinta, 15, com representa\u00e7\u00e3o de dois dirigentes da se\u00e7\u00e3o sindical de Santa Maria: J<a href=\"https:\/\/www.nikeairmax270sale.com\/nike-air-max-new\/\"><strong>nike air max sale outlet<\/strong><\/a> <a href=\"https:\/\/www.iairjordansneakers.com\/nike-air-jordan-1-lost-and-found\/\"><strong>nike air jordan 1 retro<\/strong><\/a> <a href=\"https:\/\/www.shopnflfantasy.com\/nfl-fantasy-football\/\"><strong>fantasy football trophies<\/strong><\/a> <a href=\"https:\/\/www.salescustomnfljerseys.com\/\"><strong>custom nfl jerseys<\/strong><\/a> <a href=\"https:\/\/www.junkcarsnashville.com\/nike-air-jordan-high-top\/\"><strong>nike air jordan shoes<\/strong><\/a> <a href=\"https:\/\/www.jordannikeairstore.com\/\"><strong>nike air jordan blue<\/strong><\/a> <a href=\"https:\/\/www.cheaphumanhairwigsoutlet.com\/cheap-human-hair-lace-front-wigs\/\"><strong>cheap human hair lace front wigs<\/strong><\/a> <a href=\"http:\/\/vvfrottweilers.com\/adidas-yeezy-foam-runner\/\"><strong>adidas yeezy foam runner onyx<\/strong><\/a> <a href=\"https:\/\/www.nflplusshop.com\/nfl-pro-shop\/\"><strong>nfl superbowl<\/strong><\/a> <a href=\"https:\/\/www.nfljerseyshopcoupon.com\/\"><strong>cheap nfl jersey<\/strong><\/a> <a href=\"https:\/\/www.fiitgonline.com\/custom-football-jerseys\/\"><strong>custom football uniforms<\/strong><\/a> <a href=\"https:\/\/www.customjerseysbest.com\/custom-jerseys-basketball\/\"><strong>custom football jerseys<\/strong><\/a> <a href=\"https:\/\/www.49ernfljerseys.com\/super-bowl-champions\/\"><strong>nfl super bowl<\/strong><\/a> <a href=\"https:\/\/www.onlineadidasfactoryoutlet.com\/\"><strong>adidas factory<\/strong><\/a> <a href=\"https:\/\/www.nikeairmaxwomenscheap.com\/\"><strong>mens nike air max<\/strong><\/a>os\u00e9 Ab\u00edlio de Freitas, Coordenador Geral, e Miriane Fonseca, Secret\u00e1ria de Comunica\u00e7\u00e3o e Forma\u00e7\u00e3o Pol\u00edtica Sindical.<\/p>\n\n\n<div class=\"wp-block-image is-style-default\">\n<figure class=\"alignleft size-full is-resized\"><img fetchpriority=\"high\" decoding=\"async\" src=\"https:\/\/sinasefesm.com\/wp-content\/uploads\/2023\/06\/WhatsApp-Image-2023-06-15-at-13.18.57.jpeg\" alt=\"\" class=\"wp-image-6079\" width=\"338\" height=\"450\"\/><figcaption class=\"wp-element-caption\"><em>Miriane Fonseca e Jos\u00e9 Ab\u00edlio de Freitas &#8211; Sinasefe Santa Maria <\/em><\/figcaption><\/figure><\/div>\n\n\n<p>O primeiro dia do evento registrou 137 participantes e integrantes de 46 se\u00e7\u00f5es sindicais do Sinasefe. Os debates giraram em torno das carreiras docente (fundamentalmente a carreira EBTT) e dos t\u00e9cnico-administrativos (fundamentalmente a carreira PCCTAE), com espa\u00e7o tamb\u00e9m para di\u00e1logo sobre outras carreiras, como o PGPE e o PUCRCE.<\/p>\n\n\n\n<p>Atrav\u00e9s dos debates coletivos, espera-se municiar a categoria sobre o tema da reestrutura\u00e7\u00e3o das carreiras, tendo em vista a abertura de Mesas de Negocia\u00e7\u00e3o Setoriais junto ao Governo Federal.<\/p>\n\n\n\n<h2 class=\"wp-block-heading\"><strong>Carreira \u00danica<\/strong><\/h2>\n\n\n\n<p>O ponto de pauta que tratou da elabora\u00e7\u00e3o da Carreira \u00danica&nbsp;<em>versus<\/em>&nbsp;a elabora\u00e7\u00e3o de Carreiras em Separado (t\u00e9cnico-administrativos e docentes) contou com interven\u00e7\u00f5es da CNS [Comiss\u00e3o Nacional de Supervis\u00e3o], da CND [Comiss\u00e3o Nacional Docente] e dos representantes das&nbsp;<a href=\"https:\/\/sinasefe.org.br\/site\/secoes-sindicais\/\" target=\"_blank\" rel=\"noreferrer noopener\">se\u00e7\u00f5es sindicais<\/a>, que trouxeram para este debate (iniciado no GT Carreira de maio deste ano) o retorno das bases.<\/p>\n\n\n\n<p>Foi aprovado pelos participantes do GT que a proposta de Carreira \u00danica seja apresentada e debatida com outras entidades classistas da educa\u00e7\u00e3o federal (<a href=\"https:\/\/www.andes.org.br\/\" target=\"_blank\" rel=\"noreferrer noopener\">Andes-SN<\/a>&nbsp;e&nbsp;<a href=\"https:\/\/fasubra.org.br\/\" target=\"_blank\" rel=\"noreferrer noopener\">Fasubra<\/a>).<\/p>\n\n\n\n<p>Caso Andes-SN e Fasubra n\u00e3o tenham acordo sobre a defesa da Carreira \u00danica, o SINASEFE apresentar\u00e1 propostas em separado para carreiras de t\u00e9cnico-administrativos e docentes, contendo os princ\u00edpios da Carreira \u00danica em cada uma delas.<\/p>\n\n\n\n<h2 class=\"wp-block-heading\"><strong>N\u00edveis, padr\u00f5es e classifica\u00e7\u00f5es<\/strong><\/h2>\n\n\n\n<p>O ponto de pauta mais longo da quarta-feira abordou a redu\u00e7\u00e3o do n\u00famero de n\u00edveis de classifica\u00e7\u00e3o e a redu\u00e7\u00e3o dos padr\u00f5es de vencimento, por n\u00edveis de classifica\u00e7\u00e3o.<\/p>\n\n\n\n<p>Em vota\u00e7\u00f5es, foi aprovado pelo GT que o SINASEFE defender\u00e1:<\/p>\n\n\n\n<ul class=\"wp-block-list\">\n<li>a modifica\u00e7\u00e3o da atual estrutura das carreiras;<\/li>\n\n\n\n<li>tr\u00eas n\u00edveis de classifica\u00e7\u00e3o (C, D e E) para a estrutura da Carreira \u00danica;<\/li>\n\n\n\n<li>13 padr\u00f5es de vencimento, por n\u00edveis de classifica\u00e7\u00e3o;<\/li>\n\n\n\n<li>oito padr\u00f5es de capacita\u00e7\u00e3o.<\/li>\n<\/ul>\n\n\n\n<h2 class=\"wp-block-heading\"><strong>Racionaliza\u00e7\u00e3o<\/strong><\/h2>\n\n\n<div class=\"wp-block-image is-style-default\">\n<figure class=\"alignleft size-full is-resized\"><img decoding=\"async\" src=\"https:\/\/sinasefesm.com\/wp-content\/uploads\/2023\/06\/CAR-2.jpg\" alt=\"\" class=\"wp-image-6080\" width=\"597\" height=\"398\"\/><\/figure><\/div>\n\n\n<p>O \u00faltimo ponto do 1\u00ba dia do GT foi o debate sobre a racionaliza\u00e7\u00e3o dos cargos do PCCTAE, que foi iniciado \u00e0s 18h30 e prosseguiu at\u00e9 \u00e0s 19h20min, aproveitando o tempo dispon\u00edvel da&nbsp;<a href=\"https:\/\/sinasefe.org.br\/site\/gt-carreira-docentes-e-tecnico-administrativos-14-e-15-06-em-brasilia-df\/\" target=\"_blank\" rel=\"noreferrer noopener\">programa\u00e7\u00e3o prevista<\/a>.<\/p>\n\n\n\n<p>Miriane Fonseca avalia que o primeiro dia do 2\u00ba GT Carreira foi muito produtivo e oportunizou o contato com outras realidades, e inclusive uma reflex\u00e3o maior sobre as possibilidades de carreira \u00fanica.<\/p>\n\n\n\n<p>\u201cO saldo foi bem positivo. H\u00e1 um movimento geral de debate bastante amplo, respeitoso e participativo. O Sinasefe est\u00e1 fazendo todos os esfor\u00e7os para construir uma carreira que atenda as demandas de uma grande maioria. H\u00e1 comprometimento muito grande das duas comiss\u00f5es, CNS e CND, nesse di\u00e1logo com a base e com as pessoas que vieram discutir essas pautas. Estamos no caminho certo para a constru\u00e7\u00e3o de uma carreira \u00fanica (talvez posteriormente), mas, no agora, de carreiras TAE e Docente EBTT mais qualificadas e cuidadosas. Foi mencionada, tamb\u00e9m, a grande representa\u00e7\u00e3o das bases no evento, o que explicita a import\u00e2ncia que as se\u00e7\u00f5es t\u00eam dado para esse tema\u201d, partilha Miriane.<\/p>\n\n\n\n<p>Nesta sexta, confira aqui em nosso site como foi o segundo dia do GT Carreira, que versou mais especificamente sobre a carreira docente.<\/p>\n\n\n<div class=\"wp-block-image is-style-default\">\n<figure class=\"aligncenter size-full is-resized\"><img decoding=\"async\" src=\"https:\/\/sinasefesm.com\/wp-content\/uploads\/2023\/06\/CAR-3.jpg\" alt=\"\" class=\"wp-image-6081\" width=\"713\" height=\"475\"\/><\/figure><\/div>","protected":false},"excerpt":{"rendered":"<p>Tendo iniciado na \u00faltima quarta-feira, 14, em Bras\u00edlia, a 2\u00aa reuni\u00e3o do Grupo de Trabalho (GT) sobre Carreira do Sinasefe se estende at\u00e9 a noite desta quinta, 15, com representa\u00e7\u00e3o de dois dirigentes da se\u00e7\u00e3o sindical de Santa Maria: Jnike air max sale outlet nike air jordan 1 retro fantasy football trophies custom nfl jerseys<\/p>\n","protected":false},"author":3,"featured_media":6076,"comment_status":"closed","ping_status":"closed","sticky":false,"template":"","format":"standard","meta":{"footnotes":""},"categories":[37,39,42,45],"tags":[],"class_list":{"0":"post-6075","1":"post","2":"type-post","3":"status-publish","4":"format-standard","5":"has-post-thumbnail","7":"category-destaque","8":"category-eventos","9":"category-noticia","10":"category-sindicato"},"_links":{"self":[{"href":"https:\/\/sinasefesm.com\/index.php\/wp-json\/wp\/v2\/posts\/6075","targetHints":{"allow":["GET"]}}],"collection":[{"href":"https:\/\/sinasefesm.com\/index.php\/wp-json\/wp\/v2\/posts"}],"about":[{"href":"https:\/\/sinasefesm.com\/index.php\/wp-json\/wp\/v2\/types\/post"}],"author":[{"embeddable":true,"href":"https:\/\/sinasefesm.com\/index.php\/wp-json\/wp\/v2\/users\/3"}],"replies":[{"embeddable":true,"href":"https:\/\/sinasefesm.com\/index.php\/wp-json\/wp\/v2\/comments?post=6075"}],"version-history":[{"count":0,"href":"https:\/\/sinasefesm.com\/index.php\/wp-json\/wp\/v2\/posts\/6075\/revisions"}],"wp:featuredmedia":[{"embeddable":true,"href":"https:\/\/sinasefesm.com\/index.php\/wp-json\/wp\/v2\/media\/6076"}],"wp:attachment":[{"href":"https:\/\/sinasefesm.com\/index.php\/wp-json\/wp\/v2\/media?parent=6075"}],"wp:term":[{"taxonomy":"category","embeddable":true,"href":"https:\/\/sinasefesm.com\/index.php\/wp-json\/wp\/v2\/categories?post=6075"},{"taxonomy":"post_tag","embeddable":true,"href":"https:\/\/sinasefesm.com\/index.php\/wp-json\/wp\/v2\/tags?post=6075"}],"curies":[{"name":"wp","href":"https:\/\/api.w.org\/{rel}","templated":true}]}}